{"id":97720,"date":"2025-05-25T08:09:10","date_gmt":"2025-05-25T08:09:10","guid":{"rendered":"https:\/\/www.septinoticias.com.mx\/?p=97720"},"modified":"2025-05-25T17:10:07","modified_gmt":"2025-05-25T17:10:07","slug":"orientacion-y-buen-trato-durante-las-rutas-de-la-transformacion","status":"publish","type":"post","link":"https:\/\/www.septinoticias.com.mx\/?p=97720","title":{"rendered":"Orientaci\u00f3n y Buen Trato Durante Las Rutas de la Transformaci\u00f3n"},"content":{"rendered":"\t\t<div data-elementor-type=\"wp-post\" data-elementor-id=\"97720\" class=\"elementor elementor-97720\">\n\t\t\t\t\t\t\t\t\t<section class=\"elementor-section elementor-top-section elementor-element elementor-element-20bbcd3b elementor-section-boxed elementor-section-height-default elementor-section-height-default\" data-id=\"20bbcd3b\" data-element_type=\"section\">\n\t\t\t\t\t\t<div class=\"elementor-container elementor-column-gap-default\">\n\t\t\t\t\t<div class=\"elementor-column elementor-col-100 elementor-top-column elementor-element elementor-element-33be02ef\" data-id=\"33be02ef\" data-element_type=\"column\">\n\t\t\t<div class=\"elementor-widget-wrap elementor-element-populated\">\n\t\t\t\t\t\t\t\t<div class=\"elementor-element elementor-element-6c4a91f9 elementor-widget elementor-widget-text-editor\" data-id=\"6c4a91f9\" data-element_type=\"widget\" data-widget_type=\"text-editor.default\">\n\t\t\t\t<div class=\"elementor-widget-container\">\n\t\t\t<style>\/*! elementor - v3.10.1 - 17-01-2023 *\/\n.elementor-widget-text-editor.elementor-drop-cap-view-stacked .elementor-drop-cap{background-color:#818a91;color:#fff}.elementor-widget-text-editor.elementor-drop-cap-view-framed .elementor-drop-cap{color:#818a91;border:3px solid;background-color:transparent}.elementor-widget-text-editor:not(.elementor-drop-cap-view-default) .elementor-drop-cap{margin-top:8px}.elementor-widget-text-editor:not(.elementor-drop-cap-view-default) .elementor-drop-cap-letter{width:1em;height:1em}.elementor-widget-text-editor .elementor-drop-cap{float:left;text-align:center;line-height:1;font-size:50px}.elementor-widget-text-editor .elementor-drop-cap-letter{display:inline-block}<\/style>\t\t\t\t<p><strong>-Feria de servicios permite a j\u00f3venes y adultos acceder a mejores oportunidades laborales <\/strong><\/p><p><strong>Pachuca, Hgo., 24 de mayo de 2025.-<\/strong>Leslie Moreno Aspeitia, originaria de la comunidad de San Jos\u00e9 Tepenene, municipio del Arenal, acudi\u00f3 a las Rutas de la Transformaci\u00f3n que se celebraron en su localidad en busca de empleo:<\/p><p>\u201cAqu\u00ed en nuestro municipio hay muchos j\u00f3venes desempleados, ya no tuvimos la oportunidad de continuar con la universidad, en mi caso, y estoy en busca de empleo, soy t\u00e9cnico en puericultura, y fue mi opci\u00f3n para venir a buscar algo\u201d.<\/p><p>Pidi\u00f3 que este tipo de encuentros no se hagan una sola vez, pues considera que la presencia de personas especializadas en diversos temas aumenta la oportunidad, por ejemplo, de encontrar una vacante disponible en materia laboral.<\/p><p>En su b\u00fasqueda, consider\u00f3 que el acompa\u00f1amiento de las autoridades ha sido grato, \u201csobre todo las personas que vienen y nos llevan muy bien de la mano, sobre todo, nos orientan, es lo que nos hace falta, muchos de nosotros, los adultos mayores incluso, hasta a veces nosotros, a veces tanta tecnolog\u00eda, pues no, no nos ha servido\u201d.<\/p><p>Este tipo de atenci\u00f3n, consider\u00f3, ha beneficiado a su comunidad, pero tambi\u00e9n a personas de municipios vecinos, debido a que se enfrentan a factores como la falta de experiencia o incluso el manejo de diversas herramientas para llevar a cabo una b\u00fasqueda \u00f3ptima de alguna vacante.<\/p><p>Finalmente, invit\u00f3 a todas las personas que tengan oportunidad de acudir a algunas de las Ferias de Servicios a que se acerquen para pedir orientaci\u00f3n, preguntar por los diferentes servicios que se dan y, sobre todo, aprovechar la experiencia de quienes est\u00e1n para facilitar tr\u00e1mites e informaci\u00f3n a todos los hidalguenses y sus familias.<\/p>\t\t\t\t\t\t<\/div>\n\t\t\t\t<\/div>\n\t\t\t\t\t<\/div>\n\t\t<\/div>\n\t\t\t\t\t\t\t<\/div>\n\t\t<\/section>\n\t\t\t\t\t\t\t<\/div>\n\t\t","protected":false},"excerpt":{"rendered":"<p>-Feria de servicios permite a j\u00f3venes y adultos acceder a mejores oportunidades laborales Pachuca, Hgo., 24 de mayo de 2025.-Leslie Moreno Aspeitia, originaria de la comunidad de San Jos\u00e9 Tepenene, municipio del Arenal, acudi\u00f3 a las Rutas de la Transformaci\u00f3n que se celebraron en su localidad en busca de empleo: \u201cAqu\u00ed en nuestro municipio hay [&hellip;]<\/p>\n","protected":false},"author":1,"featured_media":97722,"comment_status":"closed","ping_status":"closed","sticky":false,"template":"","format":"standard","meta":[],"categories":[9],"tags":[],"_links":{"self":[{"href":"https:\/\/www.septinoticias.com.mx\/index.php?rest_route=\/wp\/v2\/posts\/97720"}],"collection":[{"href":"https:\/\/www.septinoticias.com.mx\/index.php?rest_route=\/wp\/v2\/posts"}],"about":[{"href":"https:\/\/www.septinoticias.com.mx\/index.php?rest_route=\/wp\/v2\/types\/post"}],"author":[{"embeddable":true,"href":"https:\/\/www.septinoticias.com.mx\/index.php?rest_route=\/wp\/v2\/users\/1"}],"replies":[{"embeddable":true,"href":"https:\/\/www.septinoticias.com.mx\/index.php?rest_route=%2Fwp%2Fv2%2Fcomments&post=97720"}],"version-history":[{"count":4,"href":"https:\/\/www.septinoticias.com.mx\/index.php?rest_route=\/wp\/v2\/posts\/97720\/revisions"}],"predecessor-version":[{"id":97725,"href":"https:\/\/www.septinoticias.com.mx\/index.php?rest_route=\/wp\/v2\/posts\/97720\/revisions\/97725"}],"wp:featuredmedia":[{"embeddable":true,"href":"https:\/\/www.septinoticias.com.mx\/index.php?rest_route=\/wp\/v2\/media\/97722"}],"wp:attachment":[{"href":"https:\/\/www.septinoticias.com.mx\/index.php?rest_route=%2Fwp%2Fv2%2Fmedia&parent=97720"}],"wp:term":[{"taxonomy":"category","embeddable":true,"href":"https:\/\/www.septinoticias.com.mx\/index.php?rest_route=%2Fwp%2Fv2%2Fcategories&post=97720"},{"taxonomy":"post_tag","embeddable":true,"href":"https:\/\/www.septinoticias.com.mx\/index.php?rest_route=%2Fwp%2Fv2%2Ftags&post=97720"}],"curies":[{"name":"wp","href":"https:\/\/api.w.org\/{rel}","templated":true}]}}