{"id":97707,"date":"2025-05-25T08:03:29","date_gmt":"2025-05-25T08:03:29","guid":{"rendered":"https:\/\/www.septinoticias.com.mx\/?p=97707"},"modified":"2025-05-25T17:05:24","modified_gmt":"2025-05-25T17:05:24","slug":"sheinbaum-aumento-salarial-al-magisterio-por-encima-de-la-inflacion","status":"publish","type":"post","link":"https:\/\/www.septinoticias.com.mx\/?p=97707","title":{"rendered":"Sheinbaum: Aumento Salarial al Magisterio, Por Encima de la Inflaci\u00f3n"},"content":{"rendered":"\t\t<div data-elementor-type=\"wp-post\" data-elementor-id=\"97707\" class=\"elementor elementor-97707\">\n\t\t\t\t\t\t\t\t\t<section class=\"elementor-section elementor-top-section elementor-element elementor-element-20bbcd3b elementor-section-boxed elementor-section-height-default elementor-section-height-default\" data-id=\"20bbcd3b\" data-element_type=\"section\">\n\t\t\t\t\t\t<div class=\"elementor-container elementor-column-gap-default\">\n\t\t\t\t\t<div class=\"elementor-column elementor-col-100 elementor-top-column elementor-element elementor-element-33be02ef\" data-id=\"33be02ef\" data-element_type=\"column\">\n\t\t\t<div class=\"elementor-widget-wrap elementor-element-populated\">\n\t\t\t\t\t\t\t\t<div class=\"elementor-element elementor-element-6c4a91f9 elementor-widget elementor-widget-text-editor\" data-id=\"6c4a91f9\" data-element_type=\"widget\" data-widget_type=\"text-editor.default\">\n\t\t\t\t<div class=\"elementor-widget-container\">\n\t\t\t<style>\/*! elementor - v3.10.1 - 17-01-2023 *\/\n.elementor-widget-text-editor.elementor-drop-cap-view-stacked .elementor-drop-cap{background-color:#818a91;color:#fff}.elementor-widget-text-editor.elementor-drop-cap-view-framed .elementor-drop-cap{color:#818a91;border:3px solid;background-color:transparent}.elementor-widget-text-editor:not(.elementor-drop-cap-view-default) .elementor-drop-cap{margin-top:8px}.elementor-widget-text-editor:not(.elementor-drop-cap-view-default) .elementor-drop-cap-letter{width:1em;height:1em}.elementor-widget-text-editor .elementor-drop-cap{float:left;text-align:center;line-height:1;font-size:50px}.elementor-widget-text-editor .elementor-drop-cap-letter{display:inline-block}<\/style>\t\t\t\t<p><strong>San Luis Potosi, 24 de Mayo 2025.- <\/strong>Durante los \u201cgobiernos del pasado\u201d, el salario de los maestros del pa\u00eds aumentaba anualmente s\u00f3lo a la par de lo que lo hac\u00eda la inflaci\u00f3n. En contraste, este a\u00f1o estar\u00e1 por arriba del promedio del salario de los trabajadores registrados ante el Instituto Mexicano del Seguro Social (IMSS) despu\u00e9s del incremento anunciado para el magisterio, sostuvo este s\u00e1bado la presidenta Claudia Sheinbaum Pardo dentro de la gira de trabajo que realiz\u00f3 la mandataria por San Luis Potos\u00ed, present\u00f3 una serie de proyectos de obras para la regi\u00f3n, entre los que destac\u00f3 carreteras y la ampliaci\u00f3n del proyecto del tren M\u00e9xico-Quer\u00e9taro, que continuar\u00e1 en su ruta hasta la capital potosina.\u00a0<\/p><p>En Valle Hidalgo Sheinbaum Pardo encabez\u00f3 un acto ante cientos de personas que acudieron a la unidad deportiva de la demarcaci\u00f3n, en el que, al mismo tiempo que funcionarios federales explicaban a la presidenta dichos proyectos, cuando \u00a0un grupo de poco menos de una veintena de integrantes de la Coordinadora Nacional de Trabajadores de la Educaci\u00f3n (CNTE), quienes se han manifestado durante las \u00faltimas semanas en la Ciudad de M\u00e9xico, lanzaron consignas para replicar sus demandas, principalmente la abrogaci\u00f3n de Ley del Instituto de Seguridad y Servicios Sociales de los Trabajadores del Estado (Issste) 2007.<\/p><p>Ante la insistencia en sus gritos y reclamos, que se confund\u00edan entre las porras y gritos de los asistentes, hizo que la jefa del Ejecutivo federal, llamara a los asistentes a escuchar los mensajes.\u00a0<\/p><p>\u201cVamos a poner a votaci\u00f3n algo: \u00bfNos vamos a o\u00edr entre todos?, \u00bfqui\u00e9n est\u00e1 de acuerdo en que nos oigamos en esta asamblea?\u201d, pregunt\u00f3 Sheinbaum Pardo.\u00a0<\/p><p>La respuesta afirmativa de la mayor\u00eda de los asistentes, agreg\u00f3: \u201cLas libertades tambi\u00e9n significan libertades para todas y todos, y tambi\u00e9n son responsabilidades. Siempre hay que tener respeto entre nosotros\u201d.\u00a0<\/p><p>Minutos despu\u00e9s, al mantenerse los gritos de los integrantes de la Coordinadora, hizo una pausa y pregunt\u00f3: \u00bf\u201d A ver, quien vota porque los compa\u00f1eros respeten el mitin, la asamblea?\u201d.<\/p><p>La respuesta fue gritos de \u201cfuera, fuera\u201d, indic\u00f3: \u201cVamos a dejarlos, a respetarlos, pero ya escucharon lo que piensa toda la asamblea\u201d.<\/p><p>Luego destac\u00f3: \u201cLos gobiernos del pasado, que algunos a\u00f1oran, los gobiernos del pasado solamente ve\u00edan a algunos cuantos. F\u00edjense, esos gobiernos del pasado daban salarios a los maestros en donde el aumento salarial solo era de la inflaci\u00f3n.<\/p><p>\u00a0Ahora el aumento salarial de 2012 a la fecha es el doble para las maestras y maestros de M\u00e9xico. El presidente Andr\u00e9s Manuel L\u00f3pez Obrador se comprometi\u00f3 a que el salario del magisterio siempre iba a ser equivalente al salario medio de cualquier trabajador del IMSS, del promedio. Este a\u00f1o que dimos 9 por ciento de aumento salarial, m\u00e1s 1 (por ciento) en septiembre, va a quedar por encima del salario medio del IMSS\u201d.<\/p><p>De inmediato cesaron las consignas mientras la mandataria explic\u00f3 que, entre los proyectos previstos para San Luis Potos\u00ed, se encuentran acciones para atender el tema del agua potable. Adelant\u00f3 que en cuanto est\u00e9n listos, ser\u00e1n presentados junto con el gobernador Ricardo Gallardo, quien tambi\u00e9n particip\u00f3 en el acto.\u00a0<\/p>\t\t\t\t\t\t<\/div>\n\t\t\t\t<\/div>\n\t\t\t\t\t<\/div>\n\t\t<\/div>\n\t\t\t\t\t\t\t<\/div>\n\t\t<\/section>\n\t\t\t\t\t\t\t<\/div>\n\t\t","protected":false},"excerpt":{"rendered":"<p>San Luis Potosi, 24 de Mayo 2025.- Durante los \u201cgobiernos del pasado\u201d, el salario de los maestros del pa\u00eds aumentaba anualmente s\u00f3lo a la par de lo que lo hac\u00eda la inflaci\u00f3n. En contraste, este a\u00f1o estar\u00e1 por arriba del promedio del salario de los trabajadores registrados ante el Instituto Mexicano del Seguro Social (IMSS) [&hellip;]<\/p>\n","protected":false},"author":1,"featured_media":97709,"comment_status":"closed","ping_status":"closed","sticky":false,"template":"","format":"standard","meta":[],"categories":[5],"tags":[],"_links":{"self":[{"href":"https:\/\/www.septinoticias.com.mx\/index.php?rest_route=\/wp\/v2\/posts\/97707"}],"collection":[{"href":"https:\/\/www.septinoticias.com.mx\/index.php?rest_route=\/wp\/v2\/posts"}],"about":[{"href":"https:\/\/www.septinoticias.com.mx\/index.php?rest_route=\/wp\/v2\/types\/post"}],"author":[{"embeddable":true,"href":"https:\/\/www.septinoticias.com.mx\/index.php?rest_route=\/wp\/v2\/users\/1"}],"replies":[{"embeddable":true,"href":"https:\/\/www.septinoticias.com.mx\/index.php?rest_route=%2Fwp%2Fv2%2Fcomments&post=97707"}],"version-history":[{"count":4,"href":"https:\/\/www.septinoticias.com.mx\/index.php?rest_route=\/wp\/v2\/posts\/97707\/revisions"}],"predecessor-version":[{"id":97712,"href":"https:\/\/www.septinoticias.com.mx\/index.php?rest_route=\/wp\/v2\/posts\/97707\/revisions\/97712"}],"wp:featuredmedia":[{"embeddable":true,"href":"https:\/\/www.septinoticias.com.mx\/index.php?rest_route=\/wp\/v2\/media\/97709"}],"wp:attachment":[{"href":"https:\/\/www.septinoticias.com.mx\/index.php?rest_route=%2Fwp%2Fv2%2Fmedia&parent=97707"}],"wp:term":[{"taxonomy":"category","embeddable":true,"href":"https:\/\/www.septinoticias.com.mx\/index.php?rest_route=%2Fwp%2Fv2%2Fcategories&post=97707"},{"taxonomy":"post_tag","embeddable":true,"href":"https:\/\/www.septinoticias.com.mx\/index.php?rest_route=%2Fwp%2Fv2%2Ftags&post=97707"}],"curies":[{"name":"wp","href":"https:\/\/api.w.org\/{rel}","templated":true}]}}