{"id":97696,"date":"2025-05-25T07:55:34","date_gmt":"2025-05-25T07:55:34","guid":{"rendered":"https:\/\/www.septinoticias.com.mx\/?p=97696"},"modified":"2025-05-25T16:56:16","modified_gmt":"2025-05-25T16:56:16","slug":"inaugura-upt-semana-de-la-construccion-2025","status":"publish","type":"post","link":"https:\/\/www.septinoticias.com.mx\/?p=97696","title":{"rendered":"Inaugura UPT \u201cSemana de la Construcci\u00f3n 2025\u201d"},"content":{"rendered":"\t\t<div data-elementor-type=\"wp-post\" data-elementor-id=\"97696\" class=\"elementor elementor-97696\">\n\t\t\t\t\t\t\t\t\t<section class=\"elementor-section elementor-top-section elementor-element elementor-element-20bbcd3b elementor-section-boxed elementor-section-height-default elementor-section-height-default\" data-id=\"20bbcd3b\" data-element_type=\"section\">\n\t\t\t\t\t\t<div class=\"elementor-container elementor-column-gap-default\">\n\t\t\t\t\t<div class=\"elementor-column elementor-col-100 elementor-top-column elementor-element elementor-element-33be02ef\" data-id=\"33be02ef\" data-element_type=\"column\">\n\t\t\t<div class=\"elementor-widget-wrap elementor-element-populated\">\n\t\t\t\t\t\t\t\t<div class=\"elementor-element elementor-element-6c4a91f9 elementor-widget elementor-widget-text-editor\" data-id=\"6c4a91f9\" data-element_type=\"widget\" data-widget_type=\"text-editor.default\">\n\t\t\t\t<div class=\"elementor-widget-container\">\n\t\t\t<style>\/*! elementor - v3.10.1 - 17-01-2023 *\/\n.elementor-widget-text-editor.elementor-drop-cap-view-stacked .elementor-drop-cap{background-color:#818a91;color:#fff}.elementor-widget-text-editor.elementor-drop-cap-view-framed .elementor-drop-cap{color:#818a91;border:3px solid;background-color:transparent}.elementor-widget-text-editor:not(.elementor-drop-cap-view-default) .elementor-drop-cap{margin-top:8px}.elementor-widget-text-editor:not(.elementor-drop-cap-view-default) .elementor-drop-cap-letter{width:1em;height:1em}.elementor-widget-text-editor .elementor-drop-cap{float:left;text-align:center;line-height:1;font-size:50px}.elementor-widget-text-editor .elementor-drop-cap-letter{display:inline-block}<\/style>\t\t\t\t<p><strong>-Los alumnos participan en diversas actividades que los vincula con el sector productivo<\/strong><\/p><p><strong>Pachuca, Hgo., 25 de Mayo de 2025.- <\/strong>La Universidad Polit\u00e9cnica de Tulancingo (UPT) inaugur\u00f3 la \u201cSemana de la Construcci\u00f3n 2025\u201d, donde participar\u00e1n estudiantes de los programas educativos de Ingenier\u00eda Civil y de la Licenciatura de Arquitectura, con el objetivo de seguir fortaleciendo la educaci\u00f3n integral de los estudiantes con actividades que vinculan el \u00e1mbito acad\u00e9mico con el sector productivo.<\/p><p>El rector de la instituci\u00f3n, Felipe Olimpo Dur\u00e1n Rocha, destac\u00f3 la importancia de conectar la teor\u00eda con la pr\u00e1ctica, acercando herramientas actualizadas que reforzar\u00e1n el conocimiento adquirido en el aula.<\/p><p>Inform\u00f3 que los alumnos podr\u00e1n participar en concursos como fotograf\u00eda, cruz de arte, pega block y el ya tradicional \u201cpuente de palitos\u201d, de igual manera se realizan actividades recreativas como el torneo de f\u00fatbol r\u00e1pido, rally deportivo y feria de proveedores.<\/p><p>Los integrantes de los Cap\u00edtulos Estudiantiles de la Asociaci\u00f3n Mexicana de Hidr\u00e1ulica (AMH) y de la Asociaci\u00f3n Mexicana de V\u00edas Terrestres (AMIVTAC), contribuyeron a esta celebraci\u00f3n invitando a participar a diversos ponentes reconocidos en el \u00e1mbito de la construcci\u00f3n y arquitectura, en la cual se promueve el desarrollo de competencias profesionales, enriqueciendo su formaci\u00f3n profesional.<\/p><p>Dur\u00e1n Rocha expres\u00f3 su agradecimiento a los coordinadores de ambas carreras, Elsa Adriana Vargas Bautista y Diego Fernando Castillo Mimila, as\u00ed como a los docentes y estudiantes que organizaron esta Semana de la Construcci\u00f3n 2025, confirmando as\u00ed, que la instituci\u00f3n contin\u00faa formando profesionistas altamente capacitados y l\u00edderes en cada actividad que desempe\u00f1an.<\/p>\t\t\t\t\t\t<\/div>\n\t\t\t\t<\/div>\n\t\t\t\t\t<\/div>\n\t\t<\/div>\n\t\t\t\t\t\t\t<\/div>\n\t\t<\/section>\n\t\t\t\t\t\t\t<\/div>\n\t\t","protected":false},"excerpt":{"rendered":"<p>-Los alumnos participan en diversas actividades que los vincula con el sector productivo Pachuca, Hgo., 25 de Mayo de 2025.- La Universidad Polit\u00e9cnica de Tulancingo (UPT) inaugur\u00f3 la \u201cSemana de la Construcci\u00f3n 2025\u201d, donde participar\u00e1n estudiantes de los programas educativos de Ingenier\u00eda Civil y de la Licenciatura de Arquitectura, con el objetivo de seguir fortaleciendo [&hellip;]<\/p>\n","protected":false},"author":1,"featured_media":97698,"comment_status":"closed","ping_status":"closed","sticky":false,"template":"","format":"standard","meta":[],"categories":[4],"tags":[],"_links":{"self":[{"href":"https:\/\/www.septinoticias.com.mx\/index.php?rest_route=\/wp\/v2\/posts\/97696"}],"collection":[{"href":"https:\/\/www.septinoticias.com.mx\/index.php?rest_route=\/wp\/v2\/posts"}],"about":[{"href":"https:\/\/www.septinoticias.com.mx\/index.php?rest_route=\/wp\/v2\/types\/post"}],"author":[{"embeddable":true,"href":"https:\/\/www.septinoticias.com.mx\/index.php?rest_route=\/wp\/v2\/users\/1"}],"replies":[{"embeddable":true,"href":"https:\/\/www.septinoticias.com.mx\/index.php?rest_route=%2Fwp%2Fv2%2Fcomments&post=97696"}],"version-history":[{"count":4,"href":"https:\/\/www.septinoticias.com.mx\/index.php?rest_route=\/wp\/v2\/posts\/97696\/revisions"}],"predecessor-version":[{"id":97701,"href":"https:\/\/www.septinoticias.com.mx\/index.php?rest_route=\/wp\/v2\/posts\/97696\/revisions\/97701"}],"wp:featuredmedia":[{"embeddable":true,"href":"https:\/\/www.septinoticias.com.mx\/index.php?rest_route=\/wp\/v2\/media\/97698"}],"wp:attachment":[{"href":"https:\/\/www.septinoticias.com.mx\/index.php?rest_route=%2Fwp%2Fv2%2Fmedia&parent=97696"}],"wp:term":[{"taxonomy":"category","embeddable":true,"href":"https:\/\/www.septinoticias.com.mx\/index.php?rest_route=%2Fwp%2Fv2%2Fcategories&post=97696"},{"taxonomy":"post_tag","embeddable":true,"href":"https:\/\/www.septinoticias.com.mx\/index.php?rest_route=%2Fwp%2Fv2%2Ftags&post=97696"}],"curies":[{"name":"wp","href":"https:\/\/api.w.org\/{rel}","templated":true}]}}