{"id":97042,"date":"2025-05-20T07:33:10","date_gmt":"2025-05-20T07:33:10","guid":{"rendered":"https:\/\/www.septinoticias.com.mx\/?p=97042"},"modified":"2025-05-20T17:33:58","modified_gmt":"2025-05-20T17:33:58","slug":"un-estudiante-de-la-secundaria-numero-7-de-pachuca-se-suicido-en-los-banos-del-plantel","status":"publish","type":"post","link":"https:\/\/www.septinoticias.com.mx\/?p=97042","title":{"rendered":"Un Estudiante de la Secundaria Numero 7 de Pachuca se Suicid\u00f3 en los Ba\u00f1os del Plantel"},"content":{"rendered":"\t\t<div data-elementor-type=\"wp-post\" data-elementor-id=\"97042\" class=\"elementor elementor-97042\">\n\t\t\t\t\t\t\t\t\t<section class=\"elementor-section elementor-top-section elementor-element elementor-element-20bbcd3b elementor-section-boxed elementor-section-height-default elementor-section-height-default\" data-id=\"20bbcd3b\" data-element_type=\"section\">\n\t\t\t\t\t\t<div class=\"elementor-container elementor-column-gap-default\">\n\t\t\t\t\t<div class=\"elementor-column elementor-col-100 elementor-top-column elementor-element elementor-element-33be02ef\" data-id=\"33be02ef\" data-element_type=\"column\">\n\t\t\t<div class=\"elementor-widget-wrap elementor-element-populated\">\n\t\t\t\t\t\t\t\t<div class=\"elementor-element elementor-element-6c4a91f9 elementor-widget elementor-widget-text-editor\" data-id=\"6c4a91f9\" data-element_type=\"widget\" data-widget_type=\"text-editor.default\">\n\t\t\t\t<div class=\"elementor-widget-container\">\n\t\t\t<style>\/*! elementor - v3.10.1 - 17-01-2023 *\/\n.elementor-widget-text-editor.elementor-drop-cap-view-stacked .elementor-drop-cap{background-color:#818a91;color:#fff}.elementor-widget-text-editor.elementor-drop-cap-view-framed .elementor-drop-cap{color:#818a91;border:3px solid;background-color:transparent}.elementor-widget-text-editor:not(.elementor-drop-cap-view-default) .elementor-drop-cap{margin-top:8px}.elementor-widget-text-editor:not(.elementor-drop-cap-view-default) .elementor-drop-cap-letter{width:1em;height:1em}.elementor-widget-text-editor .elementor-drop-cap{float:left;text-align:center;line-height:1;font-size:50px}.elementor-widget-text-editor .elementor-drop-cap-letter{display:inline-block}<\/style>\t\t\t\t<p><strong>Pachuca, Hgo., 19 de mayo 2025.- <\/strong>Un estudiante de la Secundaria General No. 7, ubicada en Pachuca, perdi\u00f3 la vida al interior de los ba\u00f1os del plantel. Directivos actuaron de forma inmediata conforme al protocolo establecido: brindaron primeros auxilios, llamaron a emergencias y personal de la SEPH acudi\u00f3 al lugar para ofrecer acompa\u00f1amiento y seguimiento.<\/p><p>De acuerdo con el informe preliminar proporcionado por la polic\u00eda municipal, el hecho fue reportado mediante una llamada a la l\u00ednea de emergencia 911. En ella, se alert\u00f3 sobre la presencia de un alumno inconsciente en los sanitarios de la instituci\u00f3n.<\/p><p>A su llegada, los elementos de seguridad confirmaron el deceso del joven, quien fue encontrado suspendido del cuello con una cuerda en el interior de uno de los ba\u00f1os.<\/p><p>Como consecuencia de estos tristes acontecimientos, la zona fue acordonada de inmediato. Se solicit\u00f3 la intervenci\u00f3n de la procuradur\u00eda general de justicia del estado de Hidalgo (PGJEH) para investigar a fondo lo sucedido. Peritos y agentes de investigaci\u00f3n se presentaron en el lugar con el prop\u00f3sito de realizar el levantamiento del cuerpo y iniciar las diligencias correspondientes.<\/p><p>Hasta el momento, no se ha revelado la identidad del menor, en un acto de respeto hacia sus familiares, y se seguir\u00e1 trabajando en la investigaci\u00f3n para esclarecer las circunstancias que rodearon esta tragedia.<\/p>\t\t\t\t\t\t<\/div>\n\t\t\t\t<\/div>\n\t\t\t\t\t<\/div>\n\t\t<\/div>\n\t\t\t\t\t\t\t<\/div>\n\t\t<\/section>\n\t\t\t\t\t\t\t<\/div>\n\t\t","protected":false},"excerpt":{"rendered":"<p>Pachuca, Hgo., 19 de mayo 2025.- Un estudiante de la Secundaria General No. 7, ubicada en Pachuca, perdi\u00f3 la vida al interior de los ba\u00f1os del plantel. Directivos actuaron de forma inmediata conforme al protocolo establecido: brindaron primeros auxilios, llamaron a emergencias y personal de la SEPH acudi\u00f3 al lugar para ofrecer acompa\u00f1amiento y seguimiento. [&hellip;]<\/p>\n","protected":false},"author":1,"featured_media":97044,"comment_status":"closed","ping_status":"closed","sticky":false,"template":"","format":"standard","meta":[],"categories":[29],"tags":[],"_links":{"self":[{"href":"https:\/\/www.septinoticias.com.mx\/index.php?rest_route=\/wp\/v2\/posts\/97042"}],"collection":[{"href":"https:\/\/www.septinoticias.com.mx\/index.php?rest_route=\/wp\/v2\/posts"}],"about":[{"href":"https:\/\/www.septinoticias.com.mx\/index.php?rest_route=\/wp\/v2\/types\/post"}],"author":[{"embeddable":true,"href":"https:\/\/www.septinoticias.com.mx\/index.php?rest_route=\/wp\/v2\/users\/1"}],"replies":[{"embeddable":true,"href":"https:\/\/www.septinoticias.com.mx\/index.php?rest_route=%2Fwp%2Fv2%2Fcomments&post=97042"}],"version-history":[{"count":4,"href":"https:\/\/www.septinoticias.com.mx\/index.php?rest_route=\/wp\/v2\/posts\/97042\/revisions"}],"predecessor-version":[{"id":97047,"href":"https:\/\/www.septinoticias.com.mx\/index.php?rest_route=\/wp\/v2\/posts\/97042\/revisions\/97047"}],"wp:featuredmedia":[{"embeddable":true,"href":"https:\/\/www.septinoticias.com.mx\/index.php?rest_route=\/wp\/v2\/media\/97044"}],"wp:attachment":[{"href":"https:\/\/www.septinoticias.com.mx\/index.php?rest_route=%2Fwp%2Fv2%2Fmedia&parent=97042"}],"wp:term":[{"taxonomy":"category","embeddable":true,"href":"https:\/\/www.septinoticias.com.mx\/index.php?rest_route=%2Fwp%2Fv2%2Fcategories&post=97042"},{"taxonomy":"post_tag","embeddable":true,"href":"https:\/\/www.septinoticias.com.mx\/index.php?rest_route=%2Fwp%2Fv2%2Ftags&post=97042"}],"curies":[{"name":"wp","href":"https:\/\/api.w.org\/{rel}","templated":true}]}}