{"id":97036,"date":"2025-05-20T07:30:10","date_gmt":"2025-05-20T07:30:10","guid":{"rendered":"https:\/\/www.septinoticias.com.mx\/?p=97036"},"modified":"2025-05-20T17:33:00","modified_gmt":"2025-05-20T17:33:00","slug":"maestra-de-la-primaria-ignacio-zaragoza-de-zapotlan-se-corto-el-cuello-intento-quitarse-la-vida-reporto-el-c5i","status":"publish","type":"post","link":"https:\/\/www.septinoticias.com.mx\/?p=97036","title":{"rendered":"Maestra de la Primaria Ignacio Zaragoza de Zapotl\u00e1n, se Cort\u00f3 el Cuello, Intento Quitarse la Vida, Report\u00f3 El C5i."},"content":{"rendered":"\t\t<div data-elementor-type=\"wp-post\" data-elementor-id=\"97036\" class=\"elementor elementor-97036\">\n\t\t\t\t\t\t\t\t\t<section class=\"elementor-section elementor-top-section elementor-element elementor-element-20bbcd3b elementor-section-boxed elementor-section-height-default elementor-section-height-default\" data-id=\"20bbcd3b\" data-element_type=\"section\">\n\t\t\t\t\t\t<div class=\"elementor-container elementor-column-gap-default\">\n\t\t\t\t\t<div class=\"elementor-column elementor-col-100 elementor-top-column elementor-element elementor-element-33be02ef\" data-id=\"33be02ef\" data-element_type=\"column\">\n\t\t\t<div class=\"elementor-widget-wrap elementor-element-populated\">\n\t\t\t\t\t\t\t\t<div class=\"elementor-element elementor-element-6c4a91f9 elementor-widget elementor-widget-text-editor\" data-id=\"6c4a91f9\" data-element_type=\"widget\" data-widget_type=\"text-editor.default\">\n\t\t\t\t<div class=\"elementor-widget-container\">\n\t\t\t<style>\/*! elementor - v3.10.1 - 17-01-2023 *\/\n.elementor-widget-text-editor.elementor-drop-cap-view-stacked .elementor-drop-cap{background-color:#818a91;color:#fff}.elementor-widget-text-editor.elementor-drop-cap-view-framed .elementor-drop-cap{color:#818a91;border:3px solid;background-color:transparent}.elementor-widget-text-editor:not(.elementor-drop-cap-view-default) .elementor-drop-cap{margin-top:8px}.elementor-widget-text-editor:not(.elementor-drop-cap-view-default) .elementor-drop-cap-letter{width:1em;height:1em}.elementor-widget-text-editor .elementor-drop-cap{float:left;text-align:center;line-height:1;font-size:50px}.elementor-widget-text-editor .elementor-drop-cap-letter{display:inline-block}<\/style>\t\t\t\t<p><strong>Pachuca, Hgo., 19 de mayo 2025.-<\/strong> Este lunes, se report\u00f3 una\u00a0\u00a0 emergencia en una escuela primaria ubicada en Zapotl\u00e1n de Ju\u00e1rez, luego de que una docente intentara quitarse la vida dentro del plantel, de acuerdo con reportes del Centro de Control, Comando, Comunicaciones, C\u00f3mputo, Coordinaci\u00f3n e Inteligencia (C5i).<\/p><p>El hecho se suscit\u00f3 en la primaria Ignacio Zaragoza, de la comunidad de San Pedro Huaquilpan, del municipio de Zapotl\u00e1n de Ju\u00e1rez, una docente atent\u00f3 contra su vida al interior de los ba\u00f1os.<\/p><p>Presuntamente, la mujer se realiz\u00f3 un corte al cuello; sin embargo, se detect\u00f3 lo ocurrido y de inmediato acudi\u00f3 una ambulancia que traslado a la docente a un hospital en Pachuca para recibir atenci\u00f3n m\u00e9dica.<\/p><p>La profesora, de 49 a\u00f1os de edad y con domicilio en el sur de Pachuca, fue hallada con una herida en el cuello al interior de los ba\u00f1os de la Escuela Primaria Ignacio Zaragoza, donde labora.<\/p><p>El reporte fue atendido por la Secretar\u00eda de Seguridad P\u00fablica de Hidalgo (SSPH), que coordin\u00f3 su traslado de urgencia al Hospital Columba Rivera del ISSSTE en Pachuca, donde su estado de salud fue reportado como grave pero estable al momento de su ingreso.<\/p><p>Hasta ahora, no se han dado a conocer detalles adicionales sobre las causas del hecho.<\/p>\t\t\t\t\t\t<\/div>\n\t\t\t\t<\/div>\n\t\t\t\t\t<\/div>\n\t\t<\/div>\n\t\t\t\t\t\t\t<\/div>\n\t\t<\/section>\n\t\t\t\t\t\t\t<\/div>\n\t\t","protected":false},"excerpt":{"rendered":"<p>Pachuca, Hgo., 19 de mayo 2025.- Este lunes, se report\u00f3 una\u00a0\u00a0 emergencia en una escuela primaria ubicada en Zapotl\u00e1n de Ju\u00e1rez, luego de que una docente intentara quitarse la vida dentro del plantel, de acuerdo con reportes del Centro de Control, Comando, Comunicaciones, C\u00f3mputo, Coordinaci\u00f3n e Inteligencia (C5i). El hecho se suscit\u00f3 en la primaria [&hellip;]<\/p>\n","protected":false},"author":1,"featured_media":97038,"comment_status":"closed","ping_status":"closed","sticky":false,"template":"","format":"standard","meta":[],"categories":[29],"tags":[],"_links":{"self":[{"href":"https:\/\/www.septinoticias.com.mx\/index.php?rest_route=\/wp\/v2\/posts\/97036"}],"collection":[{"href":"https:\/\/www.septinoticias.com.mx\/index.php?rest_route=\/wp\/v2\/posts"}],"about":[{"href":"https:\/\/www.septinoticias.com.mx\/index.php?rest_route=\/wp\/v2\/types\/post"}],"author":[{"embeddable":true,"href":"https:\/\/www.septinoticias.com.mx\/index.php?rest_route=\/wp\/v2\/users\/1"}],"replies":[{"embeddable":true,"href":"https:\/\/www.septinoticias.com.mx\/index.php?rest_route=%2Fwp%2Fv2%2Fcomments&post=97036"}],"version-history":[{"count":4,"href":"https:\/\/www.septinoticias.com.mx\/index.php?rest_route=\/wp\/v2\/posts\/97036\/revisions"}],"predecessor-version":[{"id":97041,"href":"https:\/\/www.septinoticias.com.mx\/index.php?rest_route=\/wp\/v2\/posts\/97036\/revisions\/97041"}],"wp:featuredmedia":[{"embeddable":true,"href":"https:\/\/www.septinoticias.com.mx\/index.php?rest_route=\/wp\/v2\/media\/97038"}],"wp:attachment":[{"href":"https:\/\/www.septinoticias.com.mx\/index.php?rest_route=%2Fwp%2Fv2%2Fmedia&parent=97036"}],"wp:term":[{"taxonomy":"category","embeddable":true,"href":"https:\/\/www.septinoticias.com.mx\/index.php?rest_route=%2Fwp%2Fv2%2Fcategories&post=97036"},{"taxonomy":"post_tag","embeddable":true,"href":"https:\/\/www.septinoticias.com.mx\/index.php?rest_route=%2Fwp%2Fv2%2Ftags&post=97036"}],"curies":[{"name":"wp","href":"https:\/\/api.w.org\/{rel}","templated":true}]}}