{"id":96930,"date":"2025-05-19T07:24:27","date_gmt":"2025-05-19T07:24:27","guid":{"rendered":"https:\/\/www.septinoticias.com.mx\/?p=96930"},"modified":"2025-05-19T17:25:29","modified_gmt":"2025-05-19T17:25:29","slug":"cierre-preventivo-en-el-bulevar-everardo-marquez-lluvia-genero-desnivel","status":"publish","type":"post","link":"https:\/\/www.septinoticias.com.mx\/?p=96930","title":{"rendered":"Cierre Preventivo en el Bulevar Everardo M\u00e1rquez, Lluvia Genero Desnivel"},"content":{"rendered":"\t\t<div data-elementor-type=\"wp-post\" data-elementor-id=\"96930\" class=\"elementor elementor-96930\">\n\t\t\t\t\t\t\t\t\t<section class=\"elementor-section elementor-top-section elementor-element elementor-element-20bbcd3b elementor-section-boxed elementor-section-height-default elementor-section-height-default\" data-id=\"20bbcd3b\" data-element_type=\"section\">\n\t\t\t\t\t\t<div class=\"elementor-container elementor-column-gap-default\">\n\t\t\t\t\t<div class=\"elementor-column elementor-col-100 elementor-top-column elementor-element elementor-element-33be02ef\" data-id=\"33be02ef\" data-element_type=\"column\">\n\t\t\t<div class=\"elementor-widget-wrap elementor-element-populated\">\n\t\t\t\t\t\t\t\t<div class=\"elementor-element elementor-element-6c4a91f9 elementor-widget elementor-widget-text-editor\" data-id=\"6c4a91f9\" data-element_type=\"widget\" data-widget_type=\"text-editor.default\">\n\t\t\t\t<div class=\"elementor-widget-container\">\n\t\t\t<style>\/*! elementor - v3.10.1 - 17-01-2023 *\/\n.elementor-widget-text-editor.elementor-drop-cap-view-stacked .elementor-drop-cap{background-color:#818a91;color:#fff}.elementor-widget-text-editor.elementor-drop-cap-view-framed .elementor-drop-cap{color:#818a91;border:3px solid;background-color:transparent}.elementor-widget-text-editor:not(.elementor-drop-cap-view-default) .elementor-drop-cap{margin-top:8px}.elementor-widget-text-editor:not(.elementor-drop-cap-view-default) .elementor-drop-cap-letter{width:1em;height:1em}.elementor-widget-text-editor .elementor-drop-cap{float:left;text-align:center;line-height:1;font-size:50px}.elementor-widget-text-editor .elementor-drop-cap-letter{display:inline-block}<\/style>\t\t\t\t<p><strong>Pachuca, Hgo. 18 de mayo 2025.- <\/strong>La Subsecretar\u00eda de Protecci\u00f3n Civil y Gesti\u00f3n de Riesgos inform\u00f3 que, en coordinaci\u00f3n con la Direcci\u00f3n de Tr\u00e1nsito, se llevar\u00e1 a cabo un cierre preventivo\u00a0en el bulevar Everardo M\u00e1rquez, desde la parte trasera de Plaza Bella, con direcci\u00f3n al bulevar Javier Rojo G\u00f3mez, derivado de un desnivel generado por las lluvias reciente.<\/p><p>Fue mediante un comunicado que la dependencia se\u00f1al\u00f3 que, por lo anterior, existen tres rutas alternas habilitadas:\u00a0lateral del R\u00edo de las Avenidas, en direcci\u00f3n a la Central de Autobuses, Everardo M\u00e1rquez Tr\u00e9bol, y Lateral del bulevar Javier Rojo G\u00f3mez.<\/p>\t\t\t\t\t\t<\/div>\n\t\t\t\t<\/div>\n\t\t\t\t\t<\/div>\n\t\t<\/div>\n\t\t\t\t\t\t\t<\/div>\n\t\t<\/section>\n\t\t\t\t\t\t\t<\/div>\n\t\t","protected":false},"excerpt":{"rendered":"<p>Pachuca, Hgo. 18 de mayo 2025.- La Subsecretar\u00eda de Protecci\u00f3n Civil y Gesti\u00f3n de Riesgos inform\u00f3 que, en coordinaci\u00f3n con la Direcci\u00f3n de Tr\u00e1nsito, se llevar\u00e1 a cabo un cierre preventivo\u00a0en el bulevar Everardo M\u00e1rquez, desde la parte trasera de Plaza Bella, con direcci\u00f3n al bulevar Javier Rojo G\u00f3mez, derivado de un desnivel generado por [&hellip;]<\/p>\n","protected":false},"author":1,"featured_media":96932,"comment_status":"closed","ping_status":"closed","sticky":false,"template":"","format":"standard","meta":[],"categories":[7],"tags":[],"_links":{"self":[{"href":"https:\/\/www.septinoticias.com.mx\/index.php?rest_route=\/wp\/v2\/posts\/96930"}],"collection":[{"href":"https:\/\/www.septinoticias.com.mx\/index.php?rest_route=\/wp\/v2\/posts"}],"about":[{"href":"https:\/\/www.septinoticias.com.mx\/index.php?rest_route=\/wp\/v2\/types\/post"}],"author":[{"embeddable":true,"href":"https:\/\/www.septinoticias.com.mx\/index.php?rest_route=\/wp\/v2\/users\/1"}],"replies":[{"embeddable":true,"href":"https:\/\/www.septinoticias.com.mx\/index.php?rest_route=%2Fwp%2Fv2%2Fcomments&post=96930"}],"version-history":[{"count":4,"href":"https:\/\/www.septinoticias.com.mx\/index.php?rest_route=\/wp\/v2\/posts\/96930\/revisions"}],"predecessor-version":[{"id":96935,"href":"https:\/\/www.septinoticias.com.mx\/index.php?rest_route=\/wp\/v2\/posts\/96930\/revisions\/96935"}],"wp:featuredmedia":[{"embeddable":true,"href":"https:\/\/www.septinoticias.com.mx\/index.php?rest_route=\/wp\/v2\/media\/96932"}],"wp:attachment":[{"href":"https:\/\/www.septinoticias.com.mx\/index.php?rest_route=%2Fwp%2Fv2%2Fmedia&parent=96930"}],"wp:term":[{"taxonomy":"category","embeddable":true,"href":"https:\/\/www.septinoticias.com.mx\/index.php?rest_route=%2Fwp%2Fv2%2Fcategories&post=96930"},{"taxonomy":"post_tag","embeddable":true,"href":"https:\/\/www.septinoticias.com.mx\/index.php?rest_route=%2Fwp%2Fv2%2Ftags&post=96930"}],"curies":[{"name":"wp","href":"https:\/\/api.w.org\/{rel}","templated":true}]}}