{"id":96918,"date":"2025-05-19T07:21:47","date_gmt":"2025-05-19T07:21:47","guid":{"rendered":"https:\/\/www.septinoticias.com.mx\/?p=96918"},"modified":"2025-05-19T17:23:13","modified_gmt":"2025-05-19T17:23:13","slug":"auto-compacto-cayo-al-rio-de-las-avenidas","status":"publish","type":"post","link":"https:\/\/www.septinoticias.com.mx\/?p=96918","title":{"rendered":"Auto Compacto Cay\u00f3 Al R\u00edo de las Avenidas"},"content":{"rendered":"\t\t<div data-elementor-type=\"wp-post\" data-elementor-id=\"96918\" class=\"elementor elementor-96918\">\n\t\t\t\t\t\t\t\t\t<section class=\"elementor-section elementor-top-section elementor-element elementor-element-20bbcd3b elementor-section-boxed elementor-section-height-default elementor-section-height-default\" data-id=\"20bbcd3b\" data-element_type=\"section\">\n\t\t\t\t\t\t<div class=\"elementor-container elementor-column-gap-default\">\n\t\t\t\t\t<div class=\"elementor-column elementor-col-100 elementor-top-column elementor-element elementor-element-33be02ef\" data-id=\"33be02ef\" data-element_type=\"column\">\n\t\t\t<div class=\"elementor-widget-wrap elementor-element-populated\">\n\t\t\t\t\t\t\t\t<div class=\"elementor-element elementor-element-6c4a91f9 elementor-widget elementor-widget-text-editor\" data-id=\"6c4a91f9\" data-element_type=\"widget\" data-widget_type=\"text-editor.default\">\n\t\t\t\t<div class=\"elementor-widget-container\">\n\t\t\t<style>\/*! elementor - v3.10.1 - 17-01-2023 *\/\n.elementor-widget-text-editor.elementor-drop-cap-view-stacked .elementor-drop-cap{background-color:#818a91;color:#fff}.elementor-widget-text-editor.elementor-drop-cap-view-framed .elementor-drop-cap{color:#818a91;border:3px solid;background-color:transparent}.elementor-widget-text-editor:not(.elementor-drop-cap-view-default) .elementor-drop-cap{margin-top:8px}.elementor-widget-text-editor:not(.elementor-drop-cap-view-default) .elementor-drop-cap-letter{width:1em;height:1em}.elementor-widget-text-editor .elementor-drop-cap{float:left;text-align:center;line-height:1;font-size:50px}.elementor-widget-text-editor .elementor-drop-cap-letter{display:inline-block}<\/style>\t\t\t\t<p><strong>Pachuca, Hgo., 18 de mayo 2025.- <\/strong>La tarde de este 18 de mayo, un auto compacto cay\u00f3 al\u00a0<a href=\"https:\/\/oem.com.mx\/elsoldehidalgo\/local\/pachuca-tres-personas-pierden-la-vida-en-percance-vial-sobre-rio-de-las-avenidas-23008689\">R\u00edo de las Avenidas<\/a>, en Pachuca, luego de derrapar y romper la vaya de contenci\u00f3n que se ubicaba en el lugar,\u00a0dejando como saldo dos personas lesionadas.<\/p><p>De acuerdo con el reporte de la Polic\u00eda Municipal, fue alrededor de las 16:40 horas cuando se dio el reporte de un incidente en el que se vio involucrada la unidad, tripulada por dos personas y que\u00a0se encontraba en el fondo del caudal.<\/p><p>Las autoridades no tardaron en responder a la emergencia. Miembros de la Cruz Roja y del Cuerpo de Bomberos fueron movilizados al lugar para atender a las personas lesionadas y participar en labores de rescate. La r\u00e1pida actuaci\u00f3n garantizo que las dos mujeres ocupantes del veh\u00edculo recibieran atenci\u00f3n m\u00e9dica oportuna.<\/p><p>Las dos mujeres fueron atendidas en una ambulancia de la Cruz Roja, aunque sin que se hayan proporcionado detalles sobre la gravedad de sus lesiones.<\/p><p>Personal de<a href=\"https:\/\/oem.com.mx\/elsoldehidalgo\/local\/mineral-de-la-reforma-incendio-sobre-el-bulevar-colosio-ya-fue-controlado-al-100-22666121\">\u00a0Bomberos y la Polic\u00eda Municipal<\/a>\u00a0capitalina cerraron el tr\u00e1nsito en direcci\u00f3n al sur, y habilitar \u00fanicamente dos carriles al Centro<\/p><p>Luego d\u00e9 su valoraci\u00f3n, el par de tripulantes fueron trasladados a una cl\u00ednica del<a href=\"https:\/\/www.imss.gob.mx\/\">\u00a0Instituto Mexicano del Seguro Social<\/a>, ya que presentaron algunas lesiones.<\/p><p>Tras casi una hora de maniobras, el auto fue retirado del R\u00edo de las Avenidas,\u00a0mientras tanto, la circulaci\u00f3n hacia el sur se manten\u00eda cerrada.<\/p>\t\t\t\t\t\t<\/div>\n\t\t\t\t<\/div>\n\t\t\t\t\t<\/div>\n\t\t<\/div>\n\t\t\t\t\t\t\t<\/div>\n\t\t<\/section>\n\t\t\t\t\t\t\t<\/div>\n\t\t","protected":false},"excerpt":{"rendered":"<p>Pachuca, Hgo., 18 de mayo 2025.- La tarde de este 18 de mayo, un auto compacto cay\u00f3 al\u00a0R\u00edo de las Avenidas, en Pachuca, luego de derrapar y romper la vaya de contenci\u00f3n que se ubicaba en el lugar,\u00a0dejando como saldo dos personas lesionadas. De acuerdo con el reporte de la Polic\u00eda Municipal, fue alrededor de [&hellip;]<\/p>\n","protected":false},"author":1,"featured_media":96920,"comment_status":"closed","ping_status":"closed","sticky":false,"template":"","format":"standard","meta":[],"categories":[29],"tags":[],"_links":{"self":[{"href":"https:\/\/www.septinoticias.com.mx\/index.php?rest_route=\/wp\/v2\/posts\/96918"}],"collection":[{"href":"https:\/\/www.septinoticias.com.mx\/index.php?rest_route=\/wp\/v2\/posts"}],"about":[{"href":"https:\/\/www.septinoticias.com.mx\/index.php?rest_route=\/wp\/v2\/types\/post"}],"author":[{"embeddable":true,"href":"https:\/\/www.septinoticias.com.mx\/index.php?rest_route=\/wp\/v2\/users\/1"}],"replies":[{"embeddable":true,"href":"https:\/\/www.septinoticias.com.mx\/index.php?rest_route=%2Fwp%2Fv2%2Fcomments&post=96918"}],"version-history":[{"count":4,"href":"https:\/\/www.septinoticias.com.mx\/index.php?rest_route=\/wp\/v2\/posts\/96918\/revisions"}],"predecessor-version":[{"id":96923,"href":"https:\/\/www.septinoticias.com.mx\/index.php?rest_route=\/wp\/v2\/posts\/96918\/revisions\/96923"}],"wp:featuredmedia":[{"embeddable":true,"href":"https:\/\/www.septinoticias.com.mx\/index.php?rest_route=\/wp\/v2\/media\/96920"}],"wp:attachment":[{"href":"https:\/\/www.septinoticias.com.mx\/index.php?rest_route=%2Fwp%2Fv2%2Fmedia&parent=96918"}],"wp:term":[{"taxonomy":"category","embeddable":true,"href":"https:\/\/www.septinoticias.com.mx\/index.php?rest_route=%2Fwp%2Fv2%2Fcategories&post=96918"},{"taxonomy":"post_tag","embeddable":true,"href":"https:\/\/www.septinoticias.com.mx\/index.php?rest_route=%2Fwp%2Fv2%2Ftags&post=96918"}],"curies":[{"name":"wp","href":"https:\/\/api.w.org\/{rel}","templated":true}]}}