{"id":96907,"date":"2025-05-18T08:41:45","date_gmt":"2025-05-18T08:41:45","guid":{"rendered":"https:\/\/www.septinoticias.com.mx\/?p=96907"},"modified":"2025-05-18T17:43:54","modified_gmt":"2025-05-18T17:43:54","slug":"convivencia-familiar-se-fortalece-en-el-parque-cultural-hidalguense","status":"publish","type":"post","link":"https:\/\/www.septinoticias.com.mx\/?p=96907","title":{"rendered":"Convivencia Familiar se Fortalece en el Parque Cultural Hidalguense"},"content":{"rendered":"\t\t<div data-elementor-type=\"wp-post\" data-elementor-id=\"96907\" class=\"elementor elementor-96907\">\n\t\t\t\t\t\t\t\t\t<section class=\"elementor-section elementor-top-section elementor-element elementor-element-20bbcd3b elementor-section-boxed elementor-section-height-default elementor-section-height-default\" data-id=\"20bbcd3b\" data-element_type=\"section\">\n\t\t\t\t\t\t<div class=\"elementor-container elementor-column-gap-default\">\n\t\t\t\t\t<div class=\"elementor-column elementor-col-100 elementor-top-column elementor-element elementor-element-33be02ef\" data-id=\"33be02ef\" data-element_type=\"column\">\n\t\t\t<div class=\"elementor-widget-wrap elementor-element-populated\">\n\t\t\t\t\t\t\t\t<div class=\"elementor-element elementor-element-6c4a91f9 elementor-widget elementor-widget-text-editor\" data-id=\"6c4a91f9\" data-element_type=\"widget\" data-widget_type=\"text-editor.default\">\n\t\t\t\t<div class=\"elementor-widget-container\">\n\t\t\t<style>\/*! elementor - v3.10.1 - 17-01-2023 *\/\n.elementor-widget-text-editor.elementor-drop-cap-view-stacked .elementor-drop-cap{background-color:#818a91;color:#fff}.elementor-widget-text-editor.elementor-drop-cap-view-framed .elementor-drop-cap{color:#818a91;border:3px solid;background-color:transparent}.elementor-widget-text-editor:not(.elementor-drop-cap-view-default) .elementor-drop-cap{margin-top:8px}.elementor-widget-text-editor:not(.elementor-drop-cap-view-default) .elementor-drop-cap-letter{width:1em;height:1em}.elementor-widget-text-editor .elementor-drop-cap{float:left;text-align:center;line-height:1;font-size:50px}.elementor-widget-text-editor .elementor-drop-cap-letter{display:inline-block}<\/style>\t\t\t\t<p><strong>Pachuca, Hgo., 17 de mayo de 2025.\u2013 <\/strong>A pocos d\u00edas de su inauguraci\u00f3n, el nuevo Parque Cultural Hidalguense &#8220;Ben Guri\u00f3n&#8221; se ha convertido en un punto de encuentro para las familias pachuque\u00f1as, especialmente durante las noches, consolid\u00e1ndose como un espacio seguro, accesible y lleno de vida.<\/p><p>Cada noche, el parque se llena de familias que disfrutan paseando a sus mascotas, j\u00f3venes que se re\u00fanen para jugar en las canchas de p\u00e1del, basquetbol o f\u00fatbol, as\u00ed como personas que simplemente salen a caminar y gozan de un ambiente de tranquilidad y seguridad.<\/p><p>Con amplios horarios de operaci\u00f3n, este espacio responde a la necesidad de contar con \u00e1reas p\u00fablicas para la convivencia y el deporte al aire libre.<\/p><p>Jos\u00e9 Manuel Gil Carrillo, originario de la Ciudad de M\u00e9xico y residente en Pachuca desde 2009, comparti\u00f3 su testimonio tras visitar el parque:<\/p><p>\u201cEstoy muy contento de poder venir a jugar p\u00e1del ahora aqu\u00ed a las canchas, porque antes no acostumbraba venir a hacer ejercicio. Desde el 2009 hasta ahora solo hab\u00eda venido dos veces al teatro, pero con las nuevas canchas ya puedo venir con mis amigos y hacer lo que me gusta. Estoy muy agradecido con el gobierno de Menchaca, un abrazo a todos.\u201d<\/p><p>Gil Carrillo destac\u00f3 tambi\u00e9n la diversidad de actividades que ofrece el parque: \u201cVienen muchas familias a pasear a sus perritos, hay ambiente familiar, basquetbol, voleibol, f\u00fatbol&#8230; es un ambiente muy padre porque se concentra toda la sociedad pachuque\u00f1a y hay espacio para todos\u201d.<\/p><p>En cuanto a la seguridad, expres\u00f3 sentirse tranquilo durante sus visitas nocturnas:<\/p><p>\u201cA pesar de ser de noche, nos sentimos seguros porque hay mucha vigilancia. Adem\u00e1s, la gente est\u00e1 cuidando las instalaciones, se ve muy tranquilo el ambiente\u201d.<\/p><p>Subray\u00f3 el valor del parque como un espacio p\u00fablico gratuito y \u00fanico en su tipo en la ciudad:<\/p><p>\u201cEl p\u00e1del aqu\u00ed es el \u00fanico lugar gratis en Pachuca, eso es un gran apoyo para todos los que practicamos deporte. Todas las canchas est\u00e1n sin costo, lo cual ayuda mucho a nuestra econom\u00eda\u201d.<\/p><p>Gil Carrillo concluy\u00f3 con una invitaci\u00f3n a los ciudadanos y visitantes:<\/p><p>\u201cInvito a todos los pachuque\u00f1os a que vengan a disfrutar el parque, pero sobre todo a que lo cuiden. Que usen ropa y calzado adecuados para no da\u00f1ar las canchas. Es un espacio para todos y debemos preservarlo\u201d.<\/p><p>De esta forma, el Parque Cultural Hidalguense \u201cBen Guri\u00f3n\u201d contin\u00faa consolid\u00e1ndose como un modelo de convivencia familiar, fortaleciendo el tejido social y promoviendo estilos de vida saludables en un entorno seguro e incluyente.<\/p>\t\t\t\t\t\t<\/div>\n\t\t\t\t<\/div>\n\t\t\t\t\t<\/div>\n\t\t<\/div>\n\t\t\t\t\t\t\t<\/div>\n\t\t<\/section>\n\t\t\t\t<section class=\"elementor-section elementor-top-section elementor-element elementor-element-0231148 elementor-section-boxed elementor-section-height-default elementor-section-height-default\" data-id=\"0231148\" data-element_type=\"section\">\n\t\t\t\t\t\t<div class=\"elementor-container elementor-column-gap-default\">\n\t\t\t\t\t<div class=\"elementor-column elementor-col-100 elementor-top-column elementor-element elementor-element-cfb2105\" data-id=\"cfb2105\" data-element_type=\"column\">\n\t\t\t<div class=\"elementor-widget-wrap elementor-element-populated\">\n\t\t\t\t\t\t\t\t<div class=\"elementor-element elementor-element-0991313 elementor-aspect-ratio-169 elementor-widget elementor-widget-video\" data-id=\"0991313\" data-element_type=\"widget\" data-settings=\"{&quot;youtube_url&quot;:&quot;https:\\\/\\\/youtu.be\\\/b38XyP74U7A&quot;,&quot;video_type&quot;:&quot;youtube&quot;,&quot;controls&quot;:&quot;yes&quot;,&quot;aspect_ratio&quot;:&quot;169&quot;}\" data-widget_type=\"video.default\">\n\t\t\t\t<div class=\"elementor-widget-container\">\n\t\t\t<style>\/*! elementor - v3.10.1 - 17-01-2023 *\/\n.elementor-widget-video .elementor-widget-container{overflow:hidden;transform:translateZ(0)}.elementor-widget-video .elementor-open-inline .elementor-custom-embed-image-overlay{position:absolute;top:0;left:0;width:100%;height:100%;background-size:cover;background-position:50%}.elementor-widget-video .elementor-custom-embed-image-overlay{cursor:pointer;text-align:center}.elementor-widget-video .elementor-custom-embed-image-overlay:hover .elementor-custom-embed-play i{opacity:1}.elementor-widget-video .elementor-custom-embed-image-overlay img{display:block;width:100%}.elementor-widget-video .e-hosted-video .elementor-video{-o-object-fit:cover;object-fit:cover}.e-con-inner>.elementor-widget-video,.e-con>.elementor-widget-video{width:var(--container-widget-width);--flex-grow:var(--container-widget-flex-grow)}<\/style>\t\t<div class=\"elementor-wrapper elementor-fit-aspect-ratio elementor-open-inline\">\n\t\t\t<div class=\"elementor-video\"><\/div>\t\t<\/div>\n\t\t\t\t<\/div>\n\t\t\t\t<\/div>\n\t\t\t\t\t<\/div>\n\t\t<\/div>\n\t\t\t\t\t\t\t<\/div>\n\t\t<\/section>\n\t\t\t\t\t\t\t<\/div>\n\t\t","protected":false},"excerpt":{"rendered":"<p>Pachuca, Hgo., 17 de mayo de 2025.\u2013 A pocos d\u00edas de su inauguraci\u00f3n, el nuevo Parque Cultural Hidalguense &#8220;Ben Guri\u00f3n&#8221; se ha convertido en un punto de encuentro para las familias pachuque\u00f1as, especialmente durante las noches, consolid\u00e1ndose como un espacio seguro, accesible y lleno de vida. Cada noche, el parque se llena de familias que [&hellip;]<\/p>\n","protected":false},"author":1,"featured_media":96909,"comment_status":"closed","ping_status":"closed","sticky":false,"template":"","format":"standard","meta":[],"categories":[9],"tags":[],"_links":{"self":[{"href":"https:\/\/www.septinoticias.com.mx\/index.php?rest_route=\/wp\/v2\/posts\/96907"}],"collection":[{"href":"https:\/\/www.septinoticias.com.mx\/index.php?rest_route=\/wp\/v2\/posts"}],"about":[{"href":"https:\/\/www.septinoticias.com.mx\/index.php?rest_route=\/wp\/v2\/types\/post"}],"author":[{"embeddable":true,"href":"https:\/\/www.septinoticias.com.mx\/index.php?rest_route=\/wp\/v2\/users\/1"}],"replies":[{"embeddable":true,"href":"https:\/\/www.septinoticias.com.mx\/index.php?rest_route=%2Fwp%2Fv2%2Fcomments&post=96907"}],"version-history":[{"count":4,"href":"https:\/\/www.septinoticias.com.mx\/index.php?rest_route=\/wp\/v2\/posts\/96907\/revisions"}],"predecessor-version":[{"id":96912,"href":"https:\/\/www.septinoticias.com.mx\/index.php?rest_route=\/wp\/v2\/posts\/96907\/revisions\/96912"}],"wp:featuredmedia":[{"embeddable":true,"href":"https:\/\/www.septinoticias.com.mx\/index.php?rest_route=\/wp\/v2\/media\/96909"}],"wp:attachment":[{"href":"https:\/\/www.septinoticias.com.mx\/index.php?rest_route=%2Fwp%2Fv2%2Fmedia&parent=96907"}],"wp:term":[{"taxonomy":"category","embeddable":true,"href":"https:\/\/www.septinoticias.com.mx\/index.php?rest_route=%2Fwp%2Fv2%2Fcategories&post=96907"},{"taxonomy":"post_tag","embeddable":true,"href":"https:\/\/www.septinoticias.com.mx\/index.php?rest_route=%2Fwp%2Fv2%2Ftags&post=96907"}],"curies":[{"name":"wp","href":"https:\/\/api.w.org\/{rel}","templated":true}]}}