{"id":88679,"date":"2025-02-28T08:31:34","date_gmt":"2025-02-28T08:31:34","guid":{"rendered":"https:\/\/www.septinoticias.com.mx\/?p=88679"},"modified":"2025-02-28T16:32:30","modified_gmt":"2025-02-28T16:32:30","slug":"ieeh-realiza-taller-conociendo-y-reconociendo-nuestras-raices","status":"publish","type":"post","link":"https:\/\/www.septinoticias.com.mx\/?p=88679","title":{"rendered":"IEEH Realiza Taller \u201cConociendo y Reconociendo Nuestras Ra\u00edces\u201d"},"content":{"rendered":"\t\t<div data-elementor-type=\"wp-post\" data-elementor-id=\"88679\" class=\"elementor elementor-88679\">\n\t\t\t\t\t\t\t\t\t<section class=\"elementor-section elementor-top-section elementor-element elementor-element-20bbcd3b elementor-section-boxed elementor-section-height-default elementor-section-height-default\" data-id=\"20bbcd3b\" data-element_type=\"section\">\n\t\t\t\t\t\t<div class=\"elementor-container elementor-column-gap-default\">\n\t\t\t\t\t<div class=\"elementor-column elementor-col-100 elementor-top-column elementor-element elementor-element-33be02ef\" data-id=\"33be02ef\" data-element_type=\"column\">\n\t\t\t<div class=\"elementor-widget-wrap elementor-element-populated\">\n\t\t\t\t\t\t\t\t<div class=\"elementor-element elementor-element-6c4a91f9 elementor-widget elementor-widget-text-editor\" data-id=\"6c4a91f9\" data-element_type=\"widget\" data-widget_type=\"text-editor.default\">\n\t\t\t\t<div class=\"elementor-widget-container\">\n\t\t\t<style>\/*! elementor - v3.10.1 - 17-01-2023 *\/\n.elementor-widget-text-editor.elementor-drop-cap-view-stacked .elementor-drop-cap{background-color:#818a91;color:#fff}.elementor-widget-text-editor.elementor-drop-cap-view-framed .elementor-drop-cap{color:#818a91;border:3px solid;background-color:transparent}.elementor-widget-text-editor:not(.elementor-drop-cap-view-default) .elementor-drop-cap{margin-top:8px}.elementor-widget-text-editor:not(.elementor-drop-cap-view-default) .elementor-drop-cap-letter{width:1em;height:1em}.elementor-widget-text-editor .elementor-drop-cap{float:left;text-align:center;line-height:1;font-size:50px}.elementor-widget-text-editor .elementor-drop-cap-letter{display:inline-block}<\/style>\t\t\t\t<p><strong>Pachuca, Hgo., 27 de febrero de 2025.-<\/strong>En el marco del D\u00eda Internacional de la Lengua Materna, conmemorado el pasado 21 de febrero, desde el IEEH se llev\u00f3 a cabo el Taller \u201cConociendo y reconociendo nuestras ra\u00edces\u201d impartido por la Mtra. Irla Elida Vargas del \u00c1ngel Asesora T\u00e9cnica Pedag\u00f3gica e Interprete certificada de la Lengua N\u00e1huatl del Centro Estatal de Lenguas Ind\u00edgenas del Estado de Hidalgo. Este Taller fue dirigido a personal adscrito al Instituto con la finalidad de capacitarles en temas de interculturalidad.<\/p><p>Durante el mensaje de bienvenida, Alder Bautista Hern\u00e1ndez, Titular de la Unidad T\u00e9cnica de Derechos Pol\u00edtico Electoral de Pueblos Ind\u00edgenas, precis\u00f3 que el reconocimiento y la preservaci\u00f3n de los derechos ling\u00fc\u00edsticos de los pueblos y comunidades ind\u00edgenas en espacios p\u00fablicos son esenciales para fortalecer la democracia y garantizar el ejercicio pleno de los derechos humanos, por lo que este Taller busc\u00f3 fortalecer el conocimiento y reconocimiento de la riqueza cultural de los pueblos originarios, comprendiendo sus cosmovisiones y experiencias para incorporar la perspectiva intercultural el en ejercicio de las funciones que se desempe\u00f1an en este Instituto.<\/p><p>En su participaci\u00f3n, Irla Vargas hizo especial menci\u00f3n en que la discriminaci\u00f3n es una de las razones por las que las lenguas originarias van desapareciendo tan r\u00e1pido; recalc\u00f3 que M\u00e9xico es uno de los 8 pa\u00edses que m\u00e1s lenguas originarias tiene. Asimismo, recalc\u00f3 que la traducci\u00f3n de la propaganda pol\u00edtica a las lenguas originarias permite que las personas hablantes de dichas lenguas emitan un voto informado, sin embargo, destac\u00f3 que es necesario que las interpretaciones que se realicen deben ser, en su mayor\u00eda, a manera de audio ya que un gran n\u00famero de hablantes no conoce como se lee su lengua originaria.<\/p><p>Durante el Taller, se realizaron una serie de ejercicios en los que se comparti\u00f3 con el personal asistente palabras, frases y n\u00fameros en lengua n\u00e1huatl, asimismo, se ense\u00f1\u00f3 c\u00f3mo se presentan las personas en dicha lengua originaria.<\/p><p>Preservar las lenguas originarias no solo es un acto de justicia cultural, sino tambi\u00e9n una necesidad para el enriquecimiento de la humanidad. Cada lengua es un tesoro que se debe valorar, proteger y fomentar para garantizar la diversidad y el respeto por nuestras ra\u00edces.<\/p>\t\t\t\t\t\t<\/div>\n\t\t\t\t<\/div>\n\t\t\t\t\t<\/div>\n\t\t<\/div>\n\t\t\t\t\t\t\t<\/div>\n\t\t<\/section>\n\t\t\t\t\t\t\t<\/div>\n\t\t","protected":false},"excerpt":{"rendered":"<p>Pachuca, Hgo., 27 de febrero de 2025.-En el marco del D\u00eda Internacional de la Lengua Materna, conmemorado el pasado 21 de febrero, desde el IEEH se llev\u00f3 a cabo el Taller \u201cConociendo y reconociendo nuestras ra\u00edces\u201d impartido por la Mtra. Irla Elida Vargas del \u00c1ngel Asesora T\u00e9cnica Pedag\u00f3gica e Interprete certificada de la Lengua N\u00e1huatl [&hellip;]<\/p>\n","protected":false},"author":1,"featured_media":88681,"comment_status":"closed","ping_status":"closed","sticky":false,"template":"","format":"standard","meta":[],"categories":[9],"tags":[],"_links":{"self":[{"href":"https:\/\/www.septinoticias.com.mx\/index.php?rest_route=\/wp\/v2\/posts\/88679"}],"collection":[{"href":"https:\/\/www.septinoticias.com.mx\/index.php?rest_route=\/wp\/v2\/posts"}],"about":[{"href":"https:\/\/www.septinoticias.com.mx\/index.php?rest_route=\/wp\/v2\/types\/post"}],"author":[{"embeddable":true,"href":"https:\/\/www.septinoticias.com.mx\/index.php?rest_route=\/wp\/v2\/users\/1"}],"replies":[{"embeddable":true,"href":"https:\/\/www.septinoticias.com.mx\/index.php?rest_route=%2Fwp%2Fv2%2Fcomments&post=88679"}],"version-history":[{"count":7,"href":"https:\/\/www.septinoticias.com.mx\/index.php?rest_route=\/wp\/v2\/posts\/88679\/revisions"}],"predecessor-version":[{"id":88687,"href":"https:\/\/www.septinoticias.com.mx\/index.php?rest_route=\/wp\/v2\/posts\/88679\/revisions\/88687"}],"wp:featuredmedia":[{"embeddable":true,"href":"https:\/\/www.septinoticias.com.mx\/index.php?rest_route=\/wp\/v2\/media\/88681"}],"wp:attachment":[{"href":"https:\/\/www.septinoticias.com.mx\/index.php?rest_route=%2Fwp%2Fv2%2Fmedia&parent=88679"}],"wp:term":[{"taxonomy":"category","embeddable":true,"href":"https:\/\/www.septinoticias.com.mx\/index.php?rest_route=%2Fwp%2Fv2%2Fcategories&post=88679"},{"taxonomy":"post_tag","embeddable":true,"href":"https:\/\/www.septinoticias.com.mx\/index.php?rest_route=%2Fwp%2Fv2%2Ftags&post=88679"}],"curies":[{"name":"wp","href":"https:\/\/api.w.org\/{rel}","templated":true}]}}