{"id":88658,"date":"2025-02-28T08:19:45","date_gmt":"2025-02-28T08:19:45","guid":{"rendered":"https:\/\/www.septinoticias.com.mx\/?p=88658"},"modified":"2025-02-28T16:20:35","modified_gmt":"2025-02-28T16:20:35","slug":"recomendaciones-para-una-entrevista-de-trabajo","status":"publish","type":"post","link":"https:\/\/www.septinoticias.com.mx\/?p=88658","title":{"rendered":"Recomendaciones Para Una Entrevista de Trabajo"},"content":{"rendered":"\t\t<div data-elementor-type=\"wp-post\" data-elementor-id=\"88658\" class=\"elementor elementor-88658\">\n\t\t\t\t\t\t\t\t\t<section class=\"elementor-section elementor-top-section elementor-element elementor-element-20bbcd3b elementor-section-boxed elementor-section-height-default elementor-section-height-default\" data-id=\"20bbcd3b\" data-element_type=\"section\">\n\t\t\t\t\t\t<div class=\"elementor-container elementor-column-gap-default\">\n\t\t\t\t\t<div class=\"elementor-column elementor-col-100 elementor-top-column elementor-element elementor-element-33be02ef\" data-id=\"33be02ef\" data-element_type=\"column\">\n\t\t\t<div class=\"elementor-widget-wrap elementor-element-populated\">\n\t\t\t\t\t\t\t\t<div class=\"elementor-element elementor-element-6c4a91f9 elementor-widget elementor-widget-text-editor\" data-id=\"6c4a91f9\" data-element_type=\"widget\" data-widget_type=\"text-editor.default\">\n\t\t\t\t<div class=\"elementor-widget-container\">\n\t\t\t<style>\/*! elementor - v3.10.1 - 17-01-2023 *\/\n.elementor-widget-text-editor.elementor-drop-cap-view-stacked .elementor-drop-cap{background-color:#818a91;color:#fff}.elementor-widget-text-editor.elementor-drop-cap-view-framed .elementor-drop-cap{color:#818a91;border:3px solid;background-color:transparent}.elementor-widget-text-editor:not(.elementor-drop-cap-view-default) .elementor-drop-cap{margin-top:8px}.elementor-widget-text-editor:not(.elementor-drop-cap-view-default) .elementor-drop-cap-letter{width:1em;height:1em}.elementor-widget-text-editor .elementor-drop-cap{float:left;text-align:center;line-height:1;font-size:50px}.elementor-widget-text-editor .elementor-drop-cap-letter{display:inline-block}<\/style>\t\t\t\t<p><strong>*Investiga sobre la empresa y la vacante, para destacar las habilidades durante la entrevista de trabajo.<\/strong><\/p><p><strong>Mineral de la Reforma, Hgo., 27 de febrero de 2025.-<\/strong>La entrevista de trabajo es un proceso en el cual las empresas realizan un an\u00e1lisis m\u00e1s detallado del candidato a obtener la o las vacantes disponibles, el objetivo primordial es que el empleador compruebe que las aptitudes del candidato plasmadas en el curr\u00edculum vitae, se\u00f1al\u00f3 Viridiana Salinas Ram\u00edrez, encargada del Servicio Nacional de Empleo Hidalgo (SNEH) de la Secretar\u00eda del Trabajo y Previsi\u00f3n Social de Hidalgo (STPSH).<\/p><p>Destac\u00f3 que en la entrevista de trabajo el postulante, revela su trayectoria profesional es en ese momento en donde hace \u00e9nfasis en sus habilidades y experiencia profesional.<\/p><p>La encargada del SNEH comparti\u00f3 a las personas buscadoras de empleo recomendaciones al momento de realizar una entrevista de trabajo.<\/p><p>Se\u00f1al\u00f3 que la persona buscadora de empleo deber\u00e1 conocer o tener informaci\u00f3n sobre la empresa que oferta la vacante, as\u00ed como de la descripci\u00f3n del puesto a ocupar con la finalidad de contar con mayores datos que propicien una entrevista m\u00e1s fluida.<\/p><p>Enfatiz\u00f3 que \u00e9l o la postulante debe realizar una lista con la documentaci\u00f3n necesaria que solicitan los reclutadores, entre las cuales debe considerar, identificaci\u00f3n oficial, acta de nacimiento; y sobre las referencias, es necesario considerar aquellas que sean las m\u00e1s profesionales, por ejemplo, colegas exitosos, supervisores o jefes con quienes se haya laborado anteriormente.<\/p><p>\u201cEs importante conocer cu\u00e1les son las habilidades m\u00e1s destacadas que nos distinguen de otros candidatos, al mismo tiempo es de vital importancia estructurar respuestas ante cuestionamientos como \u00bfCu\u00e1les son mis fortalezas y debilidades? \u00bfPor qu\u00e9 queremos trabajar en la empresa a la que nos estamos postulando? \u00bfPor qu\u00e9 deber\u00edan contratarme? Y \u00bfpor qu\u00e9 dej\u00e9 mi \u00faltimo empleo?\u201d destac\u00f3.<\/p><p>La vestimenta, tambi\u00e9n es un punto esencial en el proceso de la entrevista laboral, destac\u00f3 la servidora p\u00fablica, es por ello que se recomienda que, al acudir al encuentro, se debe vestir ropa limpia, bien planchada y con colores discretos, en el caso de los hombres con traje completo y en el caso de las mujeres un vestido cl\u00e1sico.<\/p><p>El calzado debe estar limpio, el cabello bien peinado y las u\u00f1as cortas y en el caso de los hombres se debe afeitar a fin de no aparentar una imagen descuidada.<\/p><p>Agreg\u00f3 que mientras se desarrolla la entrevista, las o los candidatos deben apagar el celular, mantener una buena actitud, demostrar iniciativa y curiosidad, as\u00ed como explicar el inter\u00e9s de la vacante y en referencia al sueldo, se puede realizar una negociaci\u00f3n en caso de ser necesario.<\/p><p>La experta en concertaci\u00f3n laboral, recomend\u00f3 que posterior a la entrevista de trabajo las personas buscadoras de empleo deben enviar un correo electr\u00f3nico para agradecer la oportunidad y mostrar el inter\u00e9s en el puesto; adem\u00e1s en caso de no recibir respuesta en un lapso de una semana, se pueden comunicar por tel\u00e9fono para conocer el estatus del procedimiento.<\/p><p>Salinas Ram\u00edrez indic\u00f3 que en el Servicio Nacional de Empleo se proporcionan Talleres para Buscadores de empleo en los cuales se proporcionan consejos pr\u00e1cticos, para facilitar la b\u00fasqueda de trabajo; como la elaboraci\u00f3n del curr\u00edculum vitae, entrevista de trabajo y habilidades blandas.<\/p><p>Agreg\u00f3 que la indicaci\u00f3n del titular de la STPSH, Oscar Javier Gonz\u00e1lez Hern\u00e1ndez es la de facilitar todas las herramientas necesarias para lograr la vinculaci\u00f3n y colocaci\u00f3n de hidalguenses en un empleo formal que les proporcione bienestar y contribuya con su desarrollo profesional, como es la instrucci\u00f3n del gobernador Julio Menchaca Salazar.<\/p>\t\t\t\t\t\t<\/div>\n\t\t\t\t<\/div>\n\t\t\t\t\t<\/div>\n\t\t<\/div>\n\t\t\t\t\t\t\t<\/div>\n\t\t<\/section>\n\t\t\t\t\t\t\t<\/div>\n\t\t","protected":false},"excerpt":{"rendered":"<p>*Investiga sobre la empresa y la vacante, para destacar las habilidades durante la entrevista de trabajo. Mineral de la Reforma, Hgo., 27 de febrero de 2025.-La entrevista de trabajo es un proceso en el cual las empresas realizan un an\u00e1lisis m\u00e1s detallado del candidato a obtener la o las vacantes disponibles, el objetivo primordial es [&hellip;]<\/p>\n","protected":false},"author":1,"featured_media":88660,"comment_status":"closed","ping_status":"closed","sticky":false,"template":"","format":"standard","meta":[],"categories":[5],"tags":[],"_links":{"self":[{"href":"https:\/\/www.septinoticias.com.mx\/index.php?rest_route=\/wp\/v2\/posts\/88658"}],"collection":[{"href":"https:\/\/www.septinoticias.com.mx\/index.php?rest_route=\/wp\/v2\/posts"}],"about":[{"href":"https:\/\/www.septinoticias.com.mx\/index.php?rest_route=\/wp\/v2\/types\/post"}],"author":[{"embeddable":true,"href":"https:\/\/www.septinoticias.com.mx\/index.php?rest_route=\/wp\/v2\/users\/1"}],"replies":[{"embeddable":true,"href":"https:\/\/www.septinoticias.com.mx\/index.php?rest_route=%2Fwp%2Fv2%2Fcomments&post=88658"}],"version-history":[{"count":4,"href":"https:\/\/www.septinoticias.com.mx\/index.php?rest_route=\/wp\/v2\/posts\/88658\/revisions"}],"predecessor-version":[{"id":88663,"href":"https:\/\/www.septinoticias.com.mx\/index.php?rest_route=\/wp\/v2\/posts\/88658\/revisions\/88663"}],"wp:featuredmedia":[{"embeddable":true,"href":"https:\/\/www.septinoticias.com.mx\/index.php?rest_route=\/wp\/v2\/media\/88660"}],"wp:attachment":[{"href":"https:\/\/www.septinoticias.com.mx\/index.php?rest_route=%2Fwp%2Fv2%2Fmedia&parent=88658"}],"wp:term":[{"taxonomy":"category","embeddable":true,"href":"https:\/\/www.septinoticias.com.mx\/index.php?rest_route=%2Fwp%2Fv2%2Fcategories&post=88658"},{"taxonomy":"post_tag","embeddable":true,"href":"https:\/\/www.septinoticias.com.mx\/index.php?rest_route=%2Fwp%2Fv2%2Ftags&post=88658"}],"curies":[{"name":"wp","href":"https:\/\/api.w.org\/{rel}","templated":true}]}}