{"id":84903,"date":"2025-01-24T07:50:57","date_gmt":"2025-01-24T07:50:57","guid":{"rendered":"https:\/\/www.septinoticias.com.mx\/?p=84903"},"modified":"2025-01-24T18:51:58","modified_gmt":"2025-01-24T18:51:58","slug":"se-llevo-a-cabo-reunion-de-coordinacion-interinstitucional-region-03-tulancingo","status":"publish","type":"post","link":"https:\/\/www.septinoticias.com.mx\/?p=84903","title":{"rendered":"Se Llev\u00f3 a Cabo Reuni\u00f3n de Coordinaci\u00f3n Interinstitucional Regi\u00f3n 03 Tulancingo"},"content":{"rendered":"\t\t<div data-elementor-type=\"wp-post\" data-elementor-id=\"84903\" class=\"elementor elementor-84903\">\n\t\t\t\t\t\t\t\t\t<section class=\"elementor-section elementor-top-section elementor-element elementor-element-20bbcd3b elementor-section-boxed elementor-section-height-default elementor-section-height-default\" data-id=\"20bbcd3b\" data-element_type=\"section\">\n\t\t\t\t\t\t<div class=\"elementor-container elementor-column-gap-default\">\n\t\t\t\t\t<div class=\"elementor-column elementor-col-100 elementor-top-column elementor-element elementor-element-33be02ef\" data-id=\"33be02ef\" data-element_type=\"column\">\n\t\t\t<div class=\"elementor-widget-wrap elementor-element-populated\">\n\t\t\t\t\t\t\t\t<div class=\"elementor-element elementor-element-6c4a91f9 elementor-widget elementor-widget-text-editor\" data-id=\"6c4a91f9\" data-element_type=\"widget\" data-widget_type=\"text-editor.default\">\n\t\t\t\t<div class=\"elementor-widget-container\">\n\t\t\t<style>\/*! elementor - v3.10.1 - 17-01-2023 *\/\n.elementor-widget-text-editor.elementor-drop-cap-view-stacked .elementor-drop-cap{background-color:#818a91;color:#fff}.elementor-widget-text-editor.elementor-drop-cap-view-framed .elementor-drop-cap{color:#818a91;border:3px solid;background-color:transparent}.elementor-widget-text-editor:not(.elementor-drop-cap-view-default) .elementor-drop-cap{margin-top:8px}.elementor-widget-text-editor:not(.elementor-drop-cap-view-default) .elementor-drop-cap-letter{width:1em;height:1em}.elementor-widget-text-editor .elementor-drop-cap{float:left;text-align:center;line-height:1;font-size:50px}.elementor-widget-text-editor .elementor-drop-cap-letter{display:inline-block}<\/style>\t\t\t\t<p><strong>*Participaron los mandos policiacos de municipios de Acatl\u00e1n; Agua Blanca; Cuautepec de Hinojosa; Metepec; San Bartolo; Singuilucan; Santiago Tulantepec; Tenango de Doria; Tula y como sede, Tulancingo <\/strong><\/p><p>Tulancingo, Hgo., 23 de enero de 2025.-En aras de que las estrategias de seguridad de este a\u00f1o est\u00e9n alienadas a las necesidades y realidades de la regi\u00f3n 03 Tulancingo, este jueves, con la presencia de mandos policiacos de diez municipios se efectu\u00f3 una importante reuni\u00f3n de coordinaci\u00f3n interinstitucional.<\/p><p>Tras dar la bienvenida, la alcaldesa Lorena Garc\u00eda C\u00e1zares convoc\u00f3 a un trabajo colegiado en el \u00e1mbito de seguridad, el cual es esencial para fortalecer los mecanismos hacia la conservaci\u00f3n de la paz y el orden p\u00fablico, procurando siempre la protecci\u00f3n a la integridad f\u00edsica del ciudadano.<\/p><p>Adem\u00e1s, dio a conocer que en lo que corresponde a Tulancingo, en fecha pr\u00f3xima ser\u00e1 emitida la convocatoria para incorporar a nuevos elementos a las fuerzas del orden y para este objetivo se contar\u00e1 con un centenar de plazas disponibles para seguridad p\u00fablica e igualmente 30 para movilidad y transporte.<\/p><p>As\u00ed tambi\u00e9n resalt\u00f3 que, en un hecho sin precedente, este gobierno de transformaci\u00f3n ofrecer\u00e1 a los efectivos municipales al acceso a seguridad social, mejorando as\u00ed sus condiciones laborales en una profesi\u00f3n de alto riesgo, bajo la modalidad de seguro voluntario en el que se apoyar\u00e1 con un recurso mensual para que cada elemento pueda realizar el procedimiento de afiliaci\u00f3n.<\/p><p>De igual manera, por parte de Tulancingo, se presentaron cifras de incidencia delictiva, as\u00ed como de productividad de \u00e1reas dependientes a seguridad p\u00fablica y movilidad y transporte.<\/p><p>En m\u00e1s de la reuni\u00f3n, se confirm\u00f3 que la semana entrante se seguir\u00e1 el trabajo de proximidad para la prevenci\u00f3n del delito dentro del evento \u201cJornada Por la Paz\u201d.<\/p><p>Dentro de lo abordado, tambi\u00e9n se habl\u00f3 del tema de la repatriaci\u00f3n de migrantes de esta regi\u00f3n derivado de deportaciones del gobierno estadounidense y en lo que corresponde a seguridad, se afirm\u00f3 que habr\u00e1 las garant\u00edas necesarias para que el retorno sea de forma segura y ordenada.<\/p>\t\t\t\t\t\t<\/div>\n\t\t\t\t<\/div>\n\t\t\t\t\t<\/div>\n\t\t<\/div>\n\t\t\t\t\t\t\t<\/div>\n\t\t<\/section>\n\t\t\t\t\t\t\t<\/div>\n\t\t","protected":false},"excerpt":{"rendered":"<p>*Participaron los mandos policiacos de municipios de Acatl\u00e1n; Agua Blanca; Cuautepec de Hinojosa; Metepec; San Bartolo; Singuilucan; Santiago Tulantepec; Tenango de Doria; Tula y como sede, Tulancingo Tulancingo, Hgo., 23 de enero de 2025.-En aras de que las estrategias de seguridad de este a\u00f1o est\u00e9n alienadas a las necesidades y realidades de la regi\u00f3n 03 [&hellip;]<\/p>\n","protected":false},"author":1,"featured_media":84905,"comment_status":"closed","ping_status":"closed","sticky":false,"template":"","format":"standard","meta":[],"categories":[7],"tags":[],"_links":{"self":[{"href":"https:\/\/www.septinoticias.com.mx\/index.php?rest_route=\/wp\/v2\/posts\/84903"}],"collection":[{"href":"https:\/\/www.septinoticias.com.mx\/index.php?rest_route=\/wp\/v2\/posts"}],"about":[{"href":"https:\/\/www.septinoticias.com.mx\/index.php?rest_route=\/wp\/v2\/types\/post"}],"author":[{"embeddable":true,"href":"https:\/\/www.septinoticias.com.mx\/index.php?rest_route=\/wp\/v2\/users\/1"}],"replies":[{"embeddable":true,"href":"https:\/\/www.septinoticias.com.mx\/index.php?rest_route=%2Fwp%2Fv2%2Fcomments&post=84903"}],"version-history":[{"count":4,"href":"https:\/\/www.septinoticias.com.mx\/index.php?rest_route=\/wp\/v2\/posts\/84903\/revisions"}],"predecessor-version":[{"id":84908,"href":"https:\/\/www.septinoticias.com.mx\/index.php?rest_route=\/wp\/v2\/posts\/84903\/revisions\/84908"}],"wp:featuredmedia":[{"embeddable":true,"href":"https:\/\/www.septinoticias.com.mx\/index.php?rest_route=\/wp\/v2\/media\/84905"}],"wp:attachment":[{"href":"https:\/\/www.septinoticias.com.mx\/index.php?rest_route=%2Fwp%2Fv2%2Fmedia&parent=84903"}],"wp:term":[{"taxonomy":"category","embeddable":true,"href":"https:\/\/www.septinoticias.com.mx\/index.php?rest_route=%2Fwp%2Fv2%2Fcategories&post=84903"},{"taxonomy":"post_tag","embeddable":true,"href":"https:\/\/www.septinoticias.com.mx\/index.php?rest_route=%2Fwp%2Fv2%2Ftags&post=84903"}],"curies":[{"name":"wp","href":"https:\/\/api.w.org\/{rel}","templated":true}]}}