{"id":84897,"date":"2025-01-24T07:49:29","date_gmt":"2025-01-24T07:49:29","guid":{"rendered":"https:\/\/www.septinoticias.com.mx\/?p=84897"},"modified":"2025-01-24T18:50:45","modified_gmt":"2025-01-24T18:50:45","slug":"dif-tulancingo-entrego-cobijas-en-cinco-comunidades-vulnerables","status":"publish","type":"post","link":"https:\/\/www.septinoticias.com.mx\/?p=84897","title":{"rendered":"DIF Tulancingo entreg\u00f3 cobijas en cinco comunidades vulnerables"},"content":{"rendered":"\t\t<div data-elementor-type=\"wp-post\" data-elementor-id=\"84897\" class=\"elementor elementor-84897\">\n\t\t\t\t\t\t\t\t\t<section class=\"elementor-section elementor-top-section elementor-element elementor-element-20bbcd3b elementor-section-boxed elementor-section-height-default elementor-section-height-default\" data-id=\"20bbcd3b\" data-element_type=\"section\">\n\t\t\t\t\t\t<div class=\"elementor-container elementor-column-gap-default\">\n\t\t\t\t\t<div class=\"elementor-column elementor-col-100 elementor-top-column elementor-element elementor-element-33be02ef\" data-id=\"33be02ef\" data-element_type=\"column\">\n\t\t\t<div class=\"elementor-widget-wrap elementor-element-populated\">\n\t\t\t\t\t\t\t\t<div class=\"elementor-element elementor-element-6c4a91f9 elementor-widget elementor-widget-text-editor\" data-id=\"6c4a91f9\" data-element_type=\"widget\" data-widget_type=\"text-editor.default\">\n\t\t\t\t<div class=\"elementor-widget-container\">\n\t\t\t<style>\/*! elementor - v3.10.1 - 17-01-2023 *\/\n.elementor-widget-text-editor.elementor-drop-cap-view-stacked .elementor-drop-cap{background-color:#818a91;color:#fff}.elementor-widget-text-editor.elementor-drop-cap-view-framed .elementor-drop-cap{color:#818a91;border:3px solid;background-color:transparent}.elementor-widget-text-editor:not(.elementor-drop-cap-view-default) .elementor-drop-cap{margin-top:8px}.elementor-widget-text-editor:not(.elementor-drop-cap-view-default) .elementor-drop-cap-letter{width:1em;height:1em}.elementor-widget-text-editor .elementor-drop-cap{float:left;text-align:center;line-height:1;font-size:50px}.elementor-widget-text-editor .elementor-drop-cap-letter{display:inline-block}<\/style>\t\t\t\t<p>Tulancingo, Hgo., 23 de enero de 2025.-Familias que viven en situaci\u00f3n de pobreza de diferentes comunidades de Tulancingo, contin\u00faan siendo beneficiados con la entrega de cobijas, por parte del Sistema DIF para \u00a0acercar ayuda para la protecci\u00f3n de personas de edad durante este periodo invernal.\u00a0\u00a0\u00a0\u00a0\u00a0\u00a0\u00a0<\/p><p>Dicho apoyo fue entregado por la presidenta del Patronato Jessica Garrido C\u00e1zares, y el equipo del organismo asistencial.<\/p><p>Bajo la encomienda y compromiso de cambiar vidas, personal del DIF, visit\u00f3 la localidad de San Nicol\u00e1s Cebolletas, prosigui\u00f3 por las colonias Sultepec, Laguna del Cerrito, Zototl\u00e1n y Bosques de Napateco, donde se otorgaron en total de 205 cobijas y aguinaldos.<\/p><p>Los beneficiarios agradecieron a la alcaldesa por ser tomados en cuenta para recibir este apoyo, y citaron que les ser\u00e1 de gran ayuda durante esta \u00e9poca en que las temperaturas han descendido considerablemente.<\/p><p>Cabe citar que, por instrucciones de alcaldes \u00a0desde que comenz\u00f3 el a\u00f1o se han visitado numerosas colonias, donde adem\u00e1s de frazadas para las personas de edad, se han obsequiado aguinaldos, as\u00ed como juguetes a los ni\u00f1os.<\/p><p>Con esta jornada se contin\u00faa beneficiando a poblaci\u00f3n vulnerable de los sectores habitacionales, donde existe mayor marginaci\u00f3n.<\/p>\t\t\t\t\t\t<\/div>\n\t\t\t\t<\/div>\n\t\t\t\t\t<\/div>\n\t\t<\/div>\n\t\t\t\t\t\t\t<\/div>\n\t\t<\/section>\n\t\t\t\t\t\t\t<\/div>\n\t\t","protected":false},"excerpt":{"rendered":"<p>Tulancingo, Hgo., 23 de enero de 2025.-Familias que viven en situaci\u00f3n de pobreza de diferentes comunidades de Tulancingo, contin\u00faan siendo beneficiados con la entrega de cobijas, por parte del Sistema DIF para \u00a0acercar ayuda para la protecci\u00f3n de personas de edad durante este periodo invernal.\u00a0\u00a0\u00a0\u00a0\u00a0\u00a0\u00a0 Dicho apoyo fue entregado por la presidenta del Patronato Jessica [&hellip;]<\/p>\n","protected":false},"author":1,"featured_media":84899,"comment_status":"closed","ping_status":"closed","sticky":false,"template":"","format":"standard","meta":[],"categories":[7],"tags":[],"_links":{"self":[{"href":"https:\/\/www.septinoticias.com.mx\/index.php?rest_route=\/wp\/v2\/posts\/84897"}],"collection":[{"href":"https:\/\/www.septinoticias.com.mx\/index.php?rest_route=\/wp\/v2\/posts"}],"about":[{"href":"https:\/\/www.septinoticias.com.mx\/index.php?rest_route=\/wp\/v2\/types\/post"}],"author":[{"embeddable":true,"href":"https:\/\/www.septinoticias.com.mx\/index.php?rest_route=\/wp\/v2\/users\/1"}],"replies":[{"embeddable":true,"href":"https:\/\/www.septinoticias.com.mx\/index.php?rest_route=%2Fwp%2Fv2%2Fcomments&post=84897"}],"version-history":[{"count":4,"href":"https:\/\/www.septinoticias.com.mx\/index.php?rest_route=\/wp\/v2\/posts\/84897\/revisions"}],"predecessor-version":[{"id":84902,"href":"https:\/\/www.septinoticias.com.mx\/index.php?rest_route=\/wp\/v2\/posts\/84897\/revisions\/84902"}],"wp:featuredmedia":[{"embeddable":true,"href":"https:\/\/www.septinoticias.com.mx\/index.php?rest_route=\/wp\/v2\/media\/84899"}],"wp:attachment":[{"href":"https:\/\/www.septinoticias.com.mx\/index.php?rest_route=%2Fwp%2Fv2%2Fmedia&parent=84897"}],"wp:term":[{"taxonomy":"category","embeddable":true,"href":"https:\/\/www.septinoticias.com.mx\/index.php?rest_route=%2Fwp%2Fv2%2Fcategories&post=84897"},{"taxonomy":"post_tag","embeddable":true,"href":"https:\/\/www.septinoticias.com.mx\/index.php?rest_route=%2Fwp%2Fv2%2Ftags&post=84897"}],"curies":[{"name":"wp","href":"https:\/\/api.w.org\/{rel}","templated":true}]}}