{"id":84836,"date":"2025-01-23T07:59:31","date_gmt":"2025-01-23T07:59:31","guid":{"rendered":"https:\/\/www.septinoticias.com.mx\/?p=84836"},"modified":"2025-01-23T15:01:14","modified_gmt":"2025-01-23T15:01:14","slug":"habra-resultados-electorales-desde-el-1-de-junio-ine","status":"publish","type":"post","link":"https:\/\/www.septinoticias.com.mx\/?p=84836","title":{"rendered":"*Habr\u00e1 Resultados Electorales Desde el 1 de Junio: INE"},"content":{"rendered":"\t\t<div data-elementor-type=\"wp-post\" data-elementor-id=\"84836\" class=\"elementor elementor-84836\">\n\t\t\t\t\t\t\t\t\t<section class=\"elementor-section elementor-top-section elementor-element elementor-element-20bbcd3b elementor-section-boxed elementor-section-height-default elementor-section-height-default\" data-id=\"20bbcd3b\" data-element_type=\"section\">\n\t\t\t\t\t\t<div class=\"elementor-container elementor-column-gap-default\">\n\t\t\t\t\t<div class=\"elementor-column elementor-col-100 elementor-top-column elementor-element elementor-element-33be02ef\" data-id=\"33be02ef\" data-element_type=\"column\">\n\t\t\t<div class=\"elementor-widget-wrap elementor-element-populated\">\n\t\t\t\t\t\t\t\t<div class=\"elementor-element elementor-element-6c4a91f9 elementor-widget elementor-widget-text-editor\" data-id=\"6c4a91f9\" data-element_type=\"widget\" data-widget_type=\"text-editor.default\">\n\t\t\t\t<div class=\"elementor-widget-container\">\n\t\t\t<style>\/*! elementor - v3.10.1 - 17-01-2023 *\/\n.elementor-widget-text-editor.elementor-drop-cap-view-stacked .elementor-drop-cap{background-color:#818a91;color:#fff}.elementor-widget-text-editor.elementor-drop-cap-view-framed .elementor-drop-cap{color:#818a91;border:3px solid;background-color:transparent}.elementor-widget-text-editor:not(.elementor-drop-cap-view-default) .elementor-drop-cap{margin-top:8px}.elementor-widget-text-editor:not(.elementor-drop-cap-view-default) .elementor-drop-cap-letter{width:1em;height:1em}.elementor-widget-text-editor .elementor-drop-cap{float:left;text-align:center;line-height:1;font-size:50px}.elementor-widget-text-editor .elementor-drop-cap-letter{display:inline-block}<\/style>\t\t\t\t<p><strong>Pol\u00edtica Al Margen<\/strong><\/p><p><strong>Por Jaime Arizmendi<\/strong><\/p><p>*Habr\u00e1 Resultados Electorales Desde el 1 de Junio: INE<\/p><p>*2025 \u00bfDurango Premonitorio Villegas?<\/p><p>*Irregularidades en Cuenta P\u00fablica 2022 de Armando Ayala<\/p><p>Argonmexico \/ Pa\u00b4qu\u00e9 deshojar margaritas\u2026 A partir de que el Congreso de la Uni\u00f3n aprob\u00f3 en septiembre pasado la reforma constitucional para que se elija mediante voto popular a ministros, magistrados y jueces de la Suprema Corte de Justicia de la Naci\u00f3n (SCJN), el 1 de junio pr\u00f3ximo se realizar\u00e1 por primera ocasi\u00f3n en todo el pa\u00eds la elecci\u00f3n de integrantes del Poder Judicial.<\/p><p>Ese mismo primer domingo del sexto mes del a\u00f1o, la ciudadan\u00eda de los estados de Durango (gobernado por el PRI) y Veracruz (bajo el mando de Morena), tambi\u00e9n elegir\u00e1 mil 458 cargos. En el primer estado se renovar\u00e1n las 39 presidencias municipales, con 39 sindicaturas y 326 regidur\u00edas; y en Veracruz se votar\u00e1 por 212 ayuntamientos, 212 sindicaturas y 630 regidur\u00edas.<\/p><p>Por ello, el Instituto Nacional Electoral (INE) planea y da seguimiento a la correcta organizaci\u00f3n de estos procesos a trav\u00e9s del Plan Integral y los calendarios de coordinaci\u00f3n, integrados por las actividades estrat\u00e9gicas que deben realizar tanto \u00e1reas del m\u00e1ximo \u00f3rgano comicial, como de los organismos p\u00fablicos locales (OPL) de ambas entidades.<\/p><p>M\u00e1s all\u00e1 de los debates y posiciones en contra, el INE informa que, con el Proceso Electoral Judicial, se elegir\u00e1n a las personas que ocupar\u00e1n uno de los nueve cargos de Ministras y Ministros de la SCJN, dos en Magistraturas de las Salas Superior y 15 Magistraturas en Salas Regionales del Tribunal Electoral del Poder Judicial de la Federaci\u00f3n (TEPJF).<\/p><p>Igualmente, afirma que a trav\u00e9s del sufragio popular se designar\u00e1 a quienes integrar\u00e1n uno de los cinco cargos en el Tribunal de Disciplina Judicial, 464 en Magistraturas de Circuito y 386 juezas o jueces de Distrito.<\/p><p>El INE contempla adem\u00e1s que la Jornada Electoral tendr\u00e1 lugar el 1 de junio de 2025, cuya votaci\u00f3n deber\u00e1 realizarse de las 8:00 a las 18:00 horas; en tanto que los Resultados de la Elecci\u00f3n se dar\u00e1n a conocer mediante una Sesi\u00f3n Especial de C\u00f3mputos Distritales, con un plazo acordado que abarcar\u00e1 del 1 al 12 de junio.<\/p><p>Respecto a la \u201cAsignaci\u00f3n de Cargos\u201d, determin\u00f3 se inicie con la identificaci\u00f3n por el INE de las candidaturas que hayan obtenido el mayor n\u00famero de votos y la asignaci\u00f3n de estas en cada cargo, en funci\u00f3n de su especializaci\u00f3n por materia y alternando entre mujeres y hombres, para concluir con la entrega de las constancias de mayor\u00eda a las candidaturas que resulten ganadoras y la emisi\u00f3n de la declaraci\u00f3n de validez respectiva.<\/p><p>En cuanto a la \u201cDeclaraci\u00f3n de Validez\u201d, indica que esta \u201cinicia al resolverse el \u00faltimo de los medios de impugnaci\u00f3n que se hubiesen interpuesto en contra de esta elecci\u00f3n o cuando se tenga constancia que no se present\u00f3 ninguno, y concluye al aprobar la Sala Superior del TEPJF o la SCJN, el dictamen que contenga el c\u00f3mputo final de la elecci\u00f3n\u201d.<\/p><p>En relaci\u00f3n a los comicios locales en la tierra del Centauro del Norte, la presidenta nacional de Morena, Luisa Mar\u00eda Alcalde, confirm\u00f3 este mi\u00e9rcoles la designaci\u00f3n de quienes seguramente contender\u00e1n bajo el emblema de su partido (seguramente con el aval del PVEM y el PT), por los municipios de Durango, G\u00f3mez Palacio y Lerdo.<\/p><p>A trav\u00e9s de su cuenta en la red social X, la extitular de la Secretar\u00eda de Gobernaci\u00f3n (Segob) adujo: Este a\u00f1o habr\u00e1 elecciones municipales en Durango y llegar\u00e1 la Transformaci\u00f3n. En apego a nuestras reglas internas y m\u00e9todos democr\u00e1ticos de selecci\u00f3n, nombramos como promotores de la Cuarta Transformaci\u00f3n a Jos\u00e9 Ram\u00f3n Enr\u00edquez Herrera en el municipio de Durango; Betzab\u00e9 Mart\u00ednez Arango en G\u00f3mez Palacio y Flora Isela Leal M\u00e9ndez en Lerdo.<\/p><p>Para a\u00f1adir en su perfil conocido con el nombre de @LuisaAlcalde: \u201cestamos seguros que, en unidad y con trabajo en territorio, se ganar\u00e1n la confianza del pueblo duranguense\u201d.<\/p><p>Sobre el tema, comunicadores de la tierra de los alacranes sostienen que con esa designaci\u00f3n el exsenador, exdiputado y expresidente municipal precisamente de Durango (2016-2019), Jos\u00e9 Ram\u00f3n Enr\u00edquez Herrera, dej\u00f3 en la lona a contendientes de peso como la senadora Lilia Margarita Valdez Mart\u00ednez y Luis Iv\u00e1n Gurrola Vega.<\/p><p>En torno a Betzab\u00e9 Mart\u00ednez Arango designada como coordinadora de los Comit\u00e9s de Defensa del Voto para G\u00f3mez Palacio, a pesar de que en las encuestas internas fue superada por el boxeador Cristian Mijares, la decisi\u00f3n final se aline\u00f3 con el principio de paridad de g\u00e9nero.<\/p><p>Por su parte, Flora Leal fue seleccionada para Lerdo tras ganar la encuesta de conocimiento organizada por el partido. Ambas candidatas buscar\u00e1n fortalecer la presencia de Morena en estos municipios clave para las pr\u00f3ximas elecciones.<\/p><p>Y es que en esos comicios se avizora que la alianza PRI-PAN-MC ser\u00e1 f\u00e9rrea, ante las y los abanderados de la Cuarta Transformaci\u00f3n con Morena-PVEM-PT. No ser\u00e1 un paseo en la alameda, cuando el gobierno del pri\u00edsta Esteban Villegas echar\u00e1 toda la carne al asador para no perder esas alcald\u00edas, porque le significar\u00eda ceder de forma anticipada la gubernatura a renovar en 2028. Ah\u00ed te lo haiga, dir\u00eda el cl\u00e1sico\u2026<\/p><p>Pende la guada\u00f1a sobre senador moreno\u2026 El viernes 17 de enero, la Comisi\u00f3n de Fiscalizaci\u00f3n del Gasto P\u00fablico del Congreso local de Baja California, present\u00f3 ante el Pleno dict\u00e1menes de rechazo a la cuenta p\u00fablica 2022 del Ayuntamiento de Ensenada, que entonces encabezaba el ahora senador Armando Ayala Robles.<\/p><p>Aunque otros dict\u00e1menes con irregularidades tambi\u00e9n sacudieron a los extitulares del Fideicomiso Promotora Municipal de Tijuana (Promun); y del Instituto para el Desarrollo Inmobiliario de la Vivienda (Indivi); igualmente fueron aprobados en votaci\u00f3n nominal por los diputados locales.<\/p><p>Todo parecer\u00eda un tr\u00e1mite legislativo normal si solamente el asunto se quedara ah\u00ed, en otro dictamen m\u00e1s en contra de meras irregularidades en el manejo de un erario municipal; pero el asunto cobr\u00f3 tintes de estridencia cuando se advierte que se observa como un duro batazo para el senador Ayala Robles a quien hace tambalear en su b\u00fasqueda de alcanzar la candidatura para suceder a Marina del Pilar \u00c1vila en la gubernatura.<\/p><p>Peor a\u00fan cuando el Congreso estatal ya cedi\u00f3 la informaci\u00f3n relativa a las irregularidades detectadas en las finanzas de Ensenada correspondientes al periodo del 1 de enero al 31 de diciembre de 2022 a la Auditor\u00eda Superior del Estado (ASEBC) encargada de revisar con lupa las cuentas p\u00fablicas y de evaluar los resultados de la gesti\u00f3n financiera y comprobar el cumplimiento de lo dispuesto en la Ley.<\/p><p>Con todo, la Comisi\u00f3n legislativa que preside la diputada Alejandra Mar\u00eda Ang Hern\u00e1ndez, remarca que la fiscalizaci\u00f3n consiste en vigilar las actividades de los entes p\u00fablicos para confirmar que se ajustan a los principios de legalidad, definitividad, imparcialidad y confiabilidad, para lo cual el Congreso del estado se auxilia de la ASEBC.<\/p><p>Incluso fue m\u00e1s all\u00e1 al se\u00f1alar con \u00edndice flam\u00edgero que, la aprobaci\u00f3n de los dict\u00e1menes, no suspende el tr\u00e1mite de las acciones promovidas por la Auditor\u00eda Superior del Estado, de manera que contin\u00faa el tr\u00e1mite correspondiente. AAR, Solo quien carga el caj\u00f3n, sabe lo que pesa el muerto\u2026<\/p><p>argondirector@gmail.com y argonmexico@gmail.com<\/p>\t\t\t\t\t\t<\/div>\n\t\t\t\t<\/div>\n\t\t\t\t\t<\/div>\n\t\t<\/div>\n\t\t\t\t\t\t\t<\/div>\n\t\t<\/section>\n\t\t\t\t\t\t\t<\/div>\n\t\t","protected":false},"excerpt":{"rendered":"<p>Pol\u00edtica Al Margen Por Jaime Arizmendi *Habr\u00e1 Resultados Electorales Desde el 1 de Junio: INE *2025 \u00bfDurango Premonitorio Villegas? *Irregularidades en Cuenta P\u00fablica 2022 de Armando Ayala Argonmexico \/ Pa\u00b4qu\u00e9 deshojar margaritas\u2026 A partir de que el Congreso de la Uni\u00f3n aprob\u00f3 en septiembre pasado la reforma constitucional para que se elija mediante voto popular [&hellip;]<\/p>\n","protected":false},"author":1,"featured_media":14622,"comment_status":"closed","ping_status":"closed","sticky":false,"template":"","format":"standard","meta":[],"categories":[28],"tags":[],"_links":{"self":[{"href":"https:\/\/www.septinoticias.com.mx\/index.php?rest_route=\/wp\/v2\/posts\/84836"}],"collection":[{"href":"https:\/\/www.septinoticias.com.mx\/index.php?rest_route=\/wp\/v2\/posts"}],"about":[{"href":"https:\/\/www.septinoticias.com.mx\/index.php?rest_route=\/wp\/v2\/types\/post"}],"author":[{"embeddable":true,"href":"https:\/\/www.septinoticias.com.mx\/index.php?rest_route=\/wp\/v2\/users\/1"}],"replies":[{"embeddable":true,"href":"https:\/\/www.septinoticias.com.mx\/index.php?rest_route=%2Fwp%2Fv2%2Fcomments&post=84836"}],"version-history":[{"count":4,"href":"https:\/\/www.septinoticias.com.mx\/index.php?rest_route=\/wp\/v2\/posts\/84836\/revisions"}],"predecessor-version":[{"id":84840,"href":"https:\/\/www.septinoticias.com.mx\/index.php?rest_route=\/wp\/v2\/posts\/84836\/revisions\/84840"}],"wp:featuredmedia":[{"embeddable":true,"href":"https:\/\/www.septinoticias.com.mx\/index.php?rest_route=\/wp\/v2\/media\/14622"}],"wp:attachment":[{"href":"https:\/\/www.septinoticias.com.mx\/index.php?rest_route=%2Fwp%2Fv2%2Fmedia&parent=84836"}],"wp:term":[{"taxonomy":"category","embeddable":true,"href":"https:\/\/www.septinoticias.com.mx\/index.php?rest_route=%2Fwp%2Fv2%2Fcategories&post=84836"},{"taxonomy":"post_tag","embeddable":true,"href":"https:\/\/www.septinoticias.com.mx\/index.php?rest_route=%2Fwp%2Fv2%2Ftags&post=84836"}],"curies":[{"name":"wp","href":"https:\/\/api.w.org\/{rel}","templated":true}]}}