{"id":84699,"date":"2025-01-22T09:15:21","date_gmt":"2025-01-22T09:15:21","guid":{"rendered":"https:\/\/www.septinoticias.com.mx\/?p=84699"},"modified":"2025-01-22T18:21:13","modified_gmt":"2025-01-22T18:21:13","slug":"congresos-estatales-de-mexico-destacaron-el-trabajo-de-sus-primeros-100-dias-al-frente-del-ejecutivo-federal","status":"publish","type":"post","link":"https:\/\/www.septinoticias.com.mx\/?p=84699","title":{"rendered":"Congresos Estatales de M\u00e9xico Destacaron el Trabajo de Sus Primeros 100 D\u00edas al Frente del Ejecutivo Federal"},"content":{"rendered":"\t\t<div data-elementor-type=\"wp-post\" data-elementor-id=\"84699\" class=\"elementor elementor-84699\">\n\t\t\t\t\t\t\t\t\t<section class=\"elementor-section elementor-top-section elementor-element elementor-element-20bbcd3b elementor-section-boxed elementor-section-height-default elementor-section-height-default\" data-id=\"20bbcd3b\" data-element_type=\"section\">\n\t\t\t\t\t\t<div class=\"elementor-container elementor-column-gap-default\">\n\t\t\t\t\t<div class=\"elementor-column elementor-col-100 elementor-top-column elementor-element elementor-element-33be02ef\" data-id=\"33be02ef\" data-element_type=\"column\">\n\t\t\t<div class=\"elementor-widget-wrap elementor-element-populated\">\n\t\t\t\t\t\t\t\t<div class=\"elementor-element elementor-element-6c4a91f9 elementor-widget elementor-widget-text-editor\" data-id=\"6c4a91f9\" data-element_type=\"widget\" data-widget_type=\"text-editor.default\">\n\t\t\t\t<div class=\"elementor-widget-container\">\n\t\t\t<style>\/*! elementor - v3.10.1 - 17-01-2023 *\/\n.elementor-widget-text-editor.elementor-drop-cap-view-stacked .elementor-drop-cap{background-color:#818a91;color:#fff}.elementor-widget-text-editor.elementor-drop-cap-view-framed .elementor-drop-cap{color:#818a91;border:3px solid;background-color:transparent}.elementor-widget-text-editor:not(.elementor-drop-cap-view-default) .elementor-drop-cap{margin-top:8px}.elementor-widget-text-editor:not(.elementor-drop-cap-view-default) .elementor-drop-cap-letter{width:1em;height:1em}.elementor-widget-text-editor .elementor-drop-cap{float:left;text-align:center;line-height:1;font-size:50px}.elementor-widget-text-editor .elementor-drop-cap-letter{display:inline-block}<\/style>\t\t\t\t<p><strong>Pachuca, Hgo., 21 de enero 2025.- <\/strong><a href=\"https:\/\/www.oem.com.mx\/elsoldehidalgo\/local\/exhortan-a-manejar-los-recursos-con-austeridad-y-transparencia-21178237\">El Congreso loca<\/a>l de Hidalgo dio a conocer que \u201ccomo un s\u00edmbolo de respaldo y reconocimiento hacia la presidenta de la Rep\u00fablica, Claudia Sheinbaum Pardo, por iniciativa del<a href=\"https:\/\/www.oem.com.mx\/elsoldehidalgo\/local\/hidalgo-realizaran-foros-para-reforma-judicial-21190882\">\u00a0presidente de la Junta de Gobierno<\/a>, Andr\u00e9s Vel\u00e1zquez V\u00e1zquez, diputadas y diputados de los congresos estatales de M\u00e9xico destacaron el trabajo de sus primeros 100 d\u00edas al frente del Ejecutivo federal\u201d.<\/p><p>En una carta enviada a la titular del Ejecutivo federal en relaci\u00f3n con los primeros 100 d\u00edas de su administraci\u00f3n, aseguraron que con su liderazgo\u00a0\u201cha demostrado un trabajo incansable por el pueblo de M\u00e9xico y un inquebrantable compromiso con los principios y valores que impulsamos para el cambio verdadero de la vida p\u00fablica nacional, a partir de la construcci\u00f3n del segundo piso de la Cuarta Transformaci\u00f3n\u201d.<\/p><p>Asimismo, se\u00f1alan que \u201cante las decisiones controversiales que ha tomado el presidente de los Estados Unidos de Am\u00e9rica, Donald Trump, los diputados otorgaron su apoyo incondicional a la presidenta\u00a0en la defensa de la soberan\u00eda nacional, el reconocimiento y ampliaci\u00f3n de los derechos de la sociedad y la generaci\u00f3n de bienestar para el mejoramiento de la calidad de vida de las mayor\u00edas\u201d<\/p><p>Adem\u00e1s, afirman que\u00a0\u201ccomo congresos estatales unidos, reafirmaron su compromiso con el pleno desarrollo de M\u00e9xico para alcanzar mejores condiciones para el ejercicio de las libertades,\u00a0el acceso a la justicia pronta y expedita para todas y todos, as\u00ed como la generaci\u00f3n de riqueza y su eficiente distribuci\u00f3n\u201d.<\/p><p>Adem\u00e1s, coincidieron con la mandataria\u00a0\u201cen que la imposici\u00f3n de aranceles impactar\u00eda de manera directa en la competitividad de Am\u00e9rica del Norte,\u00a0una de las regiones m\u00e1s importantes del mundo debido a las cadenas productivas que generan sus empresas\u201d.<\/p><p>En otro de los puntos destacados de la carta,\u00a0los legisladores manifestaron su respaldo a las pol\u00edticas y acciones para proteger los derechos de las personas migrantes\u00a0y las mejoras en las condiciones de vida de sus pa\u00edses de origen.<\/p><p>Igualmente,\u00a0recordaron que M\u00e9xico es una naci\u00f3n rica en cultura, historia y diversidad, por lo que debe ser considerado un pa\u00eds aliado y amigo,\u00a0promotor de los puentes de di\u00e1logo para mantener la paz y la cooperaci\u00f3n, donde prevalezcan valores como el respeto, la dignidad, la justicia y la solidaridad, como ha solicitado la presidenta de M\u00e9xico.<\/p><p>El documento reuni\u00f3 las firmas de los presidentes de las juntas de gobierno\u00a0y coordinadores de grupos legislativos de Morena.<\/p>\t\t\t\t\t\t<\/div>\n\t\t\t\t<\/div>\n\t\t\t\t\t<\/div>\n\t\t<\/div>\n\t\t\t\t\t\t\t<\/div>\n\t\t<\/section>\n\t\t\t\t\t\t\t<\/div>\n\t\t","protected":false},"excerpt":{"rendered":"<p>Pachuca, Hgo., 21 de enero 2025.- El Congreso local de Hidalgo dio a conocer que \u201ccomo un s\u00edmbolo de respaldo y reconocimiento hacia la presidenta de la Rep\u00fablica, Claudia Sheinbaum Pardo, por iniciativa del\u00a0presidente de la Junta de Gobierno, Andr\u00e9s Vel\u00e1zquez V\u00e1zquez, diputadas y diputados de los congresos estatales de M\u00e9xico destacaron el trabajo de [&hellip;]<\/p>\n","protected":false},"author":1,"featured_media":84701,"comment_status":"closed","ping_status":"closed","sticky":false,"template":"","format":"standard","meta":[],"categories":[9],"tags":[],"_links":{"self":[{"href":"https:\/\/www.septinoticias.com.mx\/index.php?rest_route=\/wp\/v2\/posts\/84699"}],"collection":[{"href":"https:\/\/www.septinoticias.com.mx\/index.php?rest_route=\/wp\/v2\/posts"}],"about":[{"href":"https:\/\/www.septinoticias.com.mx\/index.php?rest_route=\/wp\/v2\/types\/post"}],"author":[{"embeddable":true,"href":"https:\/\/www.septinoticias.com.mx\/index.php?rest_route=\/wp\/v2\/users\/1"}],"replies":[{"embeddable":true,"href":"https:\/\/www.septinoticias.com.mx\/index.php?rest_route=%2Fwp%2Fv2%2Fcomments&post=84699"}],"version-history":[{"count":4,"href":"https:\/\/www.septinoticias.com.mx\/index.php?rest_route=\/wp\/v2\/posts\/84699\/revisions"}],"predecessor-version":[{"id":84704,"href":"https:\/\/www.septinoticias.com.mx\/index.php?rest_route=\/wp\/v2\/posts\/84699\/revisions\/84704"}],"wp:featuredmedia":[{"embeddable":true,"href":"https:\/\/www.septinoticias.com.mx\/index.php?rest_route=\/wp\/v2\/media\/84701"}],"wp:attachment":[{"href":"https:\/\/www.septinoticias.com.mx\/index.php?rest_route=%2Fwp%2Fv2%2Fmedia&parent=84699"}],"wp:term":[{"taxonomy":"category","embeddable":true,"href":"https:\/\/www.septinoticias.com.mx\/index.php?rest_route=%2Fwp%2Fv2%2Fcategories&post=84699"},{"taxonomy":"post_tag","embeddable":true,"href":"https:\/\/www.septinoticias.com.mx\/index.php?rest_route=%2Fwp%2Fv2%2Ftags&post=84699"}],"curies":[{"name":"wp","href":"https:\/\/api.w.org\/{rel}","templated":true}]}}