{"id":84693,"date":"2025-01-22T09:02:35","date_gmt":"2025-01-22T09:02:35","guid":{"rendered":"https:\/\/www.septinoticias.com.mx\/?p=84693"},"modified":"2025-01-22T18:03:16","modified_gmt":"2025-01-22T18:03:16","slug":"32-gobernadores-de-la-conago-apoyan-presidenta-claudia-sheinbaum-para-que-mexico-siga-siendo-un-pais-libre-independiente-y-soberano","status":"publish","type":"post","link":"https:\/\/www.septinoticias.com.mx\/?p=84693","title":{"rendered":"32 Gobernadores de la Conago Apoyan Presidenta Claudia Sheinbaum, Para que M\u00e9xico Siga Siendo un Pa\u00eds, Libre, Independiente y Soberano"},"content":{"rendered":"\t\t<div data-elementor-type=\"wp-post\" data-elementor-id=\"84693\" class=\"elementor elementor-84693\">\n\t\t\t\t\t\t\t\t\t<section class=\"elementor-section elementor-top-section elementor-element elementor-element-20bbcd3b elementor-section-boxed elementor-section-height-default elementor-section-height-default\" data-id=\"20bbcd3b\" data-element_type=\"section\">\n\t\t\t\t\t\t<div class=\"elementor-container elementor-column-gap-default\">\n\t\t\t\t\t<div class=\"elementor-column elementor-col-100 elementor-top-column elementor-element elementor-element-33be02ef\" data-id=\"33be02ef\" data-element_type=\"column\">\n\t\t\t<div class=\"elementor-widget-wrap elementor-element-populated\">\n\t\t\t\t\t\t\t\t<div class=\"elementor-element elementor-element-6c4a91f9 elementor-widget elementor-widget-text-editor\" data-id=\"6c4a91f9\" data-element_type=\"widget\" data-widget_type=\"text-editor.default\">\n\t\t\t\t<div class=\"elementor-widget-container\">\n\t\t\t<style>\/*! elementor - v3.10.1 - 17-01-2023 *\/\n.elementor-widget-text-editor.elementor-drop-cap-view-stacked .elementor-drop-cap{background-color:#818a91;color:#fff}.elementor-widget-text-editor.elementor-drop-cap-view-framed .elementor-drop-cap{color:#818a91;border:3px solid;background-color:transparent}.elementor-widget-text-editor:not(.elementor-drop-cap-view-default) .elementor-drop-cap{margin-top:8px}.elementor-widget-text-editor:not(.elementor-drop-cap-view-default) .elementor-drop-cap-letter{width:1em;height:1em}.elementor-widget-text-editor .elementor-drop-cap{float:left;text-align:center;line-height:1;font-size:50px}.elementor-widget-text-editor .elementor-drop-cap-letter{display:inline-block}<\/style>\t\t\t\t<p>Esta tarde, en una conferencia de la\u00a0Conferencia Nacional de Gobernadores\u00a0(Conago), se emiti\u00f3 un comunicado en el que se respalda a la presidenta\u00a0Claudia Sheinbaum Pardo\u00a0frente a los decretos y amenazas emitidos por\u00a0Donald Trump\u00a0contra M\u00e9xico.<\/p><p>A trav\u00e9s de redes sociales, las y los 32 gobernadores de la Conago expresaron su apoyo absoluto a la presidenta, destacando la defensa de la soberan\u00eda y el bienestar de las y los mexicanos. En el documento se enfatiza que \u201cM\u00e9xico es un pa\u00eds libre, independiente y soberano\u201d y que ha demostrado su capacidad de superar cualquier adversidad.<\/p><p>El texto centrla del comunicado se\u00f1ala: Las gobernadoras y los gobernadores reiteramos nuestro total respaldo al llamado de unidad nacional de nuestra Presidenta <a href=\"https:\/\/www.facebook.com\/ClaudiaSheinbaumPardo?__cft__%5b0%5d=AZWUHZQzFnM7G1bIFcz6oJiBdBv9pxD_2XMAvX9rjoee6VCtBMpLxIwvLoYvHXRt-b8YN_z8JNTT0m9jhAoJWQMLbhZlG0fGIx9Mql6ZZDSUOoZ3jsuoLi2tai0y_iCxOuge3XXhP7M4Eq9sN5XHyZRIrPZwLhH92EDpCFvsJvEKIvGdk6PWF9E8x3MPs9VUjCY&amp;__tn__=-%5dK-R\"><strong>Claudia Sheinbaum<\/strong><\/a>, para defender los derechos de nuestras hermanas y hermanos migrantes en Norteam\u00e9rica.<\/p><p>Respaldamos todas las medidas que emprenda el Gobierno de M\u00e9xico bajo los principios de soberan\u00eda, independencia y autodeterminaci\u00f3n nacional.<\/p><p>Gobernadores y gobernadoras que firmaron el comunicado:<\/p><ul><li>Marina del Pilar \u00c1vila Olmeda (Baja California)<\/li><li>Mariana Teresa Jim\u00e9nez Esquivel (Aguascalientes)<\/li><li>V\u00edctor Manuel Castro Cos\u00edo (Baja California Sur)<\/li><li>Layda Elena Sansores San Rom\u00e1n (Campeche)<\/li><li>Eduardo Ram\u00edrez Aguilar (Chiapas)<\/li><li>Mar\u00eda Eugenia Campos Galv\u00e1n (Chihuahua)<\/li><li>Clara Marina Brugada Molina (CDMX)<\/li><li>Manolo Jim\u00e9nez Salinas (Coahuila)<\/li><li>Indira Vizca\u00edno Silva (Colima)<\/li><li>Esteban Alejandro Villegas Villarreal (Durango)<\/li><li>Libia Dennise Garc\u00eda Mu\u00f1oz Ledo (Guanajuato)<\/li><li>Evelyn Cecia Salgado Pineda (Guerrero)<\/li><li>Julio Ram\u00f3n Menchaca Salazar (Hidalgo)<\/li><li>Jes\u00fas Pablo Lemus Navarro (Jalisco)<\/li><li>Delfina G\u00f3mez \u00c1lvarez (Estado de M\u00e9xico)<\/li><li>Alfredo Ram\u00edrez Bedolla (Michoac\u00e1n)<\/li><li>Margarita Gonz\u00e1lez Saravia Calder\u00f3n (Morelos)<\/li><li>Miguel \u00c1ngel Navarro Quintero (Nayarit)<\/li><li>Samuel Alejandro Garc\u00eda Sep\u00falveda (Nuevo Le\u00f3n)<\/li><li>Salom\u00f3n Jara Cruz (Oaxaca)<\/li><li>Alejandro Armenta Mier (Puebla)<\/li><li>Mauricio Kuri Gonz\u00e1lez (Quer\u00e9taro)<\/li><li>Mar\u00eda Elena Hermelinda Lezama Espinosa (Quintana Roo)<\/li><li>Jos\u00e9 Ricardo Gallardo Cardona (San Luis Potos\u00ed)<\/li><li>Rub\u00e9n Rocha Moya (Sinaloa)<\/li><li>Francisco Alfonso Durazo Monta\u00f1o (Sonora)<\/li><li>Javier May Rodr\u00edguez (Tabasco)<\/li><li>Am\u00e9rico Villareal Anaya (Tamaulipas)<\/li><li>Leonora Cu\u00e9llar Cisneros (Tlaxcala)<\/li><li>Norma Roc\u00edo Nahle Garc\u00eda (Veracruz)<\/li><li>Joaqu\u00edn Jes\u00fas D\u00edaz Mena (Yucat\u00e1n)<\/li><li>David Monreal \u00c1vila (Zacatecas)<\/li><\/ul><p>\u00a0<\/p>\t\t\t\t\t\t<\/div>\n\t\t\t\t<\/div>\n\t\t\t\t\t<\/div>\n\t\t<\/div>\n\t\t\t\t\t\t\t<\/div>\n\t\t<\/section>\n\t\t\t\t\t\t\t<\/div>\n\t\t","protected":false},"excerpt":{"rendered":"<p>Esta tarde, en una conferencia de la\u00a0Conferencia Nacional de Gobernadores\u00a0(Conago), se emiti\u00f3 un comunicado en el que se respalda a la presidenta\u00a0Claudia Sheinbaum Pardo\u00a0frente a los decretos y amenazas emitidos por\u00a0Donald Trump\u00a0contra M\u00e9xico. A trav\u00e9s de redes sociales, las y los 32 gobernadores de la Conago expresaron su apoyo absoluto a la presidenta, destacando la [&hellip;]<\/p>\n","protected":false},"author":1,"featured_media":84695,"comment_status":"closed","ping_status":"closed","sticky":false,"template":"","format":"standard","meta":[],"categories":[9],"tags":[],"_links":{"self":[{"href":"https:\/\/www.septinoticias.com.mx\/index.php?rest_route=\/wp\/v2\/posts\/84693"}],"collection":[{"href":"https:\/\/www.septinoticias.com.mx\/index.php?rest_route=\/wp\/v2\/posts"}],"about":[{"href":"https:\/\/www.septinoticias.com.mx\/index.php?rest_route=\/wp\/v2\/types\/post"}],"author":[{"embeddable":true,"href":"https:\/\/www.septinoticias.com.mx\/index.php?rest_route=\/wp\/v2\/users\/1"}],"replies":[{"embeddable":true,"href":"https:\/\/www.septinoticias.com.mx\/index.php?rest_route=%2Fwp%2Fv2%2Fcomments&post=84693"}],"version-history":[{"count":4,"href":"https:\/\/www.septinoticias.com.mx\/index.php?rest_route=\/wp\/v2\/posts\/84693\/revisions"}],"predecessor-version":[{"id":84698,"href":"https:\/\/www.septinoticias.com.mx\/index.php?rest_route=\/wp\/v2\/posts\/84693\/revisions\/84698"}],"wp:featuredmedia":[{"embeddable":true,"href":"https:\/\/www.septinoticias.com.mx\/index.php?rest_route=\/wp\/v2\/media\/84695"}],"wp:attachment":[{"href":"https:\/\/www.septinoticias.com.mx\/index.php?rest_route=%2Fwp%2Fv2%2Fmedia&parent=84693"}],"wp:term":[{"taxonomy":"category","embeddable":true,"href":"https:\/\/www.septinoticias.com.mx\/index.php?rest_route=%2Fwp%2Fv2%2Fcategories&post=84693"},{"taxonomy":"post_tag","embeddable":true,"href":"https:\/\/www.septinoticias.com.mx\/index.php?rest_route=%2Fwp%2Fv2%2Ftags&post=84693"}],"curies":[{"name":"wp","href":"https:\/\/api.w.org\/{rel}","templated":true}]}}