{"id":72200,"date":"2024-10-09T08:45:42","date_gmt":"2024-10-09T08:45:42","guid":{"rendered":"https:\/\/www.septinoticias.com.mx\/?p=72200"},"modified":"2024-10-09T16:48:16","modified_gmt":"2024-10-09T16:48:16","slug":"estrategia-de-seguridad-atender-causas-harfuch","status":"publish","type":"post","link":"https:\/\/www.septinoticias.com.mx\/?p=72200","title":{"rendered":"Estrategia de Seguridad, Atender Causas; Harfuch"},"content":{"rendered":"\t\t<div data-elementor-type=\"wp-post\" data-elementor-id=\"72200\" class=\"elementor elementor-72200\">\n\t\t\t\t\t\t\t\t\t<section class=\"elementor-section elementor-top-section elementor-element elementor-element-20bbcd3b elementor-section-boxed elementor-section-height-default elementor-section-height-default\" data-id=\"20bbcd3b\" data-element_type=\"section\">\n\t\t\t\t\t\t<div class=\"elementor-container elementor-column-gap-default\">\n\t\t\t\t\t<div class=\"elementor-column elementor-col-100 elementor-top-column elementor-element elementor-element-33be02ef\" data-id=\"33be02ef\" data-element_type=\"column\">\n\t\t\t<div class=\"elementor-widget-wrap elementor-element-populated\">\n\t\t\t\t\t\t\t\t<div class=\"elementor-element elementor-element-6c4a91f9 elementor-widget elementor-widget-text-editor\" data-id=\"6c4a91f9\" data-element_type=\"widget\" data-widget_type=\"text-editor.default\">\n\t\t\t\t<div class=\"elementor-widget-container\">\n\t\t\t<style>\/*! elementor - v3.10.1 - 17-01-2023 *\/\n.elementor-widget-text-editor.elementor-drop-cap-view-stacked .elementor-drop-cap{background-color:#818a91;color:#fff}.elementor-widget-text-editor.elementor-drop-cap-view-framed .elementor-drop-cap{color:#818a91;border:3px solid;background-color:transparent}.elementor-widget-text-editor:not(.elementor-drop-cap-view-default) .elementor-drop-cap{margin-top:8px}.elementor-widget-text-editor:not(.elementor-drop-cap-view-default) .elementor-drop-cap-letter{width:1em;height:1em}.elementor-widget-text-editor .elementor-drop-cap{float:left;text-align:center;line-height:1;font-size:50px}.elementor-widget-text-editor .elementor-drop-cap-letter{display:inline-block}<\/style>\t\t\t\t<p><strong>Pol\u00edtica Al Margen<\/strong><\/p><p><strong>Por Jaime Arizmendi<\/strong><\/p><p><strong>*Estrategia de Seguridad, Atender Causas; Harfuch<\/strong><\/p><p><strong>*GN Ante Polic\u00eda Municipal no Confiable<\/strong><\/p><p><strong>*Acabar con Franeleros en CDMX, Tarea de Clara Brugada<\/strong><\/p><p><strong>Argonmexico \/ Al mal paso, darle prisa\u2026<\/strong> En la \u201cMa\u00f1anera del Pueblo\u201d que encabez\u00f3 este martes la presidenta Claudia Sheinbaum Pardo, correspondi\u00f3 al titular de la SSPC, Omar Garc\u00eda Harfuch, presentar la Estrategia Nacional de Seguridad basada en atender las causas, consolidar a la Guardia Nacional, fortalecer la inteligencia e investigaci\u00f3n y consolidar el Gabinete de Seguridad.<\/p><p>Con el respaldo y presencia en el Sal\u00f3n Tesorer\u00eda de Palacio Nacional de los secretarios de Defensa Nacional (Sedena), general Ricardo Trevilla Trejo; y Marina (Semar), almirante Raymundo Pedro Morales \u00c1ngeles; se anunci\u00f3 la creaci\u00f3n de la Subsecretar\u00eda de Inteligencia e Investigaci\u00f3n Policial dentro de la Secretar\u00eda de Seguridad P\u00fablica Ciudadana a su cargo.<\/p><p>La Estrategia Nacional de Seguridad comprende cuatro ejes principales: La atenci\u00f3n a las causas, el robustecimiento de la Guardia Nacional, el fortalecimiento de la inteligencia y la investigaci\u00f3n, y la consolidaci\u00f3n del Gabinete de Seguridad en coordinaci\u00f3n con las entidades federativas.<\/p><p>Respecto a la atenci\u00f3n a las causas, se priorizar\u00e1 la atenci\u00f3n a las familias m\u00e1s vulnerables, y se buscar\u00e1 reducir la pobreza mediante la generaci\u00f3n de oportunidades para las y los j\u00f3venes, particularmente en los pol\u00edgonos de m\u00e1s alta incidencia delictiva y de adicciones.<\/p><p>De la Guardia Nacional, Garc\u00eda Harfuch rechaz\u00f3 haya una militarizaci\u00f3n con el paso de esta corporaci\u00f3n al mando de la Sedena, cuyo sistema educativo permitir\u00e1 utilizar sus 40 planteles militares para brindar la formaci\u00f3n de los elementos de la GN, al resaltar el papel que juega con m\u00e1s de 133 mil agentes, sobre todo en las comunidades donde no hay una Polic\u00eda Municipal confiable.<\/p><p>La tercera postura que tiene que ver con el fortalecimiento a labores de inteligencia e investigaci\u00f3n consiste en anteponer la prevenci\u00f3n de delitos a la reacci\u00f3n frente a los mismos, \u201cutilizando inteligencia y recursos tecnol\u00f3gicos m\u00e1s avanzados para analizar datos, identificar patrones y comprender las din\u00e1micas en las zonas con mayor incidencia\u201d.<\/p><p>La Subsecretar\u00eda de Inteligencia e Investigaci\u00f3n Policial, se crear\u00e1 dentro de la SSPC y se reforzar\u00e1 con analistas, investigadores de campo, investigadores de gabinete y especialistas t\u00e9cnicos que traduzcan la informaci\u00f3n recabada por las instituciones en \u201celementos que garanticen la solidez de las carpetas de investigaci\u00f3n\u201d relacionadas con redes criminales.<\/p><p>Coordinaci\u00f3n absoluta en el gabinete de seguridad y con los estados, donde se establecieron tres objetivos principales para la construcci\u00f3n de paz en el pa\u00eds, como disminuir la incidencia delictiva, principalmente de homicidios dolosos y delitos de alto impacto como la extorsi\u00f3n, neutralizar generadores de violencia y redes criminales.<\/p><p>Con todo ello, se intensificar\u00e1 la atenci\u00f3n a zonas de alta incidencia delictiva, se fortalecer\u00e1n las capacidades de prevenci\u00f3n y proximidad social de las polic\u00edas locales y se mejorar\u00e1 el di\u00e1logo con todos los sectores de la sociedad.<\/p><p>Cobro de piso por cuidacoches\u2026 Desde hace a\u00f1os, quiz\u00e1 d\u00e9cadas, miles de ciudadanos sufren en la capital del pa\u00eds los abusos de los viene-viene quienes se han apropiado de calles y de todo espacio p\u00fablico, donde se pueden estacionar automotores. En vialidades aleda\u00f1as a centros m\u00e9dicos o de oficinas gubernamentales casi siempre de repente aparecen los cuidacoches.<\/p><p>Esa plaga opera donde sea. Por ejemplo, en el Bosque de Chapultepec, cerca del Museo Nacional de Antropolog\u00eda, m\u00e1s tarda un conductor en intentar estacionar su veh\u00edculo en que los tambi\u00e9n llamados franeleros se apuesten al lado del manejador y le ordenen debe pagarles 50 o hasta 200 pesos por \u201cpermitirles dejar ah\u00ed su automotor\u201d.<\/p><p>Igualmente, en zonas aleda\u00f1as a hospitales como el Centro M\u00e9dico La Raza, el de Magdalena de las Salinas o el Hospital General de Zona 58, donde quienes van a visitar a un familiar internado en los nosocomios son v\u00edctimas de los viene-viene, regularmente gente con tatuajes en brazos y cara, quienes exigen el pago de 50 o 60 pesos \u201cpor cuidar su coche el tiempo que quiera\u201d.<\/p><p>Lo m\u00e1s grave de todo es que algunos cuentan con chalecos y \u201cgafetes\u201d o \u201cpermisos\u201d supuestamente otorgados por \u201cfuncionarios de v\u00eda p\u00fablica\u201d de las alcald\u00edas, y los ciudadanos se ven obligados a pagar, para evitar que sus veh\u00edculos sean da\u00f1ados por los \u201ccobradores de piso oficiales\u201d, quienes incluso en ocasiones en el mismo lugar est\u00e1n fumando mariguana.<\/p><p>En mayo de 2018, tras las constantes denuncias realizadas ante el fantasmal Consejo Ciudadano para la Seguridad y Justicia de la CDMX, por los cobros abusivos de franeleros en las calles circundantes al Hospital de Traumatolog\u00eda Magdalena de las Salinas, \u00e9stos fueron retirados; pero semanas despu\u00e9s volvieron por sus fueros. Y como la Puerta de Alcal\u00e1, ah\u00ed est\u00e1n.<\/p><p>Uno de estos alarmantes casos lo representan las decenas de franeleros que se han adue\u00f1ado de la extensa zona alrededor del Centro M\u00e9dico Nacional La Raza. Los viene-viene acechan a su presa, apenas se acerca un conductor en busca de un espacio d\u00f3nde estacionar su auto y enseguida comienzan a operar, ofrecen un lugar a cambio del pago.<\/p><p>&#8220;Aqu\u00ed te cobran 50 pesos por dos horas, si te pasas te vuelven a cobrar. Yo te cobrar\u00eda 50 pesos, hasta las ocho y media, pero si te la quieres jugar, y te tardas m\u00e1s, te vuelvo a cobrar la cuota&#8221;; arguye un franelero en cualquiera de las calles en torno al hospital de La Raza.<\/p><p>Los cuidacoches se distribuyen los turnos de manera que a la hora que sea, de d\u00eda o de noche, si no ven voluntad del automovilista para pagar la cuota, lanzan sus amenazas, y las cumplen: rompen cristales, retrovisores, rayan los autos y hasta les ponen clavos a las llantas. As\u00ed, el cobro puede superar los 120 pesos por d\u00eda o noche. Y m\u00e1s vale pagarlos.<\/p><p>La gravedad de esos abusos radica que los franeleros operan en casi toda la Ciudad de M\u00e9xico. Ellos aducen que \u201cpara no tener problemas con la autoridad y que los deje cobrar, deben pagar \u00b4entres\u00b4 a los patrulleros que cubren la zona\u201d. Aunque para el Diccionario de la Lengua Espa\u00f1ola: cuidacoches es \u201cpersona que vigila autom\u00f3viles aparcados en la v\u00eda p\u00fablica a cambio de una propina\u201d, es una clara extorsi\u00f3n.<\/p><p>Y no es de extra\u00f1arse que cuando aparecen las patrullas de la Secretar\u00eda de Seguridad Ciudadana de la CDMX, los franeleros se acercan y saludan de mano a los uniformados. Muchas veces, incluso en presencia de los polic\u00edas los cuida-coches operan por la libre, cobran la cuota y prosiguen la amena charla con los patrulleros como s\u00ed nada anormal sucediera.<\/p><p>Esta debe ser una de las principales tareas que deber\u00e1 atender el secretario de Seguridad Ciudadana, Pablo V\u00e1zquez Camacho, quien relev\u00f3 a Omar Garc\u00eda Harfuch y fue ratificado por la nueva Jefa de Gobierno, Clara Brugada Molina. Tendr\u00e1 que acabar ya con esa extorsi\u00f3n. \u2018Ora que vaya a tu rancho, no me morder\u00e1n tus perros\u2026<\/p><p>argondirector@gmail.com y argonmexico@gmail.com<\/p>\t\t\t\t\t\t<\/div>\n\t\t\t\t<\/div>\n\t\t\t\t\t<\/div>\n\t\t<\/div>\n\t\t\t\t\t\t\t<\/div>\n\t\t<\/section>\n\t\t\t\t\t\t\t<\/div>\n\t\t","protected":false},"excerpt":{"rendered":"<p>Pol\u00edtica Al Margen Por Jaime Arizmendi *Estrategia de Seguridad, Atender Causas; Harfuch *GN Ante Polic\u00eda Municipal no Confiable *Acabar con Franeleros en CDMX, Tarea de Clara Brugada Argonmexico \/ Al mal paso, darle prisa\u2026 En la \u201cMa\u00f1anera del Pueblo\u201d que encabez\u00f3 este martes la presidenta Claudia Sheinbaum Pardo, correspondi\u00f3 al titular de la SSPC, Omar [&hellip;]<\/p>\n","protected":false},"author":1,"featured_media":17291,"comment_status":"closed","ping_status":"closed","sticky":false,"template":"","format":"standard","meta":[],"categories":[28],"tags":[],"_links":{"self":[{"href":"https:\/\/www.septinoticias.com.mx\/index.php?rest_route=\/wp\/v2\/posts\/72200"}],"collection":[{"href":"https:\/\/www.septinoticias.com.mx\/index.php?rest_route=\/wp\/v2\/posts"}],"about":[{"href":"https:\/\/www.septinoticias.com.mx\/index.php?rest_route=\/wp\/v2\/types\/post"}],"author":[{"embeddable":true,"href":"https:\/\/www.septinoticias.com.mx\/index.php?rest_route=\/wp\/v2\/users\/1"}],"replies":[{"embeddable":true,"href":"https:\/\/www.septinoticias.com.mx\/index.php?rest_route=%2Fwp%2Fv2%2Fcomments&post=72200"}],"version-history":[{"count":4,"href":"https:\/\/www.septinoticias.com.mx\/index.php?rest_route=\/wp\/v2\/posts\/72200\/revisions"}],"predecessor-version":[{"id":72204,"href":"https:\/\/www.septinoticias.com.mx\/index.php?rest_route=\/wp\/v2\/posts\/72200\/revisions\/72204"}],"wp:featuredmedia":[{"embeddable":true,"href":"https:\/\/www.septinoticias.com.mx\/index.php?rest_route=\/wp\/v2\/media\/17291"}],"wp:attachment":[{"href":"https:\/\/www.septinoticias.com.mx\/index.php?rest_route=%2Fwp%2Fv2%2Fmedia&parent=72200"}],"wp:term":[{"taxonomy":"category","embeddable":true,"href":"https:\/\/www.septinoticias.com.mx\/index.php?rest_route=%2Fwp%2Fv2%2Fcategories&post=72200"},{"taxonomy":"post_tag","embeddable":true,"href":"https:\/\/www.septinoticias.com.mx\/index.php?rest_route=%2Fwp%2Fv2%2Ftags&post=72200"}],"curies":[{"name":"wp","href":"https:\/\/api.w.org\/{rel}","templated":true}]}}