{"id":67933,"date":"2024-09-06T08:34:49","date_gmt":"2024-09-06T08:34:49","guid":{"rendered":"https:\/\/www.septinoticias.com.mx\/?p=67933"},"modified":"2024-09-06T14:37:56","modified_gmt":"2024-09-06T14:37:56","slug":"titular-de-seph-acudio-a-toma-de-protesta-de-presidentes-municipales-de-tasquillo-e-ixmiquilpan","status":"publish","type":"post","link":"https:\/\/www.septinoticias.com.mx\/?p=67933","title":{"rendered":"Titular de SEPH Acudi\u00f3 a Toma de Protesta de Presidentes Municipales de Tasquillo e Ixmiquilpan"},"content":{"rendered":"\t\t<div data-elementor-type=\"wp-post\" data-elementor-id=\"67933\" class=\"elementor elementor-67933\">\n\t\t\t\t\t\t\t\t\t<section class=\"elementor-section elementor-top-section elementor-element elementor-element-20bbcd3b elementor-section-boxed elementor-section-height-default elementor-section-height-default\" data-id=\"20bbcd3b\" data-element_type=\"section\">\n\t\t\t\t\t\t<div class=\"elementor-container elementor-column-gap-default\">\n\t\t\t\t\t<div class=\"elementor-column elementor-col-100 elementor-top-column elementor-element elementor-element-33be02ef\" data-id=\"33be02ef\" data-element_type=\"column\">\n\t\t\t<div class=\"elementor-widget-wrap elementor-element-populated\">\n\t\t\t\t\t\t\t\t<div class=\"elementor-element elementor-element-6c4a91f9 elementor-widget elementor-widget-text-editor\" data-id=\"6c4a91f9\" data-element_type=\"widget\" data-widget_type=\"text-editor.default\">\n\t\t\t\t<div class=\"elementor-widget-container\">\n\t\t\t<style>\/*! elementor - v3.10.1 - 17-01-2023 *\/\n.elementor-widget-text-editor.elementor-drop-cap-view-stacked .elementor-drop-cap{background-color:#818a91;color:#fff}.elementor-widget-text-editor.elementor-drop-cap-view-framed .elementor-drop-cap{color:#818a91;border:3px solid;background-color:transparent}.elementor-widget-text-editor:not(.elementor-drop-cap-view-default) .elementor-drop-cap{margin-top:8px}.elementor-widget-text-editor:not(.elementor-drop-cap-view-default) .elementor-drop-cap-letter{width:1em;height:1em}.elementor-widget-text-editor .elementor-drop-cap{float:left;text-align:center;line-height:1;font-size:50px}.elementor-widget-text-editor .elementor-drop-cap-letter{display:inline-block}<\/style>\t\t\t\t<p><strong>Pachuca, Hgo., 5 de septiembre de 2024.-<\/strong>En representaci\u00f3n del gobernador Julio Menchaca Salazar, el secretario de Educaci\u00f3n P\u00fablica de Hidalgo, Natividad Castrej\u00f3n Valdez, acudi\u00f3 este jueves a la toma de protesta de los presidentes municipales de Tasquillo e Ixmiquilpan.<\/p><p>\u201cRefrendamos el compromiso de la administraci\u00f3n estatal para trabajar de la mano con cada asamblea municipal, con el firme objetivo de llevar a Hidalgo a su m\u00e1ximo potencial y as\u00ed lograr una transformaci\u00f3n integral\u201d, destac\u00f3 el encargado de la pol\u00edtica educativa en la entidad.<\/p><p>En el municipio de Tasquillo, Castrej\u00f3n Valdez felicit\u00f3 al nuevo presidente municipal, Alberto Basilio Gonz\u00e1lez, as\u00ed como a las y los s\u00edndicos y regidores municipales, y los exhort\u00f3 a no dejar de trabajar para emprender acciones en favor de la comunidad.<\/p><p>\u201cNo olviden que ustedes representan la autoridad m\u00e1s cercana, conduzcan sus esfuerzos hacia la construcci\u00f3n de mejores entornos y jam\u00e1s olviden que el servicio p\u00fablico es un privilegio que nos fue encomendado\u201d, a\u00f1adi\u00f3.<\/p><p>En su oportunidad, el nuevo presidente municipal de Tasquillo, Alberto Basilio, inform\u00f3 que trabajar\u00e1 de la mano con el gobierno estatal para consolidar la cuarta transformaci\u00f3n y hacer v\u00e1lido el humanismo mexicano, procurando ser un gobierno incluyente donde tenga lugar todas las expresiones pol\u00edticas, por lo que, dijo, escuchar\u00e1 todas las ideas, necesidades y sugerencias del pueblo.<\/p><p>\u201cDesde hoy nos hemos convertido oficialmente en representantes populares de todas y todos los tasquillenses independientemente de nuestra filiaci\u00f3n partidista, nuestro mayor compromiso ser\u00e1 velar por los intereses de nuestro municipio, porque democracia significa el poder del pueblo\u201d, a\u00f1adi\u00f3.<\/p><p>Posteriormente, Natividad Castrej\u00f3n Valdez se dirigi\u00f3 al municipio de Ixmiquilpan, donde acudi\u00f3 a la toma de protesta del nuevo presidente municipal, Jos\u00e9 Emanuel Hern\u00e1ndez Pascual, ah\u00ed indic\u00f3 a la ciudadan\u00eda que el gobierno de Hidalgo mantiene y mantendr\u00e1 las puertas abiertas al di\u00e1logo, a la escucha activa y a la atenci\u00f3n de cada una de sus solicitudes, pues \u00e9ste es el sello caracter\u00edstico de esta administraci\u00f3n.<\/p><p>Por su parte el mun\u00edcipe Jos\u00e9 Emanuel Hern\u00e1ndez Pascual destac\u00f3 que trabajar\u00e1 en conjunto con el gobierno estatal y federal para emprender acciones en favor de la comunidad. Dijo que su gobierno trabajar\u00e1 de manera eficiente, transparente y honesta en beneficio de cada uno de los habitantes de dicho municipio.<\/p>\t\t\t\t\t\t<\/div>\n\t\t\t\t<\/div>\n\t\t\t\t\t<\/div>\n\t\t<\/div>\n\t\t\t\t\t\t\t<\/div>\n\t\t<\/section>\n\t\t\t\t\t\t\t<\/div>\n\t\t","protected":false},"excerpt":{"rendered":"<p>Pachuca, Hgo., 5 de septiembre de 2024.-En representaci\u00f3n del gobernador Julio Menchaca Salazar, el secretario de Educaci\u00f3n P\u00fablica de Hidalgo, Natividad Castrej\u00f3n Valdez, acudi\u00f3 este jueves a la toma de protesta de los presidentes municipales de Tasquillo e Ixmiquilpan. \u201cRefrendamos el compromiso de la administraci\u00f3n estatal para trabajar de la mano con cada asamblea municipal, [&hellip;]<\/p>\n","protected":false},"author":1,"featured_media":67935,"comment_status":"closed","ping_status":"closed","sticky":false,"template":"","format":"standard","meta":[],"categories":[7],"tags":[],"_links":{"self":[{"href":"https:\/\/www.septinoticias.com.mx\/index.php?rest_route=\/wp\/v2\/posts\/67933"}],"collection":[{"href":"https:\/\/www.septinoticias.com.mx\/index.php?rest_route=\/wp\/v2\/posts"}],"about":[{"href":"https:\/\/www.septinoticias.com.mx\/index.php?rest_route=\/wp\/v2\/types\/post"}],"author":[{"embeddable":true,"href":"https:\/\/www.septinoticias.com.mx\/index.php?rest_route=\/wp\/v2\/users\/1"}],"replies":[{"embeddable":true,"href":"https:\/\/www.septinoticias.com.mx\/index.php?rest_route=%2Fwp%2Fv2%2Fcomments&post=67933"}],"version-history":[{"count":7,"href":"https:\/\/www.septinoticias.com.mx\/index.php?rest_route=\/wp\/v2\/posts\/67933\/revisions"}],"predecessor-version":[{"id":67947,"href":"https:\/\/www.septinoticias.com.mx\/index.php?rest_route=\/wp\/v2\/posts\/67933\/revisions\/67947"}],"wp:featuredmedia":[{"embeddable":true,"href":"https:\/\/www.septinoticias.com.mx\/index.php?rest_route=\/wp\/v2\/media\/67935"}],"wp:attachment":[{"href":"https:\/\/www.septinoticias.com.mx\/index.php?rest_route=%2Fwp%2Fv2%2Fmedia&parent=67933"}],"wp:term":[{"taxonomy":"category","embeddable":true,"href":"https:\/\/www.septinoticias.com.mx\/index.php?rest_route=%2Fwp%2Fv2%2Fcategories&post=67933"},{"taxonomy":"post_tag","embeddable":true,"href":"https:\/\/www.septinoticias.com.mx\/index.php?rest_route=%2Fwp%2Fv2%2Ftags&post=67933"}],"curies":[{"name":"wp","href":"https:\/\/api.w.org\/{rel}","templated":true}]}}