{"id":67760,"date":"2024-09-04T08:25:43","date_gmt":"2024-09-04T08:25:43","guid":{"rendered":"https:\/\/www.septinoticias.com.mx\/?p=67760"},"modified":"2024-09-04T18:08:09","modified_gmt":"2024-09-04T18:08:09","slug":"jorge-reyes-hara-consulta-ciudadana-sobre-el-regreso-de-los-parquimetros-a-la-ciudad","status":"publish","type":"post","link":"https:\/\/www.septinoticias.com.mx\/?p=67760","title":{"rendered":"Jorge Reyes Har\u00e1 Consulta Ciudadana Sobre el Regreso de los Parqu\u00edmetros a la Ciudad"},"content":{"rendered":"\t\t<div data-elementor-type=\"wp-post\" data-elementor-id=\"67760\" class=\"elementor elementor-67760\">\n\t\t\t\t\t\t\t\t\t<section class=\"elementor-section elementor-top-section elementor-element elementor-element-20bbcd3b elementor-section-boxed elementor-section-height-default elementor-section-height-default\" data-id=\"20bbcd3b\" data-element_type=\"section\">\n\t\t\t\t\t\t<div class=\"elementor-container elementor-column-gap-default\">\n\t\t\t\t\t<div class=\"elementor-column elementor-col-100 elementor-top-column elementor-element elementor-element-33be02ef\" data-id=\"33be02ef\" data-element_type=\"column\">\n\t\t\t<div class=\"elementor-widget-wrap elementor-element-populated\">\n\t\t\t\t\t\t\t\t<div class=\"elementor-element elementor-element-6c4a91f9 elementor-widget elementor-widget-text-editor\" data-id=\"6c4a91f9\" data-element_type=\"widget\" data-widget_type=\"text-editor.default\">\n\t\t\t\t<div class=\"elementor-widget-container\">\n\t\t\t<style>\/*! elementor - v3.10.1 - 17-01-2023 *\/\n.elementor-widget-text-editor.elementor-drop-cap-view-stacked .elementor-drop-cap{background-color:#818a91;color:#fff}.elementor-widget-text-editor.elementor-drop-cap-view-framed .elementor-drop-cap{color:#818a91;border:3px solid;background-color:transparent}.elementor-widget-text-editor:not(.elementor-drop-cap-view-default) .elementor-drop-cap{margin-top:8px}.elementor-widget-text-editor:not(.elementor-drop-cap-view-default) .elementor-drop-cap-letter{width:1em;height:1em}.elementor-widget-text-editor .elementor-drop-cap{float:left;text-align:center;line-height:1;font-size:50px}.elementor-widget-text-editor .elementor-drop-cap-letter{display:inline-block}<\/style>\t\t\t\t<p>Pachuca, Hgo., 3 de agosto de 2024.-El presidente municipal electo de Pachuca,\u00a0Jorge Reyes Hern\u00e1ndez, dio a conocer que una vez que inicie su administraci\u00f3n se realizar\u00e1 una consulta ciudadana sobre el regreso de los parqu\u00edmetros a la ciudad.<\/p><p>\u201cLo que mencionamos en la campa\u00f1a de que el ciudadano va a ser el centro en la toma de decisiones as\u00ed va a ser, no vamos a llegar a imponer y tampoco vamos a llegar a hacer ocurrencias\u201d, sentenci\u00f3.<\/p><p>\u00a0Indic\u00f3 que los ciudadanos definir\u00e1n si es factible la implementaci\u00f3n nuevamente de los parqu\u00edmetros acompa\u00f1ados de un estudio de movilidad y apunt\u00f3 que en el centro hist\u00f3rico todo mundo los pide a gritos, incluido \u00e9l, pues hay zonas, dijo, que lo ameritan.<\/p><p>\u201cYo creo que es una muy buena idea que tengan que regresar, pero obviamente con un buen contrato, con una buena concesi\u00f3n y que no unos cuantos ganen y sean abusivos y se lleven el dinero que realmente deber\u00eda de estar en las arcas de Pachuca\u201d, sostuvo.<\/p><p>Depuraci\u00f3n de polic\u00edas<\/p><p>Adelant\u00f3 que va a haber depuraci\u00f3n y una reingenier\u00eda en la Secretar\u00eda de Seguridad P\u00fablica municipal adem\u00e1s de que se va a trabajar con el personal para que la dependencia funcione y sea completamente un mando coordinado con la Secretar\u00eda de Seguridad P\u00fablica estatal.<\/p><p>\u201cSe est\u00e1 ratificando al secretario de Seguridad P\u00fablica, tiene alrededor de nueve meses, es emanado de un mando coordinado del gobierno del estado, es una persona con experiencia y a partir de este momento se va a trabajar completamente de manera diferente\u201d, refiri\u00f3.<\/p><p>Habr\u00e1 auditor\u00eda<\/p><p>Como parte de la entrega-recepci\u00f3n, Reyes Hern\u00e1ndez admiti\u00f3 que ha costado un poco de trabajo a su equipo la colaboraci\u00f3n con la Direcci\u00f3n de Comercio y Abasto porque no fluye la informaci\u00f3n, \u201clo tengo que decir, la verdad es que han entregado lo que han querido\u201d.<\/p><p>Coment\u00f3 que otra \u00e1rea que est\u00e1 en la misma situaci\u00f3n es la de Servicios Municipales, sin embargo, subray\u00f3 que independientemente de la informaci\u00f3n que est\u00e1 recibiendo su equipo se realizar\u00e1 un diagn\u00f3stico completo, a profundidad y se llevar\u00e1 a cabo una auditor\u00eda, \u201ceso lo dije y as\u00ed va a ser\u201d.<\/p><p>Reconoci\u00f3 que se recibir\u00e1n de la administraci\u00f3n saliente, encabezada por el presidente municipal Sergio Ba\u00f1os Rubio, problemas en temas como la recolecci\u00f3n de basura, el Sindicato, el rastro, laudos, acciones jur\u00eddicas, omisiones y las luminarias as\u00ed como un gran desorden administrativo.<\/p><p>Sobre c\u00f3mo atender y resolver cada uno de estos problemas, asegur\u00f3 que se har\u00e1 teniendo cercan\u00eda con la gente. Su gobierno comenzar\u00e1 este jueves 5 de septiembre teniendo como sede el Reloj Monumental.<\/p><p>La recolecci\u00f3n de basura<\/p><p>En cuanto a la recolecci\u00f3n de basura en la ciudad, la cual est\u00e1 tirada en las calles de la ciudad, Jorge Reyes puntualiz\u00f3 que ya se est\u00e1 viendo un proyecto, sin embargo, inform\u00f3 que el contrato con la actual empresa se ampli\u00f3 hasta el 31 de diciembre de este a\u00f1o.<\/p><p>Mencion\u00f3 que se le tiene que dar tiempo debido al cambio de administraci\u00f3n este 5 de septiembre, aunque dej\u00f3 en claro que el servicio est\u00e1 colapsado en la capital hidalguense.<\/p><p>Jorge Reyes, alcalde electo de Pachuca habl\u00f3 sobre el tema de recolecci\u00f3n de basura<\/p><p>Enfatiz\u00f3 que realizar\u00e1 la contrataci\u00f3n de una mejor empresa, \u201cy por supuesto nosotros s\u00ed vamos a hacer que se cumpla ese contrato con todas las cl\u00e1usulas que se tengan de penalizaciones al no cumplir con su trabajo y por supuesto lo m\u00e1s importante: que haya camiones servibles, que funcionen, una ruta, una log\u00edstica que d\u00e9 para todas las colonias\u201d.<\/p><p>Respecto a cu\u00e1les ser\u00e1n sus primeras acciones de gobierno se\u00f1al\u00f3 que se est\u00e1 trabajando en proyectos piloto en parques as\u00ed como en obras p\u00fablicas, \u201cvamos a llegar a trabajar en carpetas y expedientes t\u00e9cnicos para ejecutar obra p\u00fablica este mismo a\u00f1o\u201d.<\/p><p>En cuanto al tema de los mercados, record\u00f3 que hizo un compromiso de atenci\u00f3n con ellos en campa\u00f1a pues est\u00e1n completamente abandonados por lo que apunt\u00f3 que hay que darles mantenimiento, as\u00ed como un una nueva imagen.<\/p><p>\u201cY por supuesto tambi\u00e9n checar el tema del ambulantaje, son de los primeros temas que vamos a revisar, hay que levantar nuestra imagen\u201d, agreg\u00f3, al tiempo de manifestar que tambi\u00e9n se revisar\u00e1 el tema de las luminarias.<\/p><p>Subray\u00f3 que se tiene que arreglar primero el problema legal que se tiene con la empresa de las luminarias \u201cy de ah\u00ed valorar el d\u00e9ficit que se tiene de luminarias, que aparentemente es de alrededor de 25 mil luminarias aproximadamente, se tiene que checar y llegar a la \u00faltima instancia legal\u201d.<\/p><p>Sobre el Sindicato, a\u00f1adi\u00f3 que a\u00fan no tiene un acercamiento con el secretario general, sin embargo, precis\u00f3 que lo har\u00e1 una vez que asuma el cargo para entablar un di\u00e1logo.<\/p><p><strong>\u00a0<\/strong><\/p>\t\t\t\t\t\t<\/div>\n\t\t\t\t<\/div>\n\t\t\t\t\t<\/div>\n\t\t<\/div>\n\t\t\t\t\t\t\t<\/div>\n\t\t<\/section>\n\t\t\t\t\t\t\t<\/div>\n\t\t","protected":false},"excerpt":{"rendered":"<p>Pachuca, Hgo., 3 de agosto de 2024.-El presidente municipal electo de Pachuca,\u00a0Jorge Reyes Hern\u00e1ndez, dio a conocer que una vez que inicie su administraci\u00f3n se realizar\u00e1 una consulta ciudadana sobre el regreso de los parqu\u00edmetros a la ciudad. \u201cLo que mencionamos en la campa\u00f1a de que el ciudadano va a ser el centro en la [&hellip;]<\/p>\n","protected":false},"author":1,"featured_media":55416,"comment_status":"closed","ping_status":"closed","sticky":false,"template":"","format":"standard","meta":[],"categories":[9],"tags":[],"_links":{"self":[{"href":"https:\/\/www.septinoticias.com.mx\/index.php?rest_route=\/wp\/v2\/posts\/67760"}],"collection":[{"href":"https:\/\/www.septinoticias.com.mx\/index.php?rest_route=\/wp\/v2\/posts"}],"about":[{"href":"https:\/\/www.septinoticias.com.mx\/index.php?rest_route=\/wp\/v2\/types\/post"}],"author":[{"embeddable":true,"href":"https:\/\/www.septinoticias.com.mx\/index.php?rest_route=\/wp\/v2\/users\/1"}],"replies":[{"embeddable":true,"href":"https:\/\/www.septinoticias.com.mx\/index.php?rest_route=%2Fwp%2Fv2%2Fcomments&post=67760"}],"version-history":[{"count":4,"href":"https:\/\/www.septinoticias.com.mx\/index.php?rest_route=\/wp\/v2\/posts\/67760\/revisions"}],"predecessor-version":[{"id":67768,"href":"https:\/\/www.septinoticias.com.mx\/index.php?rest_route=\/wp\/v2\/posts\/67760\/revisions\/67768"}],"wp:featuredmedia":[{"embeddable":true,"href":"https:\/\/www.septinoticias.com.mx\/index.php?rest_route=\/wp\/v2\/media\/55416"}],"wp:attachment":[{"href":"https:\/\/www.septinoticias.com.mx\/index.php?rest_route=%2Fwp%2Fv2%2Fmedia&parent=67760"}],"wp:term":[{"taxonomy":"category","embeddable":true,"href":"https:\/\/www.septinoticias.com.mx\/index.php?rest_route=%2Fwp%2Fv2%2Fcategories&post=67760"},{"taxonomy":"post_tag","embeddable":true,"href":"https:\/\/www.septinoticias.com.mx\/index.php?rest_route=%2Fwp%2Fv2%2Ftags&post=67760"}],"curies":[{"name":"wp","href":"https:\/\/api.w.org\/{rel}","templated":true}]}}