{"id":64654,"date":"2024-08-09T08:38:13","date_gmt":"2024-08-09T08:38:13","guid":{"rendered":"https:\/\/www.septinoticias.com.mx\/?p=64654"},"modified":"2024-08-09T18:42:43","modified_gmt":"2024-08-09T18:42:43","slug":"encabeza-saderh-acto-civico-por-el-145-aniversario-del-natalicio-de-emiliano-zapata","status":"publish","type":"post","link":"https:\/\/www.septinoticias.com.mx\/?p=64654","title":{"rendered":"Encabeza Saderh Acto C\u00edvico Por el 145.\u00b0 Aniversario del Natalicio de Emiliano Zapata"},"content":{"rendered":"\t\t<div data-elementor-type=\"wp-post\" data-elementor-id=\"64654\" class=\"elementor elementor-64654\">\n\t\t\t\t\t\t\t\t\t<section class=\"elementor-section elementor-top-section elementor-element elementor-element-20bbcd3b elementor-section-boxed elementor-section-height-default elementor-section-height-default\" data-id=\"20bbcd3b\" data-element_type=\"section\">\n\t\t\t\t\t\t<div class=\"elementor-container elementor-column-gap-default\">\n\t\t\t\t\t<div class=\"elementor-column elementor-col-100 elementor-top-column elementor-element elementor-element-33be02ef\" data-id=\"33be02ef\" data-element_type=\"column\">\n\t\t\t<div class=\"elementor-widget-wrap elementor-element-populated\">\n\t\t\t\t\t\t\t\t<div class=\"elementor-element elementor-element-6c4a91f9 elementor-widget elementor-widget-text-editor\" data-id=\"6c4a91f9\" data-element_type=\"widget\" data-widget_type=\"text-editor.default\">\n\t\t\t\t<div class=\"elementor-widget-container\">\n\t\t\t<style>\/*! elementor - v3.10.1 - 17-01-2023 *\/\n.elementor-widget-text-editor.elementor-drop-cap-view-stacked .elementor-drop-cap{background-color:#818a91;color:#fff}.elementor-widget-text-editor.elementor-drop-cap-view-framed .elementor-drop-cap{color:#818a91;border:3px solid;background-color:transparent}.elementor-widget-text-editor:not(.elementor-drop-cap-view-default) .elementor-drop-cap{margin-top:8px}.elementor-widget-text-editor:not(.elementor-drop-cap-view-default) .elementor-drop-cap-letter{width:1em;height:1em}.elementor-widget-text-editor .elementor-drop-cap{float:left;text-align:center;line-height:1;font-size:50px}.elementor-widget-text-editor .elementor-drop-cap-letter{display:inline-block}<\/style>\t\t\t\t<p><strong>Pachuca, Hgo., 8 de agosto de 2024.-<\/strong>Esta ma\u00f1ana, Omar Campos, director general de Comercializaci\u00f3n y Mercadotecnia, en representaci\u00f3n del titular de la Secretar\u00eda de Agricultura y Desarrollo Rural (Saderh), Napole\u00f3n Gonz\u00e1lez P\u00e9rez, presidi\u00f3 el acto c\u00edvico correspondiente al 145.\u00b0 aniversario del natalicio del general Emiliano Zapata Salazar.<\/p><p>En uso de la voz, Omar Campos se\u00f1al\u00f3 que el legado de Zapata \u201cnos inspira a seguir trabajando por un pa\u00eds m\u00e1s equitativo, su lucha por la tierra y por la libertad es una inspiraci\u00f3n constante\u201d. A\u00f1adi\u00f3 que, hoy m\u00e1s que nunca, debemos permanecer fieles a los ideales que defendi\u00f3, sin olvidar la frase \u2018La tierra es de quien la trabaja\u2019.<\/p><p>En ese sentido, record\u00f3 que este pr\u00f3cer es emblema de la revoluci\u00f3n ind\u00edgena y campesina, causa que hoy adquiere vigencia en el respeto a las leyes y derechos de las mujeres y hombres del campo mexicano.\u00a0<\/p><p>A la guardia de honor tambi\u00e9n acudieron el general de Brigada Diplomado de Estado Mayor y comandante de la 18\/a Zona Militar, Alfredo Salgado Vargas; el primer subinspector, Alejandro Cruz Nava, en representaci\u00f3n del coordinador estatal de la Guardia Nacional en Hidalgo.<\/p><p>Los acompa\u00f1aron el secretario general municipal Hugo Alberto Escamilla Cidel, en representaci\u00f3n del alcalde de Pachuca, as\u00ed como servidores p\u00fablicos adscritos a la Saderh y al ayuntamiento de la capital hidalguense.<\/p>\t\t\t\t\t\t<\/div>\n\t\t\t\t<\/div>\n\t\t\t\t\t<\/div>\n\t\t<\/div>\n\t\t\t\t\t\t\t<\/div>\n\t\t<\/section>\n\t\t\t\t\t\t\t<\/div>\n\t\t","protected":false},"excerpt":{"rendered":"<p>Pachuca, Hgo., 8 de agosto de 2024.-Esta ma\u00f1ana, Omar Campos, director general de Comercializaci\u00f3n y Mercadotecnia, en representaci\u00f3n del titular de la Secretar\u00eda de Agricultura y Desarrollo Rural (Saderh), Napole\u00f3n Gonz\u00e1lez P\u00e9rez, presidi\u00f3 el acto c\u00edvico correspondiente al 145.\u00b0 aniversario del natalicio del general Emiliano Zapata Salazar. En uso de la voz, Omar Campos se\u00f1al\u00f3 [&hellip;]<\/p>\n","protected":false},"author":1,"featured_media":64656,"comment_status":"closed","ping_status":"closed","sticky":false,"template":"","format":"standard","meta":[],"categories":[9],"tags":[],"_links":{"self":[{"href":"https:\/\/www.septinoticias.com.mx\/index.php?rest_route=\/wp\/v2\/posts\/64654"}],"collection":[{"href":"https:\/\/www.septinoticias.com.mx\/index.php?rest_route=\/wp\/v2\/posts"}],"about":[{"href":"https:\/\/www.septinoticias.com.mx\/index.php?rest_route=\/wp\/v2\/types\/post"}],"author":[{"embeddable":true,"href":"https:\/\/www.septinoticias.com.mx\/index.php?rest_route=\/wp\/v2\/users\/1"}],"replies":[{"embeddable":true,"href":"https:\/\/www.septinoticias.com.mx\/index.php?rest_route=%2Fwp%2Fv2%2Fcomments&post=64654"}],"version-history":[{"count":4,"href":"https:\/\/www.septinoticias.com.mx\/index.php?rest_route=\/wp\/v2\/posts\/64654\/revisions"}],"predecessor-version":[{"id":64659,"href":"https:\/\/www.septinoticias.com.mx\/index.php?rest_route=\/wp\/v2\/posts\/64654\/revisions\/64659"}],"wp:featuredmedia":[{"embeddable":true,"href":"https:\/\/www.septinoticias.com.mx\/index.php?rest_route=\/wp\/v2\/media\/64656"}],"wp:attachment":[{"href":"https:\/\/www.septinoticias.com.mx\/index.php?rest_route=%2Fwp%2Fv2%2Fmedia&parent=64654"}],"wp:term":[{"taxonomy":"category","embeddable":true,"href":"https:\/\/www.septinoticias.com.mx\/index.php?rest_route=%2Fwp%2Fv2%2Fcategories&post=64654"},{"taxonomy":"post_tag","embeddable":true,"href":"https:\/\/www.septinoticias.com.mx\/index.php?rest_route=%2Fwp%2Fv2%2Ftags&post=64654"}],"curies":[{"name":"wp","href":"https:\/\/api.w.org\/{rel}","templated":true}]}}