{"id":64622,"date":"2024-08-09T08:30:41","date_gmt":"2024-08-09T08:30:41","guid":{"rendered":"https:\/\/www.septinoticias.com.mx\/?p=64622"},"modified":"2024-08-09T18:32:19","modified_gmt":"2024-08-09T18:32:19","slug":"reafirma-gobierno-estatal-compromiso-con-la-salud-visual-de-las-personas-adultas-mayores","status":"publish","type":"post","link":"https:\/\/www.septinoticias.com.mx\/?p=64622","title":{"rendered":"Reafirma gobierno estatal compromiso con la salud visual de las personas adultas mayores"},"content":{"rendered":"\t\t<div data-elementor-type=\"wp-post\" data-elementor-id=\"64622\" class=\"elementor elementor-64622\">\n\t\t\t\t\t\t\t\t\t<section class=\"elementor-section elementor-top-section elementor-element elementor-element-20bbcd3b elementor-section-boxed elementor-section-height-default elementor-section-height-default\" data-id=\"20bbcd3b\" data-element_type=\"section\">\n\t\t\t\t\t\t<div class=\"elementor-container elementor-column-gap-default\">\n\t\t\t\t\t<div class=\"elementor-column elementor-col-100 elementor-top-column elementor-element elementor-element-33be02ef\" data-id=\"33be02ef\" data-element_type=\"column\">\n\t\t\t<div class=\"elementor-widget-wrap elementor-element-populated\">\n\t\t\t\t\t\t\t\t<div class=\"elementor-element elementor-element-6c4a91f9 elementor-widget elementor-widget-text-editor\" data-id=\"6c4a91f9\" data-element_type=\"widget\" data-widget_type=\"text-editor.default\">\n\t\t\t\t<div class=\"elementor-widget-container\">\n\t\t\t<style>\/*! elementor - v3.10.1 - 17-01-2023 *\/\n.elementor-widget-text-editor.elementor-drop-cap-view-stacked .elementor-drop-cap{background-color:#818a91;color:#fff}.elementor-widget-text-editor.elementor-drop-cap-view-framed .elementor-drop-cap{color:#818a91;border:3px solid;background-color:transparent}.elementor-widget-text-editor:not(.elementor-drop-cap-view-default) .elementor-drop-cap{margin-top:8px}.elementor-widget-text-editor:not(.elementor-drop-cap-view-default) .elementor-drop-cap-letter{width:1em;height:1em}.elementor-widget-text-editor .elementor-drop-cap{float:left;text-align:center;line-height:1;font-size:50px}.elementor-widget-text-editor .elementor-drop-cap-letter{display:inline-block}<\/style>\t\t\t\t<p><strong>Pachuca, Hgo., 8 de agosto de 2024.-<\/strong>En un esfuerzo continuo por mejorar la calidad de vida de la poblaci\u00f3n adulta mayor, la administraci\u00f3n que encabeza el gobernador, Julio Menchaca Salazar, ha lanzado una nueva iniciativa que ampliar\u00e1 el acceso a servicios de optometr\u00eda, con lo que reafirma su compromiso con la salud visual de este sector.<\/p><p>Esta medida destaca el objetivo de proporcionar atenci\u00f3n especializada, a trav\u00e9s de las Unidades M\u00f3viles Gerontol\u00f3gicas como en oficinas centrales del Instituto para la Atenci\u00f3n de las y los Adultos Mayores del Estado de Hidalgo (IAAMEH).<\/p><p>A partir de esta semana, las personas mayores tienen la oportunidad de recibir servicios de optometr\u00eda en las oficinas centrales del IAAMEH, ubicadas en Parque Hidalgo n\u00famero 103, colonia Ex Hacienda de Guadalupe, en Pachuca, en un horario de 9:00 a 16:00 horas.<\/p><p>Este servicio est\u00e1 dise\u00f1ado para atender graduaciones de lentes que van desde +3.00 hasta -3.00 dioptr\u00edas, cubriendo as\u00ed un rango amplio de necesidades visuales.<\/p><p>Al respecto, el secretario de Bienestar e Inclusi\u00f3n Social, Ricardo G\u00f3mez, se\u00f1al\u00f3: \u201cEsta nueva medida es una extensi\u00f3n del compromiso del gobierno estatal con la atenci\u00f3n integral de las personas mayores, complementando los servicios ofrecidos por las Unidades M\u00f3viles Gerontol\u00f3gicas que recorren diferentes municipios del estado.\u201d<\/p><p>La directora general del IAAMEH, Pen\u00e9lope Apodaca, expres\u00f3 que \u201cesta nueva iniciativa refleja nuestro firme compromiso de garantizar que las personas mayores reciban el cuidado y la atenci\u00f3n que merecen. La salud visual es una parte crucial del bienestar general, y estamos encantados de ofrecer estos servicios adicionales en nuestras oficinas centrales\u201d.<\/p><p>\u201cNuestro objetivo es mejorar la calidad de vida de nuestros mayores y asegurar que cada uno de ellos tenga acceso a la atenci\u00f3n optom\u00e9trica necesaria para mantener una visi\u00f3n clara y saludable\u201d, a\u00f1adi\u00f3.<\/p><p>Para acceder a este servicio solo se requiere contar con 60 a\u00f1os o m\u00e1s y presentar una copia de identificaci\u00f3n oficial (INE, INAPAM, licencia de conducir o pasaporte) y una copia de la Clave \u00danica de Registro de Poblaci\u00f3n (CURP).<\/p><p>Las personas interesadas pueden obtener m\u00e1s informaci\u00f3n sobre los servicios ofrecidos o programar una cita en los tel\u00e9fonos 771 719 3368 o 771 719 2479, o en las redes sociales oficiales del IAAMEH: en Facebook, Instituto del Adulto Mayor Hidalgo; en X (antes Twitter), @IAAMEH; o en Instagram @iaameh_hgo.<\/p>\t\t\t\t\t\t<\/div>\n\t\t\t\t<\/div>\n\t\t\t\t\t<\/div>\n\t\t<\/div>\n\t\t\t\t\t\t\t<\/div>\n\t\t<\/section>\n\t\t\t\t<section class=\"elementor-section elementor-top-section elementor-element elementor-element-12cf817 elementor-section-boxed elementor-section-height-default elementor-section-height-default\" data-id=\"12cf817\" data-element_type=\"section\">\n\t\t\t\t\t\t<div class=\"elementor-container elementor-column-gap-default\">\n\t\t\t\t\t<div class=\"elementor-column elementor-col-100 elementor-top-column elementor-element elementor-element-4561514\" data-id=\"4561514\" data-element_type=\"column\">\n\t\t\t<div class=\"elementor-widget-wrap elementor-element-populated\">\n\t\t\t\t\t\t\t\t<div class=\"elementor-element elementor-element-4425854 elementor-aspect-ratio-169 elementor-widget elementor-widget-video\" data-id=\"4425854\" data-element_type=\"widget\" data-settings=\"{&quot;youtube_url&quot;:&quot;https:\\\/\\\/youtu.be\\\/VMIU_8mGLVM&quot;,&quot;video_type&quot;:&quot;youtube&quot;,&quot;controls&quot;:&quot;yes&quot;,&quot;aspect_ratio&quot;:&quot;169&quot;}\" data-widget_type=\"video.default\">\n\t\t\t\t<div class=\"elementor-widget-container\">\n\t\t\t<style>\/*! elementor - v3.10.1 - 17-01-2023 *\/\n.elementor-widget-video .elementor-widget-container{overflow:hidden;transform:translateZ(0)}.elementor-widget-video .elementor-open-inline .elementor-custom-embed-image-overlay{position:absolute;top:0;left:0;width:100%;height:100%;background-size:cover;background-position:50%}.elementor-widget-video .elementor-custom-embed-image-overlay{cursor:pointer;text-align:center}.elementor-widget-video .elementor-custom-embed-image-overlay:hover .elementor-custom-embed-play i{opacity:1}.elementor-widget-video .elementor-custom-embed-image-overlay img{display:block;width:100%}.elementor-widget-video .e-hosted-video .elementor-video{-o-object-fit:cover;object-fit:cover}.e-con-inner>.elementor-widget-video,.e-con>.elementor-widget-video{width:var(--container-widget-width);--flex-grow:var(--container-widget-flex-grow)}<\/style>\t\t<div class=\"elementor-wrapper elementor-fit-aspect-ratio elementor-open-inline\">\n\t\t\t<div class=\"elementor-video\"><\/div>\t\t<\/div>\n\t\t\t\t<\/div>\n\t\t\t\t<\/div>\n\t\t\t\t\t<\/div>\n\t\t<\/div>\n\t\t\t\t\t\t\t<\/div>\n\t\t<\/section>\n\t\t\t\t\t\t\t<\/div>\n\t\t","protected":false},"excerpt":{"rendered":"<p>Pachuca, Hgo., 8 de agosto de 2024.-En un esfuerzo continuo por mejorar la calidad de vida de la poblaci\u00f3n adulta mayor, la administraci\u00f3n que encabeza el gobernador, Julio Menchaca Salazar, ha lanzado una nueva iniciativa que ampliar\u00e1 el acceso a servicios de optometr\u00eda, con lo que reafirma su compromiso con la salud visual de este [&hellip;]<\/p>\n","protected":false},"author":1,"featured_media":64624,"comment_status":"closed","ping_status":"closed","sticky":false,"template":"","format":"standard","meta":[],"categories":[3],"tags":[],"_links":{"self":[{"href":"https:\/\/www.septinoticias.com.mx\/index.php?rest_route=\/wp\/v2\/posts\/64622"}],"collection":[{"href":"https:\/\/www.septinoticias.com.mx\/index.php?rest_route=\/wp\/v2\/posts"}],"about":[{"href":"https:\/\/www.septinoticias.com.mx\/index.php?rest_route=\/wp\/v2\/types\/post"}],"author":[{"embeddable":true,"href":"https:\/\/www.septinoticias.com.mx\/index.php?rest_route=\/wp\/v2\/users\/1"}],"replies":[{"embeddable":true,"href":"https:\/\/www.septinoticias.com.mx\/index.php?rest_route=%2Fwp%2Fv2%2Fcomments&post=64622"}],"version-history":[{"count":7,"href":"https:\/\/www.septinoticias.com.mx\/index.php?rest_route=\/wp\/v2\/posts\/64622\/revisions"}],"predecessor-version":[{"id":64630,"href":"https:\/\/www.septinoticias.com.mx\/index.php?rest_route=\/wp\/v2\/posts\/64622\/revisions\/64630"}],"wp:featuredmedia":[{"embeddable":true,"href":"https:\/\/www.septinoticias.com.mx\/index.php?rest_route=\/wp\/v2\/media\/64624"}],"wp:attachment":[{"href":"https:\/\/www.septinoticias.com.mx\/index.php?rest_route=%2Fwp%2Fv2%2Fmedia&parent=64622"}],"wp:term":[{"taxonomy":"category","embeddable":true,"href":"https:\/\/www.septinoticias.com.mx\/index.php?rest_route=%2Fwp%2Fv2%2Fcategories&post=64622"},{"taxonomy":"post_tag","embeddable":true,"href":"https:\/\/www.septinoticias.com.mx\/index.php?rest_route=%2Fwp%2Fv2%2Ftags&post=64622"}],"curies":[{"name":"wp","href":"https:\/\/api.w.org\/{rel}","templated":true}]}}