{"id":64592,"date":"2024-08-09T08:22:19","date_gmt":"2024-08-09T08:22:19","guid":{"rendered":"https:\/\/www.septinoticias.com.mx\/?p=64592"},"modified":"2024-08-09T18:23:18","modified_gmt":"2024-08-09T18:23:18","slug":"abierta-convocatoria-de-carrera-atletica-de-la-ful-2024","status":"publish","type":"post","link":"https:\/\/www.septinoticias.com.mx\/?p=64592","title":{"rendered":"Abierta convocatoria de Carrera Atl\u00e9tica de la FUL 2024"},"content":{"rendered":"\t\t<div data-elementor-type=\"wp-post\" data-elementor-id=\"64592\" class=\"elementor elementor-64592\">\n\t\t\t\t\t\t\t\t\t<section class=\"elementor-section elementor-top-section elementor-element elementor-element-20bbcd3b elementor-section-boxed elementor-section-height-default elementor-section-height-default\" data-id=\"20bbcd3b\" data-element_type=\"section\">\n\t\t\t\t\t\t<div class=\"elementor-container elementor-column-gap-default\">\n\t\t\t\t\t<div class=\"elementor-column elementor-col-100 elementor-top-column elementor-element elementor-element-33be02ef\" data-id=\"33be02ef\" data-element_type=\"column\">\n\t\t\t<div class=\"elementor-widget-wrap elementor-element-populated\">\n\t\t\t\t\t\t\t\t<div class=\"elementor-element elementor-element-6c4a91f9 elementor-widget elementor-widget-text-editor\" data-id=\"6c4a91f9\" data-element_type=\"widget\" data-widget_type=\"text-editor.default\">\n\t\t\t\t<div class=\"elementor-widget-container\">\n\t\t\t<style>\/*! elementor - v3.10.1 - 17-01-2023 *\/\n.elementor-widget-text-editor.elementor-drop-cap-view-stacked .elementor-drop-cap{background-color:#818a91;color:#fff}.elementor-widget-text-editor.elementor-drop-cap-view-framed .elementor-drop-cap{color:#818a91;border:3px solid;background-color:transparent}.elementor-widget-text-editor:not(.elementor-drop-cap-view-default) .elementor-drop-cap{margin-top:8px}.elementor-widget-text-editor:not(.elementor-drop-cap-view-default) .elementor-drop-cap-letter{width:1em;height:1em}.elementor-widget-text-editor .elementor-drop-cap{float:left;text-align:center;line-height:1;font-size:50px}.elementor-widget-text-editor .elementor-drop-cap-letter{display:inline-block}<\/style>\t\t\t\t<p><strong>-El Tomat\u00f3n Fest 2024 se llevar\u00e1 a cabo este 18 de agosto en el Parque Acu\u00e1tico Santa Ana.<\/strong><\/p><p><strong>Pachuca, Hgo., 8 de agosto de 2024.-<\/strong>Adem\u00e1s de ser una celebraci\u00f3n, el Tomat\u00f3n Fest ser\u00e1 un evento con causa para &#8220;destacar la importancia de la producci\u00f3n de jitomate en el Valle de Tulancingo, Acaxochitl\u00e1n, Metepec y Acatl\u00e1n\u201d, se\u00f1al\u00f3 Susana Ivete Fuentes Sol\u00eds, presidenta de Empresarios Unidos por el Turismo de M\u00e9xico, (EmunturMX).<\/p><p>En conferencia de prensa realizada en la Secretar\u00eda de Turismo de Hidalgo, Fuentes Sol\u00eds destac\u00f3 adem\u00e1s que estos municipios, reconocidos por la alta calidad de su jitomate, merecen que su labor sea difundida y apreciada a nivel internacional.<\/p><p>Durante el evento, los asistentes tambi\u00e9n podr\u00e1n disfrutar de presentaciones musicales y de una variada exposici\u00f3n artesanal y gastron\u00f3mica que mostrar\u00e1 lo mejor de la regi\u00f3n<\/p><p>Por otra parte, diversas asociaciones civiles invitan a los asistentes a llevar un producto no perecedero que ser\u00e1 donado a la Fundaci\u00f3n Una Chispa de Vida A.C., la cual asiste a comunidades necesitadas.<\/p><p>El Parque Acu\u00e1tico Santa Ana, ubicado en la comunidad de Santa Ana Hueytlalpan, a solo 20 minutos de Tulancingo y a una hora de Pachuca. Esta colorida fiesta sin costo iniciar\u00e1 a las 9:00 horas y concluir\u00e1 a las 19:00 horas.<\/p><p>Para m\u00e1s informaci\u00f3n, puede comunicarse al 771 174 0650 y 775 138 8051, o bien escribir a <a href=\"mailto:emuntur.mx@gmail.com\">emuntur.mx@gmail.com<\/a>.<\/p><p>\u00a0<\/p>\t\t\t\t\t\t<\/div>\n\t\t\t\t<\/div>\n\t\t\t\t\t<\/div>\n\t\t<\/div>\n\t\t\t\t\t\t\t<\/div>\n\t\t<\/section>\n\t\t\t\t\t\t\t<\/div>\n\t\t","protected":false},"excerpt":{"rendered":"<p>-El Tomat\u00f3n Fest 2024 se llevar\u00e1 a cabo este 18 de agosto en el Parque Acu\u00e1tico Santa Ana. Pachuca, Hgo., 8 de agosto de 2024.-Adem\u00e1s de ser una celebraci\u00f3n, el Tomat\u00f3n Fest ser\u00e1 un evento con causa para &#8220;destacar la importancia de la producci\u00f3n de jitomate en el Valle de Tulancingo, Acaxochitl\u00e1n, Metepec y Acatl\u00e1n\u201d, [&hellip;]<\/p>\n","protected":false},"author":1,"featured_media":64594,"comment_status":"closed","ping_status":"closed","sticky":false,"template":"","format":"standard","meta":[],"categories":[4],"tags":[],"_links":{"self":[{"href":"https:\/\/www.septinoticias.com.mx\/index.php?rest_route=\/wp\/v2\/posts\/64592"}],"collection":[{"href":"https:\/\/www.septinoticias.com.mx\/index.php?rest_route=\/wp\/v2\/posts"}],"about":[{"href":"https:\/\/www.septinoticias.com.mx\/index.php?rest_route=\/wp\/v2\/types\/post"}],"author":[{"embeddable":true,"href":"https:\/\/www.septinoticias.com.mx\/index.php?rest_route=\/wp\/v2\/users\/1"}],"replies":[{"embeddable":true,"href":"https:\/\/www.septinoticias.com.mx\/index.php?rest_route=%2Fwp%2Fv2%2Fcomments&post=64592"}],"version-history":[{"count":4,"href":"https:\/\/www.septinoticias.com.mx\/index.php?rest_route=\/wp\/v2\/posts\/64592\/revisions"}],"predecessor-version":[{"id":64597,"href":"https:\/\/www.septinoticias.com.mx\/index.php?rest_route=\/wp\/v2\/posts\/64592\/revisions\/64597"}],"wp:featuredmedia":[{"embeddable":true,"href":"https:\/\/www.septinoticias.com.mx\/index.php?rest_route=\/wp\/v2\/media\/64594"}],"wp:attachment":[{"href":"https:\/\/www.septinoticias.com.mx\/index.php?rest_route=%2Fwp%2Fv2%2Fmedia&parent=64592"}],"wp:term":[{"taxonomy":"category","embeddable":true,"href":"https:\/\/www.septinoticias.com.mx\/index.php?rest_route=%2Fwp%2Fv2%2Fcategories&post=64592"},{"taxonomy":"post_tag","embeddable":true,"href":"https:\/\/www.septinoticias.com.mx\/index.php?rest_route=%2Fwp%2Fv2%2Ftags&post=64592"}],"curies":[{"name":"wp","href":"https:\/\/api.w.org\/{rel}","templated":true}]}}