{"id":53530,"date":"2024-05-16T16:39:05","date_gmt":"2024-05-16T16:39:05","guid":{"rendered":"https:\/\/www.septinoticias.com.mx\/?p=53530"},"modified":"2024-05-16T16:39:49","modified_gmt":"2024-05-16T16:39:49","slug":"jovenes-seran-protagonistas-de-la-transformacion-de-tula-cristhian-martinez","status":"publish","type":"post","link":"https:\/\/www.septinoticias.com.mx\/?p=53530","title":{"rendered":"J\u00f3venes Ser\u00e1n Protagonistas de la Transformaci\u00f3n de Tula: Cristhian Mart\u00ednez"},"content":{"rendered":"\t\t<div data-elementor-type=\"wp-post\" data-elementor-id=\"53530\" class=\"elementor elementor-53530\">\n\t\t\t\t\t\t\t\t\t<section class=\"elementor-section elementor-top-section elementor-element elementor-element-20bbcd3b elementor-section-boxed elementor-section-height-default elementor-section-height-default\" data-id=\"20bbcd3b\" data-element_type=\"section\">\n\t\t\t\t\t\t<div class=\"elementor-container elementor-column-gap-default\">\n\t\t\t\t\t<div class=\"elementor-column elementor-col-100 elementor-top-column elementor-element elementor-element-33be02ef\" data-id=\"33be02ef\" data-element_type=\"column\">\n\t\t\t<div class=\"elementor-widget-wrap elementor-element-populated\">\n\t\t\t\t\t\t\t\t<div class=\"elementor-element elementor-element-6c4a91f9 elementor-widget elementor-widget-text-editor\" data-id=\"6c4a91f9\" data-element_type=\"widget\" data-widget_type=\"text-editor.default\">\n\t\t\t\t<div class=\"elementor-widget-container\">\n\t\t\t<style>\/*! elementor - v3.10.1 - 17-01-2023 *\/\n.elementor-widget-text-editor.elementor-drop-cap-view-stacked .elementor-drop-cap{background-color:#818a91;color:#fff}.elementor-widget-text-editor.elementor-drop-cap-view-framed .elementor-drop-cap{color:#818a91;border:3px solid;background-color:transparent}.elementor-widget-text-editor:not(.elementor-drop-cap-view-default) .elementor-drop-cap{margin-top:8px}.elementor-widget-text-editor:not(.elementor-drop-cap-view-default) .elementor-drop-cap-letter{width:1em;height:1em}.elementor-widget-text-editor .elementor-drop-cap{float:left;text-align:center;line-height:1;font-size:50px}.elementor-widget-text-editor .elementor-drop-cap-letter{display:inline-block}<\/style>\t\t\t\t<p><strong>Tula de Allende, Hidalgo; 15 de mayo de 2024.-<\/strong>El candidato de Morena y Nueva Alianza Hidalgo incluir\u00e1 al mayor n\u00famero de j\u00f3venes que sea posible en las diversas carteras de la administraci\u00f3n p\u00fablica.<\/p><p>\u201cLas personas j\u00f3venes, cualquiera que sea su condici\u00f3n, ser\u00e1n las principales protagonistas en el proceso de transformaci\u00f3n\u201d, expres\u00f3 Cristhian Mart\u00ednez Res\u00e9ndiz, candidato com\u00fan de Morena y Nueva Alianza Hidalgo a presidente municipal de Tula de Allende.<\/p><p>Durante sus actividades proselitistas, el abanderado guinda reconoci\u00f3 el gran compromiso que significa encabezar en Tula el proyecto que viene transformando al Estado de Hidalgo y a todo M\u00e9xico, por lo que \u201cjuntos estamos haciendo la nueva historia de nuestro municipio\u201d.<\/p><p>Mart\u00ednez Res\u00e9ndiz afirm\u00f3 que los trabajos para la elaboraci\u00f3n del documento central que regir\u00e1 el pr\u00f3ximo gobierno del municipio van muy avanzados. En \u00e9l destacan una serie de acciones que \u201ccambiar\u00e1n definitivamente la manera de hacer las cosas en la administraci\u00f3n municipal\u201d, dijo.<\/p><p>Resalt\u00f3 que el gobierno digital moderno que encabezar\u00e1 estar\u00e1 guiado por los principios \u00e9ticos de la transformaci\u00f3n. Adem\u00e1s, incluir\u00e1 al mayor n\u00famero de j\u00f3venes que sea posible en las diversas carteras de la administraci\u00f3n p\u00fablica.<\/p><p>As\u00ed mismo, dijo que las pol\u00edticas p\u00fablicas y los indicadores para evaluaci\u00f3n que ser\u00e1n establecidos para el gobierno local, estar\u00e1n enfocadas a una sociedad de vanguardia que considera a todos los grupos de edades pero que enfatiza a los j\u00f3venes.<\/p><p>Se\u00f1al\u00f3 que son las nuevas generaciones quienes deben incorporarse sin m\u00e1s pretextos a las tareas del servicio p\u00fablico, para avanzar en la sensibilizaci\u00f3n del funcionariado respecto a los temas de inter\u00e9s de la poblaci\u00f3n.<\/p><p>De esta manera, dijo, desarrollaremos estrategias dise\u00f1adas por especialistas para que las acciones de gobierno ampl\u00eden el bienestar de las personas y de las familias.<\/p><p>Entre estas acciones, mencion\u00f3 el rescate de espacios deportivos y la apertura de otros m\u00e1s, el impulso decidido a las actividades de artesanos y artistas, as\u00ed como la inversi\u00f3n para alumbrado p\u00fablico, servicios urbanos, obra p\u00fablica, rescate de espacios, \u201ccon una inversi\u00f3n hist\u00f3rica\u201d para prevenci\u00f3n del delito.<\/p><p>\u201cSalud, educaci\u00f3n, seguridad, empleo e ingresos, son los principales temas que los j\u00f3venes de Tula nos han planteado y ser\u00e1n atendidos con la participaci\u00f3n de los ciudadanos\u201d, asegur\u00f3 el candidato morenista Cristhian Mart\u00ednez.<\/p>\t\t\t\t\t\t<\/div>\n\t\t\t\t<\/div>\n\t\t\t\t\t<\/div>\n\t\t<\/div>\n\t\t\t\t\t\t\t<\/div>\n\t\t<\/section>\n\t\t\t\t\t\t\t<\/div>\n\t\t","protected":false},"excerpt":{"rendered":"<p>Tula de Allende, Hidalgo; 15 de mayo de 2024.-El candidato de Morena y Nueva Alianza Hidalgo incluir\u00e1 al mayor n\u00famero de j\u00f3venes que sea posible en las diversas carteras de la administraci\u00f3n p\u00fablica. \u201cLas personas j\u00f3venes, cualquiera que sea su condici\u00f3n, ser\u00e1n las principales protagonistas en el proceso de transformaci\u00f3n\u201d, expres\u00f3 Cristhian Mart\u00ednez Res\u00e9ndiz, candidato [&hellip;]<\/p>\n","protected":false},"author":1,"featured_media":53532,"comment_status":"closed","ping_status":"closed","sticky":false,"template":"","format":"standard","meta":[],"categories":[7],"tags":[],"_links":{"self":[{"href":"https:\/\/www.septinoticias.com.mx\/index.php?rest_route=\/wp\/v2\/posts\/53530"}],"collection":[{"href":"https:\/\/www.septinoticias.com.mx\/index.php?rest_route=\/wp\/v2\/posts"}],"about":[{"href":"https:\/\/www.septinoticias.com.mx\/index.php?rest_route=\/wp\/v2\/types\/post"}],"author":[{"embeddable":true,"href":"https:\/\/www.septinoticias.com.mx\/index.php?rest_route=\/wp\/v2\/users\/1"}],"replies":[{"embeddable":true,"href":"https:\/\/www.septinoticias.com.mx\/index.php?rest_route=%2Fwp%2Fv2%2Fcomments&post=53530"}],"version-history":[{"count":4,"href":"https:\/\/www.septinoticias.com.mx\/index.php?rest_route=\/wp\/v2\/posts\/53530\/revisions"}],"predecessor-version":[{"id":53535,"href":"https:\/\/www.septinoticias.com.mx\/index.php?rest_route=\/wp\/v2\/posts\/53530\/revisions\/53535"}],"wp:featuredmedia":[{"embeddable":true,"href":"https:\/\/www.septinoticias.com.mx\/index.php?rest_route=\/wp\/v2\/media\/53532"}],"wp:attachment":[{"href":"https:\/\/www.septinoticias.com.mx\/index.php?rest_route=%2Fwp%2Fv2%2Fmedia&parent=53530"}],"wp:term":[{"taxonomy":"category","embeddable":true,"href":"https:\/\/www.septinoticias.com.mx\/index.php?rest_route=%2Fwp%2Fv2%2Fcategories&post=53530"},{"taxonomy":"post_tag","embeddable":true,"href":"https:\/\/www.septinoticias.com.mx\/index.php?rest_route=%2Fwp%2Fv2%2Ftags&post=53530"}],"curies":[{"name":"wp","href":"https:\/\/api.w.org\/{rel}","templated":true}]}}