{"id":53518,"date":"2024-05-16T16:36:49","date_gmt":"2024-05-16T16:36:49","guid":{"rendered":"https:\/\/www.septinoticias.com.mx\/?p=53518"},"modified":"2024-05-16T16:37:41","modified_gmt":"2024-05-16T16:37:41","slug":"propone-san-roman-cuidado-y-preservacion-del-medio-ambiente-en-colaboracion-con-empresas-recicladoras","status":"publish","type":"post","link":"https:\/\/www.septinoticias.com.mx\/?p=53518","title":{"rendered":"Propone San Rom\u00e1n Cuidado y Preservaci\u00f3n Del Medio Ambiente en Colaboraci\u00f3n Con Empresas Recicladoras"},"content":{"rendered":"\t\t<div data-elementor-type=\"wp-post\" data-elementor-id=\"53518\" class=\"elementor elementor-53518\">\n\t\t\t\t\t\t\t\t\t<section class=\"elementor-section elementor-top-section elementor-element elementor-element-20bbcd3b elementor-section-boxed elementor-section-height-default elementor-section-height-default\" data-id=\"20bbcd3b\" data-element_type=\"section\">\n\t\t\t\t\t\t<div class=\"elementor-container elementor-column-gap-default\">\n\t\t\t\t\t<div class=\"elementor-column elementor-col-100 elementor-top-column elementor-element elementor-element-33be02ef\" data-id=\"33be02ef\" data-element_type=\"column\">\n\t\t\t<div class=\"elementor-widget-wrap elementor-element-populated\">\n\t\t\t\t\t\t\t\t<div class=\"elementor-element elementor-element-6c4a91f9 elementor-widget elementor-widget-text-editor\" data-id=\"6c4a91f9\" data-element_type=\"widget\" data-widget_type=\"text-editor.default\">\n\t\t\t\t<div class=\"elementor-widget-container\">\n\t\t\t<style>\/*! elementor - v3.10.1 - 17-01-2023 *\/\n.elementor-widget-text-editor.elementor-drop-cap-view-stacked .elementor-drop-cap{background-color:#818a91;color:#fff}.elementor-widget-text-editor.elementor-drop-cap-view-framed .elementor-drop-cap{color:#818a91;border:3px solid;background-color:transparent}.elementor-widget-text-editor:not(.elementor-drop-cap-view-default) .elementor-drop-cap{margin-top:8px}.elementor-widget-text-editor:not(.elementor-drop-cap-view-default) .elementor-drop-cap-letter{width:1em;height:1em}.elementor-widget-text-editor .elementor-drop-cap{float:left;text-align:center;line-height:1;font-size:50px}.elementor-widget-text-editor .elementor-drop-cap-letter{display:inline-block}<\/style>\t\t\t\t<p><strong>Huejutla de Reyes, Hidalgo; 15 de mayo de 2024.-<\/strong>En su gobierno se impulsar\u00e1 el cuidado al medio ambiente y su preservaci\u00f3n con beneficios para los huejutlenses, tanto en salud como en desarrollo y econom\u00eda, as\u00ed como a la reducci\u00f3n de desechos.<\/p><p>Jos\u00e9 Alfredo San Rom\u00e1n Duval, candidato com\u00fan a la presidencia municipal de Huejutla por Morena y Nueva Alianza Hidalgo, plantea la iniciativa de transformar el medio ambiente a trav\u00e9s de un programa integral para mejorar la gesti\u00f3n de residuos s\u00f3lidos urbanos de manera responsable y segura en un espacio destinado al relleno sanitario.<\/p><p>Esta propuesta de campa\u00f1a, dijo, la implementar\u00e1 en colaboraci\u00f3n con una empresa recicladora para separar los materiales de acuerdo a las normativas de la Ley, indic\u00f3 San Rom\u00e1n Duval durante una visita a la colonia del Valle del Encinal.<\/p><p>Ah\u00ed dijo que en su gobierno se impulsar\u00e1 el cuidado al medio ambiente y su preservaci\u00f3n, con beneficios para los huejutlenses, tanto en salud como en desarrollo y econom\u00eda, as\u00ed como a la reducci\u00f3n de desechos, dando prioridad al reciclaje con la capacitaci\u00f3n constante y adecuada del personal a cargo de los residuos.<\/p><p>Adem\u00e1s de la promoci\u00f3n de estas actividades entre la poblaci\u00f3n y en los centros educativos para inculcar la cultura del reciclaje entre la ciudadan\u00eda y ayudar juntos a resolver el problema que actualmente aqueja a las familias del municipio.<\/p><p>Tras ser condecorado por los vecinos con el bast\u00f3n de mando, &#8220;El Amigo del Pueblo&#8221; agradeci\u00f3 el respaldo de la ciudadan\u00eda al sumar con \u00e9ste el cuarto bast\u00f3n a su cargo, se\u00f1alando que &#8220;el proyecto de la esperanza se construye con el coraz\u00f3n y la participaci\u00f3n del pueblo, la transformaci\u00f3n la construimos juntos, gobierno y pueblo\u201d.<\/p><p>Por ello, enfatiz\u00f3 en trabajar de la mano para lograr los resultados planteados, como es el caso de la cultura ambiental que requiere el esfuerzo de todos.<\/p><p>\u00a0<\/p>\t\t\t\t\t\t<\/div>\n\t\t\t\t<\/div>\n\t\t\t\t\t<\/div>\n\t\t<\/div>\n\t\t\t\t\t\t\t<\/div>\n\t\t<\/section>\n\t\t\t\t\t\t\t<\/div>\n\t\t","protected":false},"excerpt":{"rendered":"<p>Huejutla de Reyes, Hidalgo; 15 de mayo de 2024.-En su gobierno se impulsar\u00e1 el cuidado al medio ambiente y su preservaci\u00f3n con beneficios para los huejutlenses, tanto en salud como en desarrollo y econom\u00eda, as\u00ed como a la reducci\u00f3n de desechos. Jos\u00e9 Alfredo San Rom\u00e1n Duval, candidato com\u00fan a la presidencia municipal de Huejutla por [&hellip;]<\/p>\n","protected":false},"author":1,"featured_media":53520,"comment_status":"closed","ping_status":"closed","sticky":false,"template":"","format":"standard","meta":[],"categories":[7],"tags":[],"_links":{"self":[{"href":"https:\/\/www.septinoticias.com.mx\/index.php?rest_route=\/wp\/v2\/posts\/53518"}],"collection":[{"href":"https:\/\/www.septinoticias.com.mx\/index.php?rest_route=\/wp\/v2\/posts"}],"about":[{"href":"https:\/\/www.septinoticias.com.mx\/index.php?rest_route=\/wp\/v2\/types\/post"}],"author":[{"embeddable":true,"href":"https:\/\/www.septinoticias.com.mx\/index.php?rest_route=\/wp\/v2\/users\/1"}],"replies":[{"embeddable":true,"href":"https:\/\/www.septinoticias.com.mx\/index.php?rest_route=%2Fwp%2Fv2%2Fcomments&post=53518"}],"version-history":[{"count":4,"href":"https:\/\/www.septinoticias.com.mx\/index.php?rest_route=\/wp\/v2\/posts\/53518\/revisions"}],"predecessor-version":[{"id":53523,"href":"https:\/\/www.septinoticias.com.mx\/index.php?rest_route=\/wp\/v2\/posts\/53518\/revisions\/53523"}],"wp:featuredmedia":[{"embeddable":true,"href":"https:\/\/www.septinoticias.com.mx\/index.php?rest_route=\/wp\/v2\/media\/53520"}],"wp:attachment":[{"href":"https:\/\/www.septinoticias.com.mx\/index.php?rest_route=%2Fwp%2Fv2%2Fmedia&parent=53518"}],"wp:term":[{"taxonomy":"category","embeddable":true,"href":"https:\/\/www.septinoticias.com.mx\/index.php?rest_route=%2Fwp%2Fv2%2Fcategories&post=53518"},{"taxonomy":"post_tag","embeddable":true,"href":"https:\/\/www.septinoticias.com.mx\/index.php?rest_route=%2Fwp%2Fv2%2Ftags&post=53518"}],"curies":[{"name":"wp","href":"https:\/\/api.w.org\/{rel}","templated":true}]}}