{"id":52564,"date":"2024-05-11T18:54:04","date_gmt":"2024-05-11T18:54:04","guid":{"rendered":"https:\/\/www.septinoticias.com.mx\/?p=52564"},"modified":"2024-05-11T18:55:16","modified_gmt":"2024-05-11T18:55:16","slug":"talleres-de-arte-musica-pintura-y-deporte-a-los-ninos-y-jovenes-de-omitlan-propone-martha-belem","status":"publish","type":"post","link":"https:\/\/www.septinoticias.com.mx\/?p=52564","title":{"rendered":"Talleres De Arte, M\u00fasica, Pintura y Deporte a Los Ni\u00f1os y J\u00f3venes de Omitl\u00e1n, Propone Martha Bel\u00e9m"},"content":{"rendered":"\t\t<div data-elementor-type=\"wp-post\" data-elementor-id=\"52564\" class=\"elementor elementor-52564\">\n\t\t\t\t\t\t\t\t\t<section class=\"elementor-section elementor-top-section elementor-element elementor-element-20bbcd3b elementor-section-boxed elementor-section-height-default elementor-section-height-default\" data-id=\"20bbcd3b\" data-element_type=\"section\">\n\t\t\t\t\t\t<div class=\"elementor-container elementor-column-gap-default\">\n\t\t\t\t\t<div class=\"elementor-column elementor-col-100 elementor-top-column elementor-element elementor-element-33be02ef\" data-id=\"33be02ef\" data-element_type=\"column\">\n\t\t\t<div class=\"elementor-widget-wrap elementor-element-populated\">\n\t\t\t\t\t\t\t\t<div class=\"elementor-element elementor-element-6c4a91f9 elementor-widget elementor-widget-text-editor\" data-id=\"6c4a91f9\" data-element_type=\"widget\" data-widget_type=\"text-editor.default\">\n\t\t\t\t<div class=\"elementor-widget-container\">\n\t\t\t<style>\/*! elementor - v3.10.1 - 17-01-2023 *\/\n.elementor-widget-text-editor.elementor-drop-cap-view-stacked .elementor-drop-cap{background-color:#818a91;color:#fff}.elementor-widget-text-editor.elementor-drop-cap-view-framed .elementor-drop-cap{color:#818a91;border:3px solid;background-color:transparent}.elementor-widget-text-editor:not(.elementor-drop-cap-view-default) .elementor-drop-cap{margin-top:8px}.elementor-widget-text-editor:not(.elementor-drop-cap-view-default) .elementor-drop-cap-letter{width:1em;height:1em}.elementor-widget-text-editor .elementor-drop-cap{float:left;text-align:center;line-height:1;font-size:50px}.elementor-widget-text-editor .elementor-drop-cap-letter{display:inline-block}<\/style>\t\t\t\t<p>Omitl\u00e1n de Ju\u00e1rez, Hidalgo a 10 de mayo de 2024.-La candidata de Morena y Nueva Alianza Hidalgo al gobierno municipal de Omitl\u00e1n expres\u00f3 que la educaci\u00f3n representa un pilar fundamental para la Transformaci\u00f3n<\/p><p>La educaci\u00f3n para las ni\u00f1as y ni\u00f1os, as\u00ed como j\u00f3venes, ser\u00e1 integral en Omitl\u00e1n de Ju\u00e1rez, con espacios dignos y rehabilitados, expres\u00f3 Martha Bel\u00e9m Oliver Gonz\u00e1lez, candidata de Morena y Nueva Alianza Hidalgo a la presidencia municipal.<\/p><p>Durante un recorrido de toque de puertas en la comunidad de San Antonio El Paso, la abanderada guinda puso un \u00e9nfasis en mantener cercan\u00eda y di\u00e1logo directo en su gobierno municipal con las autoridades educativas, maestras y maestros.<\/p><p>Por ello propuso, primero, conocer las necesidades de cada una de las escuelas y, segundo, implementar talleres de arte, m\u00fasica, pintura y deporte que permitir\u00e1n el desarrollo integral de las y los estudiantes.<\/p><p>\u201cLa educaci\u00f3n representa un pilar fundamental para la Cuarta Transformaci\u00f3n, nuestras ni\u00f1as, ni\u00f1os y j\u00f3venes son la esperanza de nuestro futuro, por ello, trabajar\u00e9 arduamente para transformar y rehabilitar los centros educativos de nuestro municipio\u201d, expres\u00f3.<\/p><p>Asimismo, Martha Bel\u00e9m dijo que la educaci\u00f3n es un derecho universal; por ello, las y los estudiantes de Omitl\u00e1n de los distintos niveles educativos, deben sentirse libres y felices en espacios seguros donde desarrollen sus conocimientos y habilidades.<\/p>\t\t\t\t\t\t<\/div>\n\t\t\t\t<\/div>\n\t\t\t\t\t<\/div>\n\t\t<\/div>\n\t\t\t\t\t\t\t<\/div>\n\t\t<\/section>\n\t\t\t\t\t\t\t<\/div>\n\t\t","protected":false},"excerpt":{"rendered":"<p>Omitl\u00e1n de Ju\u00e1rez, Hidalgo a 10 de mayo de 2024.-La candidata de Morena y Nueva Alianza Hidalgo al gobierno municipal de Omitl\u00e1n expres\u00f3 que la educaci\u00f3n representa un pilar fundamental para la Transformaci\u00f3n La educaci\u00f3n para las ni\u00f1as y ni\u00f1os, as\u00ed como j\u00f3venes, ser\u00e1 integral en Omitl\u00e1n de Ju\u00e1rez, con espacios dignos y rehabilitados, expres\u00f3 [&hellip;]<\/p>\n","protected":false},"author":1,"featured_media":52566,"comment_status":"closed","ping_status":"closed","sticky":false,"template":"","format":"standard","meta":[],"categories":[7],"tags":[],"_links":{"self":[{"href":"https:\/\/www.septinoticias.com.mx\/index.php?rest_route=\/wp\/v2\/posts\/52564"}],"collection":[{"href":"https:\/\/www.septinoticias.com.mx\/index.php?rest_route=\/wp\/v2\/posts"}],"about":[{"href":"https:\/\/www.septinoticias.com.mx\/index.php?rest_route=\/wp\/v2\/types\/post"}],"author":[{"embeddable":true,"href":"https:\/\/www.septinoticias.com.mx\/index.php?rest_route=\/wp\/v2\/users\/1"}],"replies":[{"embeddable":true,"href":"https:\/\/www.septinoticias.com.mx\/index.php?rest_route=%2Fwp%2Fv2%2Fcomments&post=52564"}],"version-history":[{"count":4,"href":"https:\/\/www.septinoticias.com.mx\/index.php?rest_route=\/wp\/v2\/posts\/52564\/revisions"}],"predecessor-version":[{"id":52569,"href":"https:\/\/www.septinoticias.com.mx\/index.php?rest_route=\/wp\/v2\/posts\/52564\/revisions\/52569"}],"wp:featuredmedia":[{"embeddable":true,"href":"https:\/\/www.septinoticias.com.mx\/index.php?rest_route=\/wp\/v2\/media\/52566"}],"wp:attachment":[{"href":"https:\/\/www.septinoticias.com.mx\/index.php?rest_route=%2Fwp%2Fv2%2Fmedia&parent=52564"}],"wp:term":[{"taxonomy":"category","embeddable":true,"href":"https:\/\/www.septinoticias.com.mx\/index.php?rest_route=%2Fwp%2Fv2%2Fcategories&post=52564"},{"taxonomy":"post_tag","embeddable":true,"href":"https:\/\/www.septinoticias.com.mx\/index.php?rest_route=%2Fwp%2Fv2%2Ftags&post=52564"}],"curies":[{"name":"wp","href":"https:\/\/api.w.org\/{rel}","templated":true}]}}