{"id":52528,"date":"2024-05-10T18:47:09","date_gmt":"2024-05-10T18:47:09","guid":{"rendered":"https:\/\/www.septinoticias.com.mx\/?p=52528"},"modified":"2024-05-10T18:47:58","modified_gmt":"2024-05-10T18:47:58","slug":"conmemoramos-el-dia-de-la-victoria-simbolo-de-la-lucha-contra-el-fascismo-tania-meza","status":"publish","type":"post","link":"https:\/\/www.septinoticias.com.mx\/?p=52528","title":{"rendered":"Conmemoramos el D\u00eda de la Victoria, S\u00edmbolo de la Lucha Contra El Fascismo: Tania Meza"},"content":{"rendered":"\t\t<div data-elementor-type=\"wp-post\" data-elementor-id=\"52528\" class=\"elementor elementor-52528\">\n\t\t\t\t\t\t\t\t\t<section class=\"elementor-section elementor-top-section elementor-element elementor-element-20bbcd3b elementor-section-boxed elementor-section-height-default elementor-section-height-default\" data-id=\"20bbcd3b\" data-element_type=\"section\">\n\t\t\t\t\t\t<div class=\"elementor-container elementor-column-gap-default\">\n\t\t\t\t\t<div class=\"elementor-column elementor-col-100 elementor-top-column elementor-element elementor-element-33be02ef\" data-id=\"33be02ef\" data-element_type=\"column\">\n\t\t\t<div class=\"elementor-widget-wrap elementor-element-populated\">\n\t\t\t\t\t\t\t\t<div class=\"elementor-element elementor-element-6c4a91f9 elementor-widget elementor-widget-text-editor\" data-id=\"6c4a91f9\" data-element_type=\"widget\" data-widget_type=\"text-editor.default\">\n\t\t\t\t<div class=\"elementor-widget-container\">\n\t\t\t<style>\/*! elementor - v3.10.1 - 17-01-2023 *\/\n.elementor-widget-text-editor.elementor-drop-cap-view-stacked .elementor-drop-cap{background-color:#818a91;color:#fff}.elementor-widget-text-editor.elementor-drop-cap-view-framed .elementor-drop-cap{color:#818a91;border:3px solid;background-color:transparent}.elementor-widget-text-editor:not(.elementor-drop-cap-view-default) .elementor-drop-cap{margin-top:8px}.elementor-widget-text-editor:not(.elementor-drop-cap-view-default) .elementor-drop-cap-letter{width:1em;height:1em}.elementor-widget-text-editor .elementor-drop-cap{float:left;text-align:center;line-height:1;font-size:50px}.elementor-widget-text-editor .elementor-drop-cap-letter{display:inline-block}<\/style>\t\t\t\t<p><strong>-Record\u00f3 que es una fecha importante para quienes luchan por derechos para todas, todos y todes.<\/strong><\/p><p><strong>-La morenista\u00a0 a\u00f1adi\u00f3 que adem\u00e1s es un d\u00eda donde el mundo celebra la derrota de la pol\u00edtica de ultraderecha.<\/strong><\/p><p><strong>Pachuca, Hgo., 9 de mayo de 2024.-<\/strong>La candidata de la coalici\u00f3n Sigamos Haciendo Historia en Hidalgo, Tania Meza Escorza, quien se ha definido como una mujer con ideolog\u00eda de izquierda, record\u00f3 que este 9 de mayo se conmemora el D\u00eda de la Victoria, el cual, dijo, es un s\u00edmbolo de lucha contra el fascismo.<\/p><p>\u201cEl 9 de mayo de 1945 el pensamiento nacional socialista, semilla de la ultraderecha en el mundo, fue derrotado por el ej\u00e9rcito sovi\u00e9tico, as\u00ed que el D\u00eda de la Victoria es un triunfo contundente a nivel mundial contra el fascismo por eso es tan importante y para quienes luchan por un mundo m\u00e1s igualitario, por derechos para todas, todos y todes, pero sobre todo para los grupos de la poblaci\u00f3n hist\u00f3ricamente excluidos\u201d, explic\u00f3.<\/p><p>La morenista coment\u00f3 que esta fecha conmemora que el Ej\u00e9rcito Rojo venci\u00f3 a los nazis y marc\u00f3 el fin de la Segunda Guerra Mundial y, por tanto, es un d\u00eda donde el mundo celebra la derrota de la pol\u00edtica de ultraderecha.<\/p><p>\u201cEste hecho hist\u00f3rico deviene en un simbolismo en todo el mundo de la lucha contra el fascismo, recordemos que el nacional socialismo era una ideolog\u00eda que tom\u00f3 el poder en Alemania y luego en muchos otros pa\u00edses de la regi\u00f3n en Europa y tra\u00eda como bandera la creencia de la raza superior\u201d, detall\u00f3.<\/p><p>Lo anterior, dijo Meza Escorza, se convert\u00eda no s\u00f3lo en desigualdad, sino tambi\u00e9n en tortura, ya que ser parte de comunidades como la jud\u00eda, la gitana, las mujeres, las personas de la diversidad sexual o con discapacidad, implicaba la muerte.<\/p><p>La candidata para ocupar un curul en el Congreso local por el distrito XII, subray\u00f3 que es necesario recordar esta fecha, ya que el nacional socialismo representa uno de los gobiernos m\u00e1s emblem\u00e1ticos de los ideales que hoy podemos ver reflejados en la ultraderecha.<\/p><p>\u201cCreer que los grupos hist\u00f3ricamente vulnerados han estado excluidos por una buena raz\u00f3n, que son los culpables de que existan problemas sociales que devienen en problemas econ\u00f3micos, por eso el D\u00eda de la Victoria es un s\u00edmbolo m\u00e1s all\u00e1 del hecho hist\u00f3rico que conmemora, es el s\u00edmbolo de cuando se venci\u00f3 contundentemente al fascismo\u201d, finaliz\u00f3 Tania Meza.<\/p>\t\t\t\t\t\t<\/div>\n\t\t\t\t<\/div>\n\t\t\t\t\t<\/div>\n\t\t<\/div>\n\t\t\t\t\t\t\t<\/div>\n\t\t<\/section>\n\t\t\t\t\t\t\t<\/div>\n\t\t","protected":false},"excerpt":{"rendered":"<p>-Record\u00f3 que es una fecha importante para quienes luchan por derechos para todas, todos y todes. -La morenista\u00a0 a\u00f1adi\u00f3 que adem\u00e1s es un d\u00eda donde el mundo celebra la derrota de la pol\u00edtica de ultraderecha. Pachuca, Hgo., 9 de mayo de 2024.-La candidata de la coalici\u00f3n Sigamos Haciendo Historia en Hidalgo, Tania Meza Escorza, quien [&hellip;]<\/p>\n","protected":false},"author":1,"featured_media":52530,"comment_status":"closed","ping_status":"closed","sticky":false,"template":"","format":"standard","meta":[],"categories":[9,3],"tags":[],"_links":{"self":[{"href":"https:\/\/www.septinoticias.com.mx\/index.php?rest_route=\/wp\/v2\/posts\/52528"}],"collection":[{"href":"https:\/\/www.septinoticias.com.mx\/index.php?rest_route=\/wp\/v2\/posts"}],"about":[{"href":"https:\/\/www.septinoticias.com.mx\/index.php?rest_route=\/wp\/v2\/types\/post"}],"author":[{"embeddable":true,"href":"https:\/\/www.septinoticias.com.mx\/index.php?rest_route=\/wp\/v2\/users\/1"}],"replies":[{"embeddable":true,"href":"https:\/\/www.septinoticias.com.mx\/index.php?rest_route=%2Fwp%2Fv2%2Fcomments&post=52528"}],"version-history":[{"count":4,"href":"https:\/\/www.septinoticias.com.mx\/index.php?rest_route=\/wp\/v2\/posts\/52528\/revisions"}],"predecessor-version":[{"id":52533,"href":"https:\/\/www.septinoticias.com.mx\/index.php?rest_route=\/wp\/v2\/posts\/52528\/revisions\/52533"}],"wp:featuredmedia":[{"embeddable":true,"href":"https:\/\/www.septinoticias.com.mx\/index.php?rest_route=\/wp\/v2\/media\/52530"}],"wp:attachment":[{"href":"https:\/\/www.septinoticias.com.mx\/index.php?rest_route=%2Fwp%2Fv2%2Fmedia&parent=52528"}],"wp:term":[{"taxonomy":"category","embeddable":true,"href":"https:\/\/www.septinoticias.com.mx\/index.php?rest_route=%2Fwp%2Fv2%2Fcategories&post=52528"},{"taxonomy":"post_tag","embeddable":true,"href":"https:\/\/www.septinoticias.com.mx\/index.php?rest_route=%2Fwp%2Fv2%2Ftags&post=52528"}],"curies":[{"name":"wp","href":"https:\/\/api.w.org\/{rel}","templated":true}]}}