{"id":52519,"date":"2024-05-10T18:45:38","date_gmt":"2024-05-10T18:45:38","guid":{"rendered":"https:\/\/www.septinoticias.com.mx\/?p=52519"},"modified":"2024-05-10T18:46:52","modified_gmt":"2024-05-10T18:46:52","slug":"potenciar-el-futuro-de-jovenes-compromete-ricardo-crespo","status":"publish","type":"post","link":"https:\/\/www.septinoticias.com.mx\/?p=52519","title":{"rendered":"Potenciar el Futuro de J\u00f3venes, Compromete Ricardo Crespo"},"content":{"rendered":"\t\t<div data-elementor-type=\"wp-post\" data-elementor-id=\"52519\" class=\"elementor elementor-52519\">\n\t\t\t\t\t\t\t\t\t<section class=\"elementor-section elementor-top-section elementor-element elementor-element-20bbcd3b elementor-section-boxed elementor-section-height-default elementor-section-height-default\" data-id=\"20bbcd3b\" data-element_type=\"section\">\n\t\t\t\t\t\t<div class=\"elementor-container elementor-column-gap-default\">\n\t\t\t\t\t<div class=\"elementor-column elementor-col-100 elementor-top-column elementor-element elementor-element-33be02ef\" data-id=\"33be02ef\" data-element_type=\"column\">\n\t\t\t<div class=\"elementor-widget-wrap elementor-element-populated\">\n\t\t\t\t\t\t\t\t<div class=\"elementor-element elementor-element-6c4a91f9 elementor-widget elementor-widget-text-editor\" data-id=\"6c4a91f9\" data-element_type=\"widget\" data-widget_type=\"text-editor.default\">\n\t\t\t\t<div class=\"elementor-widget-container\">\n\t\t\t<style>\/*! elementor - v3.10.1 - 17-01-2023 *\/\n.elementor-widget-text-editor.elementor-drop-cap-view-stacked .elementor-drop-cap{background-color:#818a91;color:#fff}.elementor-widget-text-editor.elementor-drop-cap-view-framed .elementor-drop-cap{color:#818a91;border:3px solid;background-color:transparent}.elementor-widget-text-editor:not(.elementor-drop-cap-view-default) .elementor-drop-cap{margin-top:8px}.elementor-widget-text-editor:not(.elementor-drop-cap-view-default) .elementor-drop-cap-letter{width:1em;height:1em}.elementor-widget-text-editor .elementor-drop-cap{float:left;text-align:center;line-height:1;font-size:50px}.elementor-widget-text-editor .elementor-drop-cap-letter{display:inline-block}<\/style>\t\t\t\t<p><strong>Pachuca, Hidalgo, 9 de mayo de 2024.-<\/strong>El candidato de Morena a diputado federal dijo que desde el Congreso de la Uni\u00f3n aportar\u00e1 para que los reci\u00e9n egresados se conviertan en empresarios que generen empleos<\/p><p>Como parte de las reuniones de acercamiento con diversos sectores de la sociedad, Ricardo Crespo, candidato de Morena al Congreso de la Uni\u00f3n por el distrito VI, mantuvo di\u00e1logo directo con un grupo de estudiantes universitarios y catedr\u00e1ticos en la capital hidalguense.<\/p><p>Durante el intercambio de ideas con los j\u00f3venes, el aspirante habl\u00f3 de sus propuestas de campa\u00f1a enfocadas en garantizar condiciones de igualdad que permitan a los nuevos profesionistas desarrollar sus habilidades plenamente, al concluir su formaci\u00f3n profesional.<\/p><p>Independientemente de la creaci\u00f3n de empleos en condiciones de dignidad, el candidato morenista se pronunci\u00f3 por aportar desde el Congreso de la Uni\u00f3n para que los j\u00f3venes tengan la oportunidad de convertirse en empresarios.<\/p><p>Ricardo Crespo, adem\u00e1s, se dijo aliado de los j\u00f3venes en la b\u00fasqueda de oportunidades y espacios que les permitan ser \u201cpotencia\u201d, en sus actividades y metas.<\/p><p>Afirm\u00f3 que la mejor forma de retribuir a su tierra por las oportunidades para su formaci\u00f3n acad\u00e9mica ser\u00e1 la apertura de nuevos negocios y empresas que permitan a los j\u00f3venes crear nuevos empleos en beneficio de sus paisanos.<\/p><p>\u201cNosotros, desde el Congreso, estaremos atentos para allanar el camino\u201d, mencion\u00f3 el abanderado de Morena.<\/p><p>Ricardo Crespo finaliz\u00f3 diciendo que la implementaci\u00f3n de programas y acciones de desarrollo enfocadas en los profesionistas suma a un sentido de arraigo en las nuevas generaciones, y se trabaja en la construcci\u00f3n de un nuevo tejido social que responda con claridad a las exigencias de un mejor futuro, pero para ello se requiere la participaci\u00f3n de todos.<\/p>\t\t\t\t\t\t<\/div>\n\t\t\t\t<\/div>\n\t\t\t\t\t<\/div>\n\t\t<\/div>\n\t\t\t\t\t\t\t<\/div>\n\t\t<\/section>\n\t\t\t\t\t\t\t<\/div>\n\t\t","protected":false},"excerpt":{"rendered":"<p>Pachuca, Hidalgo, 9 de mayo de 2024.-El candidato de Morena a diputado federal dijo que desde el Congreso de la Uni\u00f3n aportar\u00e1 para que los reci\u00e9n egresados se conviertan en empresarios que generen empleos Como parte de las reuniones de acercamiento con diversos sectores de la sociedad, Ricardo Crespo, candidato de Morena al Congreso de [&hellip;]<\/p>\n","protected":false},"author":1,"featured_media":52521,"comment_status":"closed","ping_status":"closed","sticky":false,"template":"","format":"standard","meta":[],"categories":[9,3],"tags":[],"_links":{"self":[{"href":"https:\/\/www.septinoticias.com.mx\/index.php?rest_route=\/wp\/v2\/posts\/52519"}],"collection":[{"href":"https:\/\/www.septinoticias.com.mx\/index.php?rest_route=\/wp\/v2\/posts"}],"about":[{"href":"https:\/\/www.septinoticias.com.mx\/index.php?rest_route=\/wp\/v2\/types\/post"}],"author":[{"embeddable":true,"href":"https:\/\/www.septinoticias.com.mx\/index.php?rest_route=\/wp\/v2\/users\/1"}],"replies":[{"embeddable":true,"href":"https:\/\/www.septinoticias.com.mx\/index.php?rest_route=%2Fwp%2Fv2%2Fcomments&post=52519"}],"version-history":[{"count":7,"href":"https:\/\/www.septinoticias.com.mx\/index.php?rest_route=\/wp\/v2\/posts\/52519\/revisions"}],"predecessor-version":[{"id":52527,"href":"https:\/\/www.septinoticias.com.mx\/index.php?rest_route=\/wp\/v2\/posts\/52519\/revisions\/52527"}],"wp:featuredmedia":[{"embeddable":true,"href":"https:\/\/www.septinoticias.com.mx\/index.php?rest_route=\/wp\/v2\/media\/52521"}],"wp:attachment":[{"href":"https:\/\/www.septinoticias.com.mx\/index.php?rest_route=%2Fwp%2Fv2%2Fmedia&parent=52519"}],"wp:term":[{"taxonomy":"category","embeddable":true,"href":"https:\/\/www.septinoticias.com.mx\/index.php?rest_route=%2Fwp%2Fv2%2Fcategories&post=52519"},{"taxonomy":"post_tag","embeddable":true,"href":"https:\/\/www.septinoticias.com.mx\/index.php?rest_route=%2Fwp%2Fv2%2Ftags&post=52519"}],"curies":[{"name":"wp","href":"https:\/\/api.w.org\/{rel}","templated":true}]}}