{"id":52485,"date":"2024-05-10T18:30:58","date_gmt":"2024-05-10T18:30:58","guid":{"rendered":"https:\/\/www.septinoticias.com.mx\/?p=52485"},"modified":"2024-05-10T18:32:09","modified_gmt":"2024-05-10T18:32:09","slug":"feria-de-la-salud-en-la-ciudad-de-las-mujeres","status":"publish","type":"post","link":"https:\/\/www.septinoticias.com.mx\/?p=52485","title":{"rendered":"Feria de la Salud en la Ciudad de las Mujeres"},"content":{"rendered":"\t\t<div data-elementor-type=\"wp-post\" data-elementor-id=\"52485\" class=\"elementor elementor-52485\">\n\t\t\t\t\t\t\t\t\t<section class=\"elementor-section elementor-top-section elementor-element elementor-element-20bbcd3b elementor-section-boxed elementor-section-height-default elementor-section-height-default\" data-id=\"20bbcd3b\" data-element_type=\"section\">\n\t\t\t\t\t\t<div class=\"elementor-container elementor-column-gap-default\">\n\t\t\t\t\t<div class=\"elementor-column elementor-col-100 elementor-top-column elementor-element elementor-element-33be02ef\" data-id=\"33be02ef\" data-element_type=\"column\">\n\t\t\t<div class=\"elementor-widget-wrap elementor-element-populated\">\n\t\t\t\t\t\t\t\t<div class=\"elementor-element elementor-element-6c4a91f9 elementor-widget elementor-widget-text-editor\" data-id=\"6c4a91f9\" data-element_type=\"widget\" data-widget_type=\"text-editor.default\">\n\t\t\t\t<div class=\"elementor-widget-container\">\n\t\t\t<style>\/*! elementor - v3.10.1 - 17-01-2023 *\/\n.elementor-widget-text-editor.elementor-drop-cap-view-stacked .elementor-drop-cap{background-color:#818a91;color:#fff}.elementor-widget-text-editor.elementor-drop-cap-view-framed .elementor-drop-cap{color:#818a91;border:3px solid;background-color:transparent}.elementor-widget-text-editor:not(.elementor-drop-cap-view-default) .elementor-drop-cap{margin-top:8px}.elementor-widget-text-editor:not(.elementor-drop-cap-view-default) .elementor-drop-cap-letter{width:1em;height:1em}.elementor-widget-text-editor .elementor-drop-cap{float:left;text-align:center;line-height:1;font-size:50px}.elementor-widget-text-editor .elementor-drop-cap-letter{display:inline-block}<\/style>\t\t\t\t<p><strong>Tepeji del R\u00edo de Ocampo, Hgo., 8 de mayo de 2024.-<\/strong>Este jueves, se llev\u00f3 a cabo, en la Ciudad de las Mujeres, la Feria de la Salud, un evento dise\u00f1ado para fomentar el bienestar integral de este sector. Durante la jornada se ofrecieron diversos servicios y se realizaron actividades para promover h\u00e1bitos saludables y brindar informaci\u00f3n primordial para el autocuidado.<\/p><p>Tambi\u00e9n se brindaron pl\u00e1ticas informativas y talleres, donde se compartieron consejos respecto a la alimentaci\u00f3n balanceada, adem\u00e1s de t\u00e9cnicas efectivas de cepillado y cuidado dental.<\/p><p>En el M\u00f3dulo de Salud Sexual y Reproductiva, junto con el Centro de Salud se ofrecieron charlas y se aplicaron m\u00e9todos de planificaci\u00f3n familiar, como implantes de doble varilla y DIU, con el objetivo de empoderar a las mujeres en cuanto al ejercicio de sus derechos reproductivos.<\/p><p>Asimismo, se efectuaron chequeos m\u00e9dicos y pruebas esenciales de manera completa para detectar posibles problemas de salud, adem\u00e1s de pruebas r\u00e1pidas de VIH y embarazo para una detecci\u00f3n temprana, as\u00ed como medici\u00f3n de par\u00e1metros vitales como peso, talla y glucosa, con lo cual se obtuvo informaci\u00f3n valiosa para la prevenci\u00f3n y control de enfermedades como la diabetes.<\/p><p>A fin de promover un estilo de vida activo, se organizaron actividades f\u00edsicas y recreativas, para que las mujeres se animen a incorporar el ejercicio en su rutina diaria.<\/p><p>La Ciudad de las Mujeres se ocupa del bienestar de este sector, y trabaja para que, con ayuda de la poblaci\u00f3n, se pueda lograr una comunidad m\u00e1s saludable.<\/p>\t\t\t\t\t\t<\/div>\n\t\t\t\t<\/div>\n\t\t\t\t\t<\/div>\n\t\t<\/div>\n\t\t\t\t\t\t\t<\/div>\n\t\t<\/section>\n\t\t\t\t\t\t\t<\/div>\n\t\t","protected":false},"excerpt":{"rendered":"<p>Tepeji del R\u00edo de Ocampo, Hgo., 8 de mayo de 2024.-Este jueves, se llev\u00f3 a cabo, en la Ciudad de las Mujeres, la Feria de la Salud, un evento dise\u00f1ado para fomentar el bienestar integral de este sector. Durante la jornada se ofrecieron diversos servicios y se realizaron actividades para promover h\u00e1bitos saludables y brindar [&hellip;]<\/p>\n","protected":false},"author":1,"featured_media":52488,"comment_status":"closed","ping_status":"closed","sticky":false,"template":"","format":"standard","meta":[],"categories":[3],"tags":[],"_links":{"self":[{"href":"https:\/\/www.septinoticias.com.mx\/index.php?rest_route=\/wp\/v2\/posts\/52485"}],"collection":[{"href":"https:\/\/www.septinoticias.com.mx\/index.php?rest_route=\/wp\/v2\/posts"}],"about":[{"href":"https:\/\/www.septinoticias.com.mx\/index.php?rest_route=\/wp\/v2\/types\/post"}],"author":[{"embeddable":true,"href":"https:\/\/www.septinoticias.com.mx\/index.php?rest_route=\/wp\/v2\/users\/1"}],"replies":[{"embeddable":true,"href":"https:\/\/www.septinoticias.com.mx\/index.php?rest_route=%2Fwp%2Fv2%2Fcomments&post=52485"}],"version-history":[{"count":4,"href":"https:\/\/www.septinoticias.com.mx\/index.php?rest_route=\/wp\/v2\/posts\/52485\/revisions"}],"predecessor-version":[{"id":52491,"href":"https:\/\/www.septinoticias.com.mx\/index.php?rest_route=\/wp\/v2\/posts\/52485\/revisions\/52491"}],"wp:featuredmedia":[{"embeddable":true,"href":"https:\/\/www.septinoticias.com.mx\/index.php?rest_route=\/wp\/v2\/media\/52488"}],"wp:attachment":[{"href":"https:\/\/www.septinoticias.com.mx\/index.php?rest_route=%2Fwp%2Fv2%2Fmedia&parent=52485"}],"wp:term":[{"taxonomy":"category","embeddable":true,"href":"https:\/\/www.septinoticias.com.mx\/index.php?rest_route=%2Fwp%2Fv2%2Fcategories&post=52485"},{"taxonomy":"post_tag","embeddable":true,"href":"https:\/\/www.septinoticias.com.mx\/index.php?rest_route=%2Fwp%2Fv2%2Ftags&post=52485"}],"curies":[{"name":"wp","href":"https:\/\/api.w.org\/{rel}","templated":true}]}}