{"id":498,"date":"2023-01-17T15:51:36","date_gmt":"2023-01-17T15:51:36","guid":{"rendered":"https:\/\/www.smthemebazar.com\/newsify\/fashion-portrait-of-young-businessman-handsome-model-man-in-casual-cloth-copy\/"},"modified":"2023-01-21T10:21:45","modified_gmt":"2023-01-21T10:21:45","slug":"se-impartio-capacitacion-en-materia-turistica-virus-de-la-actitud","status":"publish","type":"post","link":"https:\/\/www.septinoticias.com.mx\/?p=498","title":{"rendered":"Se Imparti\u00f3 Capacitaci\u00f3n en Materia Tur\u00edstica: \u201cVirus de La Actitud\u201d"},"content":{"rendered":"\t\t<div data-elementor-type=\"wp-post\" data-elementor-id=\"498\" class=\"elementor elementor-498\">\n\t\t\t\t\t\t\t\t\t<section class=\"elementor-section elementor-top-section elementor-element elementor-element-740949fe elementor-section-boxed elementor-section-height-default elementor-section-height-default\" data-id=\"740949fe\" data-element_type=\"section\">\n\t\t\t\t\t\t<div class=\"elementor-container elementor-column-gap-default\">\n\t\t\t\t\t<div class=\"elementor-column elementor-col-100 elementor-top-column elementor-element elementor-element-1a40a2b4\" data-id=\"1a40a2b4\" data-element_type=\"column\">\n\t\t\t<div class=\"elementor-widget-wrap elementor-element-populated\">\n\t\t\t\t\t\t\t\t<div class=\"elementor-element elementor-element-674d68ac elementor-widget elementor-widget-text-editor\" data-id=\"674d68ac\" data-element_type=\"widget\" data-widget_type=\"text-editor.default\">\n\t\t\t\t<div class=\"elementor-widget-container\">\n\t\t\t<style>\/*! elementor - v3.10.1 - 17-01-2023 *\/\n.elementor-widget-text-editor.elementor-drop-cap-view-stacked .elementor-drop-cap{background-color:#818a91;color:#fff}.elementor-widget-text-editor.elementor-drop-cap-view-framed .elementor-drop-cap{color:#818a91;border:3px solid;background-color:transparent}.elementor-widget-text-editor:not(.elementor-drop-cap-view-default) .elementor-drop-cap{margin-top:8px}.elementor-widget-text-editor:not(.elementor-drop-cap-view-default) .elementor-drop-cap-letter{width:1em;height:1em}.elementor-widget-text-editor .elementor-drop-cap{float:left;text-align:center;line-height:1;font-size:50px}.elementor-widget-text-editor .elementor-drop-cap-letter{display:inline-block}<\/style>\t\t\t\t<p style=\"text-align: justify;\"><strong>Tulancingo de Bravo,Hgo., 17 de enero de 2023.-<\/strong>Este martes, fue realizado un importante taller regional para prestadores de servicios tur\u00edsticos, por parte de la secretar\u00eda de Turismo en Hidalgo, a trav\u00e9s de su direcci\u00f3n general de capacitaci\u00f3n.\u00a0<\/p>\n<p style=\"text-align: justify;\">Tulancingo fungi\u00f3 como sede y se comparti\u00f3 con los asistentes, valiosa informaci\u00f3n para mostrar la mejor actitud ante los turistas y as\u00ed brindar un servicio de calidad, con calidez.\u00a0<\/p>\n<p style=\"text-align: justify;\">Este es el primer taller del a\u00f1o y reviste gran importancia, pues un prestador de servicios tur\u00edsticos con m\u00e1s preparaci\u00f3n, tiene mayor \u00e9xito y por ende m\u00e1s ingresos Se indic\u00f3 que el factor turismo es un tema con mucho trabajo por emprender, pues todo el a\u00f1o hay festividades que atraen a visitantes, una de las que est\u00e1n en puerta son carnavales y fiestas patronales.\u00a0<\/p>\n<p style=\"text-align: justify;\">El taller no tuvo costo, al ser un apoyo estatal que se brinda al municipio. Derivado de la demanda registrada en este taller, se gestionar\u00e1n otros m\u00e1s para avanzar en temas de adaptaci\u00f3n de turismo a la nueva realidad, tras una etapa de pandemia que implic\u00f3 recesi\u00f3n econ\u00f3mica para el sector.\u00a0<\/p>\n<p style=\"text-align: justify;\">Afortunadamente, con los planes de vacunaci\u00f3n y el fomento a la aplicaci\u00f3n de medidas sanitarias, el turismo se recupera paulatinamente, pero es necesario que exista m\u00e1s capacitaci\u00f3n que se refleje en un Turismo fortalecido y m\u00e1s din\u00e1mico.<\/p>\t\t\t\t\t\t<\/div>\n\t\t\t\t<\/div>\n\t\t\t\t\t<\/div>\n\t\t<\/div>\n\t\t\t\t\t\t\t<\/div>\n\t\t<\/section>\n\t\t\t\t\t\t\t<\/div>\n\t\t","protected":false},"excerpt":{"rendered":"<p>Tulancingo de Bravo,Hgo., 17 de enero de 2023.-Este martes, fue realizado un importante taller regional para prestadores de servicios tur\u00edsticos, por parte de la secretar\u00eda de Turismo en Hidalgo, a trav\u00e9s de su direcci\u00f3n general de capacitaci\u00f3n.\u00a0 Tulancingo fungi\u00f3 como sede y se comparti\u00f3 con los asistentes, valiosa informaci\u00f3n para mostrar la mejor actitud ante [&hellip;]<\/p>\n","protected":false},"author":1,"featured_media":1234,"comment_status":"closed","ping_status":"closed","sticky":false,"template":"","format":"standard","meta":[],"categories":[7],"tags":[],"_links":{"self":[{"href":"https:\/\/www.septinoticias.com.mx\/index.php?rest_route=\/wp\/v2\/posts\/498"}],"collection":[{"href":"https:\/\/www.septinoticias.com.mx\/index.php?rest_route=\/wp\/v2\/posts"}],"about":[{"href":"https:\/\/www.septinoticias.com.mx\/index.php?rest_route=\/wp\/v2\/types\/post"}],"author":[{"embeddable":true,"href":"https:\/\/www.septinoticias.com.mx\/index.php?rest_route=\/wp\/v2\/users\/1"}],"replies":[{"embeddable":true,"href":"https:\/\/www.septinoticias.com.mx\/index.php?rest_route=%2Fwp%2Fv2%2Fcomments&post=498"}],"version-history":[{"count":11,"href":"https:\/\/www.septinoticias.com.mx\/index.php?rest_route=\/wp\/v2\/posts\/498\/revisions"}],"predecessor-version":[{"id":1243,"href":"https:\/\/www.septinoticias.com.mx\/index.php?rest_route=\/wp\/v2\/posts\/498\/revisions\/1243"}],"wp:featuredmedia":[{"embeddable":true,"href":"https:\/\/www.septinoticias.com.mx\/index.php?rest_route=\/wp\/v2\/media\/1234"}],"wp:attachment":[{"href":"https:\/\/www.septinoticias.com.mx\/index.php?rest_route=%2Fwp%2Fv2%2Fmedia&parent=498"}],"wp:term":[{"taxonomy":"category","embeddable":true,"href":"https:\/\/www.septinoticias.com.mx\/index.php?rest_route=%2Fwp%2Fv2%2Fcategories&post=498"},{"taxonomy":"post_tag","embeddable":true,"href":"https:\/\/www.septinoticias.com.mx\/index.php?rest_route=%2Fwp%2Fv2%2Ftags&post=498"}],"curies":[{"name":"wp","href":"https:\/\/api.w.org\/{rel}","templated":true}]}}