{"id":48415,"date":"2024-04-16T17:36:59","date_gmt":"2024-04-16T17:36:59","guid":{"rendered":"https:\/\/www.septinoticias.com.mx\/?p=48415"},"modified":"2024-04-16T17:41:18","modified_gmt":"2024-04-16T17:41:18","slug":"simey-olvera-bautista-no-procedera-legalmente-contra-sus-adversarios-politicos-aunque-ha-sido-victima-de-violencia-politica-de-genero-por-la-candidata-tricolor-carolina-viggiano","status":"publish","type":"post","link":"https:\/\/www.septinoticias.com.mx\/?p=48415","title":{"rendered":"Simey Olvera Bautista No Proceder\u00e1 Legalmente Contra Sus Adversarios Pol\u00edticos, Aunque Ha Sido V\u00edctima de Violencia Pol\u00edtica de G\u00e9nero, por la Candidata Tricolor, Carolina Viggiano"},"content":{"rendered":"\t\t<div data-elementor-type=\"wp-post\" data-elementor-id=\"48415\" class=\"elementor elementor-48415\">\n\t\t\t\t\t\t\t\t\t<section class=\"elementor-section elementor-top-section elementor-element elementor-element-20bbcd3b elementor-section-boxed elementor-section-height-default elementor-section-height-default\" data-id=\"20bbcd3b\" data-element_type=\"section\">\n\t\t\t\t\t\t<div class=\"elementor-container elementor-column-gap-default\">\n\t\t\t\t\t<div class=\"elementor-column elementor-col-100 elementor-top-column elementor-element elementor-element-33be02ef\" data-id=\"33be02ef\" data-element_type=\"column\">\n\t\t\t<div class=\"elementor-widget-wrap elementor-element-populated\">\n\t\t\t\t\t\t\t\t<div class=\"elementor-element elementor-element-6c4a91f9 elementor-widget elementor-widget-text-editor\" data-id=\"6c4a91f9\" data-element_type=\"widget\" data-widget_type=\"text-editor.default\">\n\t\t\t\t<div class=\"elementor-widget-container\">\n\t\t\t<style>\/*! elementor - v3.10.1 - 17-01-2023 *\/\n.elementor-widget-text-editor.elementor-drop-cap-view-stacked .elementor-drop-cap{background-color:#818a91;color:#fff}.elementor-widget-text-editor.elementor-drop-cap-view-framed .elementor-drop-cap{color:#818a91;border:3px solid;background-color:transparent}.elementor-widget-text-editor:not(.elementor-drop-cap-view-default) .elementor-drop-cap{margin-top:8px}.elementor-widget-text-editor:not(.elementor-drop-cap-view-default) .elementor-drop-cap-letter{width:1em;height:1em}.elementor-widget-text-editor .elementor-drop-cap{float:left;text-align:center;line-height:1;font-size:50px}.elementor-widget-text-editor .elementor-drop-cap-letter{display:inline-block}<\/style>\t\t\t\t<p><strong>Pachuca, Hgo., 15 de abril 2024.- <\/strong>La candidata de Morena al Senado,\u00a0Simey Olvera Bautista, inform\u00f3 que hasta la fecha no ha procedido legalmente contra ninguno de sus adversarios pol\u00edticos, aunque ha sido v\u00edctima de violencia pol\u00edtica de g\u00e9nero, especialmente despu\u00e9s de las declaraciones realizadas por la candidata tricolor, Carolina Viggiano.<\/p><p>Olvera Bautista llam\u00f3 al respeto a Viggiano Austria\u00a0y calific\u00f3 como sorprendentes los ataques en su contra por parte de la aspirante priista, asegurando que no comparte este tipo de conductas.<\/p><p>Reconoci\u00f3 que no es la primera vez que es objeto de este tipo de ataques. Anteriormente hab\u00eda iniciado un proceso legal que tom\u00f3 dos a\u00f1os en resolverse, a\u00f1adi\u00f3 la candidata morenista.<\/p><p>Simey Olvera no descart\u00f3 presentar quejas ante las instancias pertinentes. No obstante,\u00a0precis\u00f3 que no ha tenido tiempo y no conoce a detalle los se\u00f1alamientos en su contra, pero proceder\u00e1 o no legalmente dependiendo de esto.<\/p><p>En otro tema, la exsecretaria de Bienestar de Hidalgo confirm\u00f3 su asistencia al debate propuesto por la Confederaci\u00f3n Patronal de la Rep\u00fablica Mexicana (Coparmex) en conjunto con el Instituto Nacional Electoral (INE), al tiempo que rechaz\u00f3 la idea de estar evitando este contraste de ideas y propuestas. A su vez, neg\u00f3 tener miedo, como asegur\u00f3 su contrincante, Carolina Viggiano Austria.<\/p><p>\u201cYa le ganamos el debate en la C\u00e1mara porque yo compart\u00ed con ella, ya le ganamos el debate en tierra, porque ella no sale. Este tambi\u00e9n se lo ganaremos, lo que est\u00e1 diciendo es para generar este ruido\u201d.<\/p><p>Respecto a la raz\u00f3n por la cual no hab\u00eda confirmado su participaci\u00f3n, asegur\u00f3 que se encontraba fuera de Pachuca y no hab\u00eda recibido la invitaci\u00f3n. Sin embargo, su equipo de trabajo ya ha confirmado su asistencia y ahora s\u00f3lo est\u00e1n a la espera de que se defina la fecha del evento.<\/p>\t\t\t\t\t\t<\/div>\n\t\t\t\t<\/div>\n\t\t\t\t\t<\/div>\n\t\t<\/div>\n\t\t\t\t\t\t\t<\/div>\n\t\t<\/section>\n\t\t\t\t\t\t\t<\/div>\n\t\t","protected":false},"excerpt":{"rendered":"<p>Pachuca, Hgo., 15 de abril 2024.- La candidata de Morena al Senado,\u00a0Simey Olvera Bautista, inform\u00f3 que hasta la fecha no ha procedido legalmente contra ninguno de sus adversarios pol\u00edticos, aunque ha sido v\u00edctima de violencia pol\u00edtica de g\u00e9nero, especialmente despu\u00e9s de las declaraciones realizadas por la candidata tricolor, Carolina Viggiano. Olvera Bautista llam\u00f3 al respeto [&hellip;]<\/p>\n","protected":false},"author":1,"featured_media":48417,"comment_status":"closed","ping_status":"closed","sticky":false,"template":"","format":"standard","meta":[],"categories":[9],"tags":[],"_links":{"self":[{"href":"https:\/\/www.septinoticias.com.mx\/index.php?rest_route=\/wp\/v2\/posts\/48415"}],"collection":[{"href":"https:\/\/www.septinoticias.com.mx\/index.php?rest_route=\/wp\/v2\/posts"}],"about":[{"href":"https:\/\/www.septinoticias.com.mx\/index.php?rest_route=\/wp\/v2\/types\/post"}],"author":[{"embeddable":true,"href":"https:\/\/www.septinoticias.com.mx\/index.php?rest_route=\/wp\/v2\/users\/1"}],"replies":[{"embeddable":true,"href":"https:\/\/www.septinoticias.com.mx\/index.php?rest_route=%2Fwp%2Fv2%2Fcomments&post=48415"}],"version-history":[{"count":4,"href":"https:\/\/www.septinoticias.com.mx\/index.php?rest_route=\/wp\/v2\/posts\/48415\/revisions"}],"predecessor-version":[{"id":48420,"href":"https:\/\/www.septinoticias.com.mx\/index.php?rest_route=\/wp\/v2\/posts\/48415\/revisions\/48420"}],"wp:featuredmedia":[{"embeddable":true,"href":"https:\/\/www.septinoticias.com.mx\/index.php?rest_route=\/wp\/v2\/media\/48417"}],"wp:attachment":[{"href":"https:\/\/www.septinoticias.com.mx\/index.php?rest_route=%2Fwp%2Fv2%2Fmedia&parent=48415"}],"wp:term":[{"taxonomy":"category","embeddable":true,"href":"https:\/\/www.septinoticias.com.mx\/index.php?rest_route=%2Fwp%2Fv2%2Fcategories&post=48415"},{"taxonomy":"post_tag","embeddable":true,"href":"https:\/\/www.septinoticias.com.mx\/index.php?rest_route=%2Fwp%2Fv2%2Ftags&post=48415"}],"curies":[{"name":"wp","href":"https:\/\/api.w.org\/{rel}","templated":true}]}}