{"id":48402,"date":"2024-04-16T17:28:09","date_gmt":"2024-04-16T17:28:09","guid":{"rendered":"https:\/\/www.septinoticias.com.mx\/?p=48402"},"modified":"2024-04-16T17:29:23","modified_gmt":"2024-04-16T17:29:23","slug":"habra-una-afectacion-electoral-por-supuesto-es-evidente-para-todos-yo-no-comparto-el-llamado-voto-de-castigo","status":"publish","type":"post","link":"https:\/\/www.septinoticias.com.mx\/?p=48402","title":{"rendered":"Habr\u00e1 Una Afectaci\u00f3n Electoral; Por Supuesto, es Evidente Para Todos. yo no Comparto el Llamado Voto de Castigo"},"content":{"rendered":"\t\t<div data-elementor-type=\"wp-post\" data-elementor-id=\"48402\" class=\"elementor elementor-48402\">\n\t\t\t\t\t\t\t\t\t<section class=\"elementor-section elementor-top-section elementor-element elementor-element-20bbcd3b elementor-section-boxed elementor-section-height-default elementor-section-height-default\" data-id=\"20bbcd3b\" data-element_type=\"section\">\n\t\t\t\t\t\t<div class=\"elementor-container elementor-column-gap-default\">\n\t\t\t\t\t<div class=\"elementor-column elementor-col-100 elementor-top-column elementor-element elementor-element-33be02ef\" data-id=\"33be02ef\" data-element_type=\"column\">\n\t\t\t<div class=\"elementor-widget-wrap elementor-element-populated\">\n\t\t\t\t\t\t\t\t<div class=\"elementor-element elementor-element-6c4a91f9 elementor-widget elementor-widget-text-editor\" data-id=\"6c4a91f9\" data-element_type=\"widget\" data-widget_type=\"text-editor.default\">\n\t\t\t\t<div class=\"elementor-widget-container\">\n\t\t\t<style>\/*! elementor - v3.10.1 - 17-01-2023 *\/\n.elementor-widget-text-editor.elementor-drop-cap-view-stacked .elementor-drop-cap{background-color:#818a91;color:#fff}.elementor-widget-text-editor.elementor-drop-cap-view-framed .elementor-drop-cap{color:#818a91;border:3px solid;background-color:transparent}.elementor-widget-text-editor:not(.elementor-drop-cap-view-default) .elementor-drop-cap{margin-top:8px}.elementor-widget-text-editor:not(.elementor-drop-cap-view-default) .elementor-drop-cap-letter{width:1em;height:1em}.elementor-widget-text-editor .elementor-drop-cap{float:left;text-align:center;line-height:1;font-size:50px}.elementor-widget-text-editor .elementor-drop-cap-letter{display:inline-block}<\/style>\t\t\t\t<p><strong>*Yo lo que digo es: \u00bfest\u00e1s o ya no est\u00e1s?\u201d, se\u00f1al\u00f3 el l\u00edder de Morena Hidalgo,\u00a0Marco Antonio Rico Mercado.<\/strong><\/p><p><strong>Pachuca, Hgo., 15 de abril 2024.- <\/strong>\u201cSer\u00eda muy soberbio de mi parte, de nuestra parte, decir que no habr\u00e1 una afectaci\u00f3n electoral; por supuesto, es evidente para todos. Yo no comparto el llamado voto de castigo, yo lo que digo es: \u00bfest\u00e1s o ya no est\u00e1s?\u201d, se\u00f1al\u00f3 el l\u00edder de Morena Hidalgo,\u00a0Marco Antonio Rico Mercado.<\/p><p>En conferencia de prensa calific\u00f3 como soberbia pensar que el partido no sufrir\u00e1 afectaciones electorales al emitir el voto, especialmente despu\u00e9s de las inconformidades y molestias generadas por la designaci\u00f3n de candidaturas.<\/p><p>Despu\u00e9s de anunciar que el pr\u00f3ximo 18 de abril, la candidata a la Presidencia de la Rep\u00fablica por la alianza Sigamos Haciendo Historia,\u00a0Claudia Sheinbaum Pardo, visitar\u00e1 tres municipios de Hidalgo, se le cuestion\u00f3 sobre el conflicto interno surgido a ra\u00edz del descontento de los militantes tras el nombramiento de aspirantes a cargos de elecci\u00f3n popular.<\/p><p>Record\u00f3 que, aunque pueda existir molestia, como afiliados tienen la obligaci\u00f3n de respaldar los procesos electorales y a los abanderados.\u00a0\u201cSeguimos trabajando e, insisto, las puertas est\u00e1n abiertas al di\u00e1logo\u201d, dijo a quienes a\u00fan tienen alguna inquietud.<\/p><p>Sin embargo, mencion\u00f3 que en este momento\u00a0el partido se concentra en arrancar las campa\u00f1as de ayuntamientos el 20 de abril.<\/p><p>Al ser interrogado sobre si no anticiparon el voto de castigo, se\u00f1al\u00f3 que no se trata de c\u00e1lculos, sino de la definici\u00f3n de candidaturas. Es posible, abund\u00f3, que el impacto electoral sea menor en algunos municipios y mayor en otros, pero esto se determinar\u00e1 el 2 de junio.<\/p><p>En cuanto a las expectativas de triunfo de Morena, mencion\u00f3 que\u00a0conf\u00edan en ganar la Presidencia de la Rep\u00fablica, las senadur\u00edas, las diputaciones federales y locales. Mientras tanto, trabajar\u00e1n por las alcald\u00edas.<\/p>\t\t\t\t\t\t<\/div>\n\t\t\t\t<\/div>\n\t\t\t\t\t<\/div>\n\t\t<\/div>\n\t\t\t\t\t\t\t<\/div>\n\t\t<\/section>\n\t\t\t\t\t\t\t<\/div>\n\t\t","protected":false},"excerpt":{"rendered":"<p>*Yo lo que digo es: \u00bfest\u00e1s o ya no est\u00e1s?\u201d, se\u00f1al\u00f3 el l\u00edder de Morena Hidalgo,\u00a0Marco Antonio Rico Mercado. Pachuca, Hgo., 15 de abril 2024.- \u201cSer\u00eda muy soberbio de mi parte, de nuestra parte, decir que no habr\u00e1 una afectaci\u00f3n electoral; por supuesto, es evidente para todos. Yo no comparto el llamado voto de castigo, [&hellip;]<\/p>\n","protected":false},"author":1,"featured_media":48404,"comment_status":"closed","ping_status":"closed","sticky":false,"template":"","format":"standard","meta":[],"categories":[8],"tags":[],"_links":{"self":[{"href":"https:\/\/www.septinoticias.com.mx\/index.php?rest_route=\/wp\/v2\/posts\/48402"}],"collection":[{"href":"https:\/\/www.septinoticias.com.mx\/index.php?rest_route=\/wp\/v2\/posts"}],"about":[{"href":"https:\/\/www.septinoticias.com.mx\/index.php?rest_route=\/wp\/v2\/types\/post"}],"author":[{"embeddable":true,"href":"https:\/\/www.septinoticias.com.mx\/index.php?rest_route=\/wp\/v2\/users\/1"}],"replies":[{"embeddable":true,"href":"https:\/\/www.septinoticias.com.mx\/index.php?rest_route=%2Fwp%2Fv2%2Fcomments&post=48402"}],"version-history":[{"count":4,"href":"https:\/\/www.septinoticias.com.mx\/index.php?rest_route=\/wp\/v2\/posts\/48402\/revisions"}],"predecessor-version":[{"id":48407,"href":"https:\/\/www.septinoticias.com.mx\/index.php?rest_route=\/wp\/v2\/posts\/48402\/revisions\/48407"}],"wp:featuredmedia":[{"embeddable":true,"href":"https:\/\/www.septinoticias.com.mx\/index.php?rest_route=\/wp\/v2\/media\/48404"}],"wp:attachment":[{"href":"https:\/\/www.septinoticias.com.mx\/index.php?rest_route=%2Fwp%2Fv2%2Fmedia&parent=48402"}],"wp:term":[{"taxonomy":"category","embeddable":true,"href":"https:\/\/www.septinoticias.com.mx\/index.php?rest_route=%2Fwp%2Fv2%2Fcategories&post=48402"},{"taxonomy":"post_tag","embeddable":true,"href":"https:\/\/www.septinoticias.com.mx\/index.php?rest_route=%2Fwp%2Fv2%2Ftags&post=48402"}],"curies":[{"name":"wp","href":"https:\/\/api.w.org\/{rel}","templated":true}]}}