{"id":47364,"date":"2024-04-09T18:17:09","date_gmt":"2024-04-09T18:17:09","guid":{"rendered":"https:\/\/www.septinoticias.com.mx\/?p=47364"},"modified":"2024-04-09T18:19:08","modified_gmt":"2024-04-09T18:19:08","slug":"claudia-sheinbaum-pardo-anuncio-que-en-su-sexenio-se-construiran-un-millon-de-viviendas","status":"publish","type":"post","link":"https:\/\/www.septinoticias.com.mx\/?p=47364","title":{"rendered":"Claudia Sheinbaum Pardo, Anunci\u00f3, Que en su Sexenio se Construir\u00e1n Un Mill\u00f3n de Viviendas"},"content":{"rendered":"\t\t<div data-elementor-type=\"wp-post\" data-elementor-id=\"47364\" class=\"elementor elementor-47364\">\n\t\t\t\t\t\t\t\t\t<section class=\"elementor-section elementor-top-section elementor-element elementor-element-20bbcd3b elementor-section-boxed elementor-section-height-default elementor-section-height-default\" data-id=\"20bbcd3b\" data-element_type=\"section\">\n\t\t\t\t\t\t<div class=\"elementor-container elementor-column-gap-default\">\n\t\t\t\t\t<div class=\"elementor-column elementor-col-100 elementor-top-column elementor-element elementor-element-33be02ef\" data-id=\"33be02ef\" data-element_type=\"column\">\n\t\t\t<div class=\"elementor-widget-wrap elementor-element-populated\">\n\t\t\t\t\t\t\t\t<div class=\"elementor-element elementor-element-6c4a91f9 elementor-widget elementor-widget-text-editor\" data-id=\"6c4a91f9\" data-element_type=\"widget\" data-widget_type=\"text-editor.default\">\n\t\t\t\t<div class=\"elementor-widget-container\">\n\t\t\t<style>\/*! elementor - v3.10.1 - 17-01-2023 *\/\n.elementor-widget-text-editor.elementor-drop-cap-view-stacked .elementor-drop-cap{background-color:#818a91;color:#fff}.elementor-widget-text-editor.elementor-drop-cap-view-framed .elementor-drop-cap{color:#818a91;border:3px solid;background-color:transparent}.elementor-widget-text-editor:not(.elementor-drop-cap-view-default) .elementor-drop-cap{margin-top:8px}.elementor-widget-text-editor:not(.elementor-drop-cap-view-default) .elementor-drop-cap-letter{width:1em;height:1em}.elementor-widget-text-editor .elementor-drop-cap{float:left;text-align:center;line-height:1;font-size:50px}.elementor-widget-text-editor .elementor-drop-cap-letter{display:inline-block}<\/style>\t\t\t\t<p><strong>*<\/strong> <strong>En el pasado se hicieron muchos negocios con el Infonavit, particularmente con Fox y Calder\u00f3n<\/strong><\/p><p><strong>*Vamos a darle al Infonavit, al Fovissste la capacidad de que construyan directamente unidades habitacionales<\/strong><\/p><p><strong>*<\/strong> <strong>Vamos a apoyar para descontaminar el R\u00edo Lerma, que es algo hist\u00f3rico, porque no solo afecta al municipio de Lerma, el R\u00edo Lerma llega tambi\u00e9n hasta Jalisco<\/strong><\/p><p><strong>Lerma de Villada, Estado de M\u00e9xico, 8 de abril de 2024.-<\/strong>\u00a0La candidata a la Presidencia de la Rep\u00fablica por la coalici\u00f3n \u201cSigamos Haciendo Historia\u201d, Claudia Sheinbaum Pardo, anunci\u00f3, que en su sexenio se construir\u00e1n un mill\u00f3n de viviendas accesibles para el bienestar de las mexicanas y los mexicanos, esto como parte de su objetivo de eliminar las carencias generadas por los gobiernos del pasado.<\/p><p>\u201cEn el pasado se hicieron muchos negocios con el Infonavit, particularmente con Fox y Calder\u00f3n, que hicieron casas fuera de los centros urbanos y que ahora inclusive est\u00e1n abandonadas porque quedaron lej\u00edsimos, no hay ni siquiera transporte. Entonces vamos a darle al Infonavit, al Fovissste la capacidad de que construyan directamente unidades habitacionales para que haya viviendas, acceso a la vivienda, que se pueda rentar de manera barata y despu\u00e9s que esa renta se contabilice, si es que la familia quiere adquirir la vivienda a un precio accesible. Vamos a hacer, yo dec\u00eda 500 mil, pero me estoy comprometiendo a hacer un mill\u00f3n de viviendas en el pr\u00f3ximo sexenio\u201d,\u00a0resalt\u00f3.<\/p><p>Para ello, dijo, es necesario el Plan C, ya que se buscar\u00e1 modificar la manera en que funciona el Instituto del Fondo Nacional de la Vivienda para los Trabajadores (Infonavit) y con ello otorgarle facultades para construir vivienda.<\/p><p>En este sentido, Sheinbaum Pardo se comprometi\u00f3 con los habitantes del municipio de Lerma, a llevar bienestar al Estado de M\u00e9xico, as\u00ed como brindar justicia al pueblo mexiquense luego de a\u00f1os de desigualdades generadas por el neoliberalismo.<\/p><p>\u201cVamos a traer bienestar a este gran estado, el de mayor poblaci\u00f3n y que tiene muchas carencias por una historia de muchos gobiernos con much\u00edsima corrupci\u00f3n, as\u00ed que el Estado de M\u00e9xico le ha dado mucho al pa\u00eds y le vamos a regresar al Estado de M\u00e9xico lo que le ha dado a todo M\u00e9xico\u201d,\u00a0afirm\u00f3<\/p><p>Una de las problem\u00e1ticas que reconoci\u00f3 en la regi\u00f3n fue la contaminaci\u00f3n del R\u00edo Lerma, que no solo afecta al Estado de M\u00e9xico sino a todo el pa\u00eds, por lo que ofreci\u00f3 iniciar su saneamiento, para garantizar que se convierta en una fuente de abastecimiento de este importante recurso.<\/p><p>\u201cVamos a apoyar para descontaminar el R\u00edo Lerma, que es algo hist\u00f3rico, porque no solo afecta al municipio de Lerma, el R\u00edo Lerma llega tambi\u00e9n hasta Jalisco y la verdad es que lleva muchos a\u00f1os con mucha contaminaci\u00f3n, que produce incluso enfermedades\u201d, se\u00f1al\u00f3.<\/p><p>Explic\u00f3 que para lograr la limpieza permanente de este r\u00edo es necesario identificar las fuentes de contaminaci\u00f3n y por ello pidi\u00f3 el apoyo de los habitantes para denunciar a quienes sean parte del problema contaminante.<\/p><p>\u201cHay que identificar las fuentes de lo que est\u00e1 contaminando, poner plantas de tratamiento, obligar a las empresas a que cumplan con la norma, pero ustedes nos van a ayudar a que nos digan d\u00f3nde hay contaminaci\u00f3n, qui\u00e9n est\u00e1 contaminando para que junto con la poblaci\u00f3n hagamos una limpieza permanente del R\u00edo Lerma y beneficie a todo este municipio y a todo el Estado de M\u00e9xico y a todo el pa\u00eds\u201d,\u00a0invit\u00f3.<\/p><p>Adem\u00e1s, para el Estado de M\u00e9xico, propuso mejorar el sistema de transporte p\u00fablico y la seguridad, a trav\u00e9s de acciones coordinadas con el gobierno de la entidad, que ya forma parte del movimiento de la Cuarta Transformaci\u00f3n.<\/p><p>Ante el pueblo de Lerma, tambi\u00e9n celebr\u00f3 su triunfo en el primer debate presidencial. \u201cSalimos triunfantes del debate, defendimos con el coraz\u00f3n, con el alma la Cuarta Transformaci\u00f3n\u201d, expres\u00f3.<\/p><p>En ese mismo sentido se pronunci\u00f3 el dirigente nacional de Morena, Mario Delgado, quien felicit\u00f3 a la candidata de su partido por mostrarse como la mejor preparada y con el mejor Proyecto de Naci\u00f3n para las y los mexicanos.<\/p><p>Al evento tambi\u00e9n acudieron los candidatos al Senado de la Rep\u00fablica, Mariela Guti\u00e9rrez Escalante e Higinio Mart\u00ednez Miranda; las y los candidatos a diputados federales Luis Alberto Carballo Guti\u00e9rrez, Claudia S\u00e1nchez, Oscar Gonz\u00e1lez Y\u00e1\u00f1ez, M\u00f3nica Angelica \u00c1lvarez Nemer, Luis Enrique Miranda Barrera y Arturo Roberto Hern\u00e1ndez Tapia; as\u00ed como Sergio Jes\u00fas Muro Figueroa, Enlace de la Dra. Claudia Sheinbaum Pardo en el Estado de M\u00e9xico; Martha Guerrero S\u00e1nchez, presidenta del Comit\u00e9 Ejecutivo Estatal de Morena; y Jos\u00e9 Alberto Couttolenc Buentello, presidente del Comit\u00e9 Ejecutivo Estatal del PVEM<\/p>\t\t\t\t\t\t<\/div>\n\t\t\t\t<\/div>\n\t\t\t\t\t<\/div>\n\t\t<\/div>\n\t\t\t\t\t\t\t<\/div>\n\t\t<\/section>\n\t\t\t\t\t\t\t<\/div>\n\t\t","protected":false},"excerpt":{"rendered":"<p>* En el pasado se hicieron muchos negocios con el Infonavit, particularmente con Fox y Calder\u00f3n *Vamos a darle al Infonavit, al Fovissste la capacidad de que construyan directamente unidades habitacionales * Vamos a apoyar para descontaminar el R\u00edo Lerma, que es algo hist\u00f3rico, porque no solo afecta al municipio de Lerma, el R\u00edo Lerma [&hellip;]<\/p>\n","protected":false},"author":1,"featured_media":47366,"comment_status":"closed","ping_status":"closed","sticky":false,"template":"","format":"standard","meta":[],"categories":[8],"tags":[],"_links":{"self":[{"href":"https:\/\/www.septinoticias.com.mx\/index.php?rest_route=\/wp\/v2\/posts\/47364"}],"collection":[{"href":"https:\/\/www.septinoticias.com.mx\/index.php?rest_route=\/wp\/v2\/posts"}],"about":[{"href":"https:\/\/www.septinoticias.com.mx\/index.php?rest_route=\/wp\/v2\/types\/post"}],"author":[{"embeddable":true,"href":"https:\/\/www.septinoticias.com.mx\/index.php?rest_route=\/wp\/v2\/users\/1"}],"replies":[{"embeddable":true,"href":"https:\/\/www.septinoticias.com.mx\/index.php?rest_route=%2Fwp%2Fv2%2Fcomments&post=47364"}],"version-history":[{"count":4,"href":"https:\/\/www.septinoticias.com.mx\/index.php?rest_route=\/wp\/v2\/posts\/47364\/revisions"}],"predecessor-version":[{"id":47369,"href":"https:\/\/www.septinoticias.com.mx\/index.php?rest_route=\/wp\/v2\/posts\/47364\/revisions\/47369"}],"wp:featuredmedia":[{"embeddable":true,"href":"https:\/\/www.septinoticias.com.mx\/index.php?rest_route=\/wp\/v2\/media\/47366"}],"wp:attachment":[{"href":"https:\/\/www.septinoticias.com.mx\/index.php?rest_route=%2Fwp%2Fv2%2Fmedia&parent=47364"}],"wp:term":[{"taxonomy":"category","embeddable":true,"href":"https:\/\/www.septinoticias.com.mx\/index.php?rest_route=%2Fwp%2Fv2%2Fcategories&post=47364"},{"taxonomy":"post_tag","embeddable":true,"href":"https:\/\/www.septinoticias.com.mx\/index.php?rest_route=%2Fwp%2Fv2%2Ftags&post=47364"}],"curies":[{"name":"wp","href":"https:\/\/api.w.org\/{rel}","templated":true}]}}