{"id":47328,"date":"2024-04-09T17:38:15","date_gmt":"2024-04-09T17:38:15","guid":{"rendered":"https:\/\/www.septinoticias.com.mx\/?p=47328"},"modified":"2024-04-09T17:40:01","modified_gmt":"2024-04-09T17:40:01","slug":"la-lxv-legislatura-aprobo-el-14-de-septiembre-de-cada-ano-como-dia-de-la-charreria-en-el-estado-de-hidalgo","status":"publish","type":"post","link":"https:\/\/www.septinoticias.com.mx\/?p=47328","title":{"rendered":"La LXV Legislatura aprob\u00f3 el 14 de septiembre de cada a\u00f1o, como \u201cD\u00eda de la Charrer\u00eda en el Estado de Hidalgo\u201d"},"content":{"rendered":"\t\t<div data-elementor-type=\"wp-post\" data-elementor-id=\"47328\" class=\"elementor elementor-47328\">\n\t\t\t\t\t\t\t\t\t<section class=\"elementor-section elementor-top-section elementor-element elementor-element-20bbcd3b elementor-section-boxed elementor-section-height-default elementor-section-height-default\" data-id=\"20bbcd3b\" data-element_type=\"section\">\n\t\t\t\t\t\t<div class=\"elementor-container elementor-column-gap-default\">\n\t\t\t\t\t<div class=\"elementor-column elementor-col-100 elementor-top-column elementor-element elementor-element-33be02ef\" data-id=\"33be02ef\" data-element_type=\"column\">\n\t\t\t<div class=\"elementor-widget-wrap elementor-element-populated\">\n\t\t\t\t\t\t\t\t<div class=\"elementor-element elementor-element-6c4a91f9 elementor-widget elementor-widget-text-editor\" data-id=\"6c4a91f9\" data-element_type=\"widget\" data-widget_type=\"text-editor.default\">\n\t\t\t\t<div class=\"elementor-widget-container\">\n\t\t\t<style>\/*! elementor - v3.10.1 - 17-01-2023 *\/\n.elementor-widget-text-editor.elementor-drop-cap-view-stacked .elementor-drop-cap{background-color:#818a91;color:#fff}.elementor-widget-text-editor.elementor-drop-cap-view-framed .elementor-drop-cap{color:#818a91;border:3px solid;background-color:transparent}.elementor-widget-text-editor:not(.elementor-drop-cap-view-default) .elementor-drop-cap{margin-top:8px}.elementor-widget-text-editor:not(.elementor-drop-cap-view-default) .elementor-drop-cap-letter{width:1em;height:1em}.elementor-widget-text-editor .elementor-drop-cap{float:left;text-align:center;line-height:1;font-size:50px}.elementor-widget-text-editor .elementor-drop-cap-letter{display:inline-block}<\/style>\t\t\t\t<p><strong>Pachuca, Hgo., 8 de abril 2024.- <\/strong>La LXV Legislatura del Congreso del Estado, aprob\u00f3 a favor el dictamen que establece el 14 de septiembre de cada a\u00f1o, como \u201cD\u00eda de la Charrer\u00eda en el Estado de Hidalgo\u201d.<\/p><p>Esto fue con la finalidad de reconocer y resaltar esta actividad.<\/p><p>Considerando que, desde su instauraci\u00f3n en 1934, por el entonces presidente de M\u00e9xico Abelardo L. Rodr\u00edguez, el D\u00eda Nacional del Charro se ha convertido en una festividad emblem\u00e1tica que resalta la historia y la identidad cultural de la naci\u00f3n mexicana.<\/p><p>La charrer\u00eda reconocida como un deporte nacional durante el mandato del expresidente de M\u00e9xico Manuel \u00c1vila Camacho (1940-1946), ha alcanzado un estatus a\u00fan m\u00e1s destacado es entonces.<\/p><p>\u201cLa charrer\u00eda tuvo su origen en las haciendas de los estados de Hidalgo, Puebla y Estado de M\u00e9xico, considerados cunas de esta tradici\u00f3n.<\/p><p>Por ello, y muchos m\u00e1s argentos, el Congreso decret\u00f3 que el 14 de septiembre de cada a\u00f1o como \u201cD\u00eda de la Charrer\u00eda en el Estado de Hidalgo\u201d.<\/p><p>El decreto entrar\u00e1 en vigor al d\u00eda siguiente de su publicaci\u00f3n en el Peri\u00f3dico Oficial del Estado de Hidalgo.<\/p>\t\t\t\t\t\t<\/div>\n\t\t\t\t<\/div>\n\t\t\t\t\t<\/div>\n\t\t<\/div>\n\t\t\t\t\t\t\t<\/div>\n\t\t<\/section>\n\t\t\t\t\t\t\t<\/div>\n\t\t","protected":false},"excerpt":{"rendered":"<p>Pachuca, Hgo., 8 de abril 2024.- La LXV Legislatura del Congreso del Estado, aprob\u00f3 a favor el dictamen que establece el 14 de septiembre de cada a\u00f1o, como \u201cD\u00eda de la Charrer\u00eda en el Estado de Hidalgo\u201d. Esto fue con la finalidad de reconocer y resaltar esta actividad. Considerando que, desde su instauraci\u00f3n en 1934, [&hellip;]<\/p>\n","protected":false},"author":1,"featured_media":47330,"comment_status":"closed","ping_status":"closed","sticky":false,"template":"","format":"standard","meta":[],"categories":[9],"tags":[],"_links":{"self":[{"href":"https:\/\/www.septinoticias.com.mx\/index.php?rest_route=\/wp\/v2\/posts\/47328"}],"collection":[{"href":"https:\/\/www.septinoticias.com.mx\/index.php?rest_route=\/wp\/v2\/posts"}],"about":[{"href":"https:\/\/www.septinoticias.com.mx\/index.php?rest_route=\/wp\/v2\/types\/post"}],"author":[{"embeddable":true,"href":"https:\/\/www.septinoticias.com.mx\/index.php?rest_route=\/wp\/v2\/users\/1"}],"replies":[{"embeddable":true,"href":"https:\/\/www.septinoticias.com.mx\/index.php?rest_route=%2Fwp%2Fv2%2Fcomments&post=47328"}],"version-history":[{"count":4,"href":"https:\/\/www.septinoticias.com.mx\/index.php?rest_route=\/wp\/v2\/posts\/47328\/revisions"}],"predecessor-version":[{"id":47333,"href":"https:\/\/www.septinoticias.com.mx\/index.php?rest_route=\/wp\/v2\/posts\/47328\/revisions\/47333"}],"wp:featuredmedia":[{"embeddable":true,"href":"https:\/\/www.septinoticias.com.mx\/index.php?rest_route=\/wp\/v2\/media\/47330"}],"wp:attachment":[{"href":"https:\/\/www.septinoticias.com.mx\/index.php?rest_route=%2Fwp%2Fv2%2Fmedia&parent=47328"}],"wp:term":[{"taxonomy":"category","embeddable":true,"href":"https:\/\/www.septinoticias.com.mx\/index.php?rest_route=%2Fwp%2Fv2%2Fcategories&post=47328"},{"taxonomy":"post_tag","embeddable":true,"href":"https:\/\/www.septinoticias.com.mx\/index.php?rest_route=%2Fwp%2Fv2%2Ftags&post=47328"}],"curies":[{"name":"wp","href":"https:\/\/api.w.org\/{rel}","templated":true}]}}