{"id":46497,"date":"2024-04-03T14:20:32","date_gmt":"2024-04-03T14:20:32","guid":{"rendered":"https:\/\/www.septinoticias.com.mx\/?p=46497"},"modified":"2024-04-03T14:21:37","modified_gmt":"2024-04-03T14:21:37","slug":"el-campo-es-cultura-de-transformacion-diana-rangel","status":"publish","type":"post","link":"https:\/\/www.septinoticias.com.mx\/?p=46497","title":{"rendered":"El Campo es Cultura de Transformaci\u00f3n: Diana Rangel"},"content":{"rendered":"\t\t<div data-elementor-type=\"wp-post\" data-elementor-id=\"46497\" class=\"elementor elementor-46497\">\n\t\t\t\t\t\t\t\t\t<section class=\"elementor-section elementor-top-section elementor-element elementor-element-20bbcd3b elementor-section-boxed elementor-section-height-default elementor-section-height-default\" data-id=\"20bbcd3b\" data-element_type=\"section\">\n\t\t\t\t\t\t<div class=\"elementor-container elementor-column-gap-default\">\n\t\t\t\t\t<div class=\"elementor-column elementor-col-100 elementor-top-column elementor-element elementor-element-33be02ef\" data-id=\"33be02ef\" data-element_type=\"column\">\n\t\t\t<div class=\"elementor-widget-wrap elementor-element-populated\">\n\t\t\t\t\t\t\t\t<div class=\"elementor-element elementor-element-6c4a91f9 elementor-widget elementor-widget-text-editor\" data-id=\"6c4a91f9\" data-element_type=\"widget\" data-widget_type=\"text-editor.default\">\n\t\t\t\t<div class=\"elementor-widget-container\">\n\t\t\t<style>\/*! elementor - v3.10.1 - 17-01-2023 *\/\n.elementor-widget-text-editor.elementor-drop-cap-view-stacked .elementor-drop-cap{background-color:#818a91;color:#fff}.elementor-widget-text-editor.elementor-drop-cap-view-framed .elementor-drop-cap{color:#818a91;border:3px solid;background-color:transparent}.elementor-widget-text-editor:not(.elementor-drop-cap-view-default) .elementor-drop-cap{margin-top:8px}.elementor-widget-text-editor:not(.elementor-drop-cap-view-default) .elementor-drop-cap-letter{width:1em;height:1em}.elementor-widget-text-editor .elementor-drop-cap{float:left;text-align:center;line-height:1;font-size:50px}.elementor-widget-text-editor .elementor-drop-cap-letter{display:inline-block}<\/style>\t\t\t\t<p><strong>-La candidata de Morena a diputada local por el distrito VII invit\u00f3 a la activaci\u00f3n ciudadana de las y los mixquiahualenses <\/strong><\/p><p><strong>Mixquiahuala de Ju\u00e1rez, Hgo., 2 de abril de 2024.-<\/strong>Durante su tercer d\u00eda de campa\u00f1a, Diana Rangel Z\u00fa\u00f1iga, candidata de Morena a diputada local por el distrito VII con cabecera en Mixquiahuala, asegur\u00f3 que el campo es \u201ccultura de transformaci\u00f3n\u201d.<\/p><p>En ese sentido, la morenista, conocida entre la poblaci\u00f3n de la regi\u00f3n como \u201cel coraz\u00f3n de la transformaci\u00f3n\u201d, coment\u00f3 que Mixquiahuala es un territorio de tradiciones y gran trabajo, as\u00ed lo demuestra su historia prehisp\u00e1nica y contempor\u00e1nea en la actividad agr\u00edcola, ya que es uno de los primeros ejidos en el pa\u00eds, fundado el 2 de enero de 1915.<\/p><p>\u201cEs resultado de la justicia social del movimiento armado de la Revoluci\u00f3n Mexicana, que hasta hoy en d\u00eda es el m\u00e1s extenso de M\u00e9xico, con gran producci\u00f3n agr\u00edcola y ganadera, en definitiva, el campo es cultura de transformaci\u00f3n\u201d, dijo.<\/p><p>Ante comerciantes del tradicional tianguis de Mixquiahuala, la candidata invit\u00f3 a la activaci\u00f3n de las y los mixquiahualenses para conseguir \u201cun periodo democr\u00e1tico claro, transparente, social y entusiasta en la regi\u00f3n que compone el distrito VII\u201d.<\/p>\t\t\t\t\t\t<\/div>\n\t\t\t\t<\/div>\n\t\t\t\t\t<\/div>\n\t\t<\/div>\n\t\t\t\t\t\t\t<\/div>\n\t\t<\/section>\n\t\t\t\t\t\t\t<\/div>\n\t\t","protected":false},"excerpt":{"rendered":"<p>-La candidata de Morena a diputada local por el distrito VII invit\u00f3 a la activaci\u00f3n ciudadana de las y los mixquiahualenses Mixquiahuala de Ju\u00e1rez, Hgo., 2 de abril de 2024.-Durante su tercer d\u00eda de campa\u00f1a, Diana Rangel Z\u00fa\u00f1iga, candidata de Morena a diputada local por el distrito VII con cabecera en Mixquiahuala, asegur\u00f3 que el [&hellip;]<\/p>\n","protected":false},"author":1,"featured_media":46499,"comment_status":"closed","ping_status":"closed","sticky":false,"template":"","format":"standard","meta":[],"categories":[8],"tags":[],"_links":{"self":[{"href":"https:\/\/www.septinoticias.com.mx\/index.php?rest_route=\/wp\/v2\/posts\/46497"}],"collection":[{"href":"https:\/\/www.septinoticias.com.mx\/index.php?rest_route=\/wp\/v2\/posts"}],"about":[{"href":"https:\/\/www.septinoticias.com.mx\/index.php?rest_route=\/wp\/v2\/types\/post"}],"author":[{"embeddable":true,"href":"https:\/\/www.septinoticias.com.mx\/index.php?rest_route=\/wp\/v2\/users\/1"}],"replies":[{"embeddable":true,"href":"https:\/\/www.septinoticias.com.mx\/index.php?rest_route=%2Fwp%2Fv2%2Fcomments&post=46497"}],"version-history":[{"count":4,"href":"https:\/\/www.septinoticias.com.mx\/index.php?rest_route=\/wp\/v2\/posts\/46497\/revisions"}],"predecessor-version":[{"id":46502,"href":"https:\/\/www.septinoticias.com.mx\/index.php?rest_route=\/wp\/v2\/posts\/46497\/revisions\/46502"}],"wp:featuredmedia":[{"embeddable":true,"href":"https:\/\/www.septinoticias.com.mx\/index.php?rest_route=\/wp\/v2\/media\/46499"}],"wp:attachment":[{"href":"https:\/\/www.septinoticias.com.mx\/index.php?rest_route=%2Fwp%2Fv2%2Fmedia&parent=46497"}],"wp:term":[{"taxonomy":"category","embeddable":true,"href":"https:\/\/www.septinoticias.com.mx\/index.php?rest_route=%2Fwp%2Fv2%2Fcategories&post=46497"},{"taxonomy":"post_tag","embeddable":true,"href":"https:\/\/www.septinoticias.com.mx\/index.php?rest_route=%2Fwp%2Fv2%2Ftags&post=46497"}],"curies":[{"name":"wp","href":"https:\/\/api.w.org\/{rel}","templated":true}]}}