{"id":46487,"date":"2024-04-03T14:18:53","date_gmt":"2024-04-03T14:18:53","guid":{"rendered":"https:\/\/www.septinoticias.com.mx\/?p=46487"},"modified":"2024-04-03T14:20:09","modified_gmt":"2024-04-03T14:20:09","slug":"diputado-osiris-leines-inicia-campana-para-reeleccion","status":"publish","type":"post","link":"https:\/\/www.septinoticias.com.mx\/?p=46487","title":{"rendered":"Diputado Osiris Leines Inicia Campa\u00f1a Para Reelecci\u00f3n"},"content":{"rendered":"\t\t<div data-elementor-type=\"wp-post\" data-elementor-id=\"46487\" class=\"elementor elementor-46487\">\n\t\t\t\t\t\t\t\t\t<section class=\"elementor-section elementor-top-section elementor-element elementor-element-20bbcd3b elementor-section-boxed elementor-section-height-default elementor-section-height-default\" data-id=\"20bbcd3b\" data-element_type=\"section\">\n\t\t\t\t\t\t<div class=\"elementor-container elementor-column-gap-default\">\n\t\t\t\t\t<div class=\"elementor-column elementor-col-100 elementor-top-column elementor-element elementor-element-33be02ef\" data-id=\"33be02ef\" data-element_type=\"column\">\n\t\t\t<div class=\"elementor-widget-wrap elementor-element-populated\">\n\t\t\t\t\t\t\t\t<div class=\"elementor-element elementor-element-6c4a91f9 elementor-widget elementor-widget-text-editor\" data-id=\"6c4a91f9\" data-element_type=\"widget\" data-widget_type=\"text-editor.default\">\n\t\t\t\t<div class=\"elementor-widget-container\">\n\t\t\t<style>\/*! elementor - v3.10.1 - 17-01-2023 *\/\n.elementor-widget-text-editor.elementor-drop-cap-view-stacked .elementor-drop-cap{background-color:#818a91;color:#fff}.elementor-widget-text-editor.elementor-drop-cap-view-framed .elementor-drop-cap{color:#818a91;border:3px solid;background-color:transparent}.elementor-widget-text-editor:not(.elementor-drop-cap-view-default) .elementor-drop-cap{margin-top:8px}.elementor-widget-text-editor:not(.elementor-drop-cap-view-default) .elementor-drop-cap-letter{width:1em;height:1em}.elementor-widget-text-editor .elementor-drop-cap{float:left;text-align:center;line-height:1;font-size:50px}.elementor-widget-text-editor .elementor-drop-cap-letter{display:inline-block}<\/style>\t\t\t\t<p><strong>*Busca consolidar la Cuarta Transformaci\u00f3n en Mineral de la Reforma e Hidalgo.<\/strong><\/p><p><strong>Mineral de la Reforma, 1 de abril 2024.-<\/strong>El diputado local Osiris Leines ha formalizado el lanzamiento de su campa\u00f1a para la reelecci\u00f3n en Mineral de la Reforma, ratificando su compromiso con el fortalecimiento de la llamada cuarta transformaci\u00f3n, alineado con el Proyecto de Naci\u00f3n liderado por la Doctora Claudia Sheinbaum.<\/p><p>En un mensaje difundido a trav\u00e9s de sus redes sociales, Leines subray\u00f3 la importancia de la unidad y la determinaci\u00f3n en la construcci\u00f3n de la transformaci\u00f3n con resultados en la regi\u00f3n. Expresando su gratitud por el respaldo recibido por la ciudadan\u00eda del distrito 17, reafirm\u00f3 su convicci\u00f3n de que, con el apoyo un\u00e1nime, se garantizar\u00e1 la continuidad de la cuarta transformaci\u00f3n en Mineral de la Reforma.<\/p><p>Es de notar que, pese a figurar como uno de los favoritos para la candidatura a la presidencia municipal, Leines ha decidido postularse nuevamente como diputado local, comprometi\u00e9ndose a permanecer al frente del congreso local como presidente de la junta de gobierno, demostrando su congruencia entre sus aspiraciones pol\u00edticas y sus responsabilidades actuales.<\/p>\t\t\t\t\t\t<\/div>\n\t\t\t\t<\/div>\n\t\t\t\t\t<\/div>\n\t\t<\/div>\n\t\t\t\t\t\t\t<\/div>\n\t\t<\/section>\n\t\t\t\t\t\t\t<\/div>\n\t\t","protected":false},"excerpt":{"rendered":"<p>*Busca consolidar la Cuarta Transformaci\u00f3n en Mineral de la Reforma e Hidalgo. Mineral de la Reforma, 1 de abril 2024.-El diputado local Osiris Leines ha formalizado el lanzamiento de su campa\u00f1a para la reelecci\u00f3n en Mineral de la Reforma, ratificando su compromiso con el fortalecimiento de la llamada cuarta transformaci\u00f3n, alineado con el Proyecto de [&hellip;]<\/p>\n","protected":false},"author":1,"featured_media":46490,"comment_status":"closed","ping_status":"closed","sticky":false,"template":"","format":"standard","meta":[],"categories":[8],"tags":[],"_links":{"self":[{"href":"https:\/\/www.septinoticias.com.mx\/index.php?rest_route=\/wp\/v2\/posts\/46487"}],"collection":[{"href":"https:\/\/www.septinoticias.com.mx\/index.php?rest_route=\/wp\/v2\/posts"}],"about":[{"href":"https:\/\/www.septinoticias.com.mx\/index.php?rest_route=\/wp\/v2\/types\/post"}],"author":[{"embeddable":true,"href":"https:\/\/www.septinoticias.com.mx\/index.php?rest_route=\/wp\/v2\/users\/1"}],"replies":[{"embeddable":true,"href":"https:\/\/www.septinoticias.com.mx\/index.php?rest_route=%2Fwp%2Fv2%2Fcomments&post=46487"}],"version-history":[{"count":4,"href":"https:\/\/www.septinoticias.com.mx\/index.php?rest_route=\/wp\/v2\/posts\/46487\/revisions"}],"predecessor-version":[{"id":46493,"href":"https:\/\/www.septinoticias.com.mx\/index.php?rest_route=\/wp\/v2\/posts\/46487\/revisions\/46493"}],"wp:featuredmedia":[{"embeddable":true,"href":"https:\/\/www.septinoticias.com.mx\/index.php?rest_route=\/wp\/v2\/media\/46490"}],"wp:attachment":[{"href":"https:\/\/www.septinoticias.com.mx\/index.php?rest_route=%2Fwp%2Fv2%2Fmedia&parent=46487"}],"wp:term":[{"taxonomy":"category","embeddable":true,"href":"https:\/\/www.septinoticias.com.mx\/index.php?rest_route=%2Fwp%2Fv2%2Fcategories&post=46487"},{"taxonomy":"post_tag","embeddable":true,"href":"https:\/\/www.septinoticias.com.mx\/index.php?rest_route=%2Fwp%2Fv2%2Ftags&post=46487"}],"curies":[{"name":"wp","href":"https:\/\/api.w.org\/{rel}","templated":true}]}}