{"id":46463,"date":"2024-04-03T14:03:09","date_gmt":"2024-04-03T14:03:09","guid":{"rendered":"https:\/\/www.septinoticias.com.mx\/?p=46463"},"modified":"2024-04-03T14:04:18","modified_gmt":"2024-04-03T14:04:18","slug":"concurso-para-ser-comisionada-y-comisionado-infantil-y-formar-parte-del-pleno-de-ninas-y-ninos-2024","status":"publish","type":"post","link":"https:\/\/www.septinoticias.com.mx\/?p=46463","title":{"rendered":"Concurso Para Ser Comisionada y Comisionado Infantil y Formar Parte del Pleno de Ni\u00f1as y Ni\u00f1os 2024"},"content":{"rendered":"\t\t<div data-elementor-type=\"wp-post\" data-elementor-id=\"46463\" class=\"elementor elementor-46463\">\n\t\t\t\t\t\t\t\t\t<section class=\"elementor-section elementor-top-section elementor-element elementor-element-20bbcd3b elementor-section-boxed elementor-section-height-default elementor-section-height-default\" data-id=\"20bbcd3b\" data-element_type=\"section\">\n\t\t\t\t\t\t<div class=\"elementor-container elementor-column-gap-default\">\n\t\t\t\t\t<div class=\"elementor-column elementor-col-100 elementor-top-column elementor-element elementor-element-33be02ef\" data-id=\"33be02ef\" data-element_type=\"column\">\n\t\t\t<div class=\"elementor-widget-wrap elementor-element-populated\">\n\t\t\t\t\t\t\t\t<div class=\"elementor-element elementor-element-6c4a91f9 elementor-widget elementor-widget-text-editor\" data-id=\"6c4a91f9\" data-element_type=\"widget\" data-widget_type=\"text-editor.default\">\n\t\t\t\t<div class=\"elementor-widget-container\">\n\t\t\t<style>\/*! elementor - v3.10.1 - 17-01-2023 *\/\n.elementor-widget-text-editor.elementor-drop-cap-view-stacked .elementor-drop-cap{background-color:#818a91;color:#fff}.elementor-widget-text-editor.elementor-drop-cap-view-framed .elementor-drop-cap{color:#818a91;border:3px solid;background-color:transparent}.elementor-widget-text-editor:not(.elementor-drop-cap-view-default) .elementor-drop-cap{margin-top:8px}.elementor-widget-text-editor:not(.elementor-drop-cap-view-default) .elementor-drop-cap-letter{width:1em;height:1em}.elementor-widget-text-editor .elementor-drop-cap{float:left;text-align:center;line-height:1;font-size:50px}.elementor-widget-text-editor .elementor-drop-cap-letter{display:inline-block}<\/style>\t\t\t\t<p><strong>*Ni\u00f1as y Ni\u00f1os! Pueden Aprovechar Las Vacaciones de Primavera Participando\u00a0 <\/strong><\/p><p><strong>Pachuca, Hgo., 2 de abril de 2024.-<\/strong>Con el objetivo de promover la importancia de la privacidad y protecci\u00f3n de los datos personales entre las y los menores de edad, como parte de la educaci\u00f3n c\u00edvica para el ejercicio del derecho a la protecci\u00f3n de datos personales, atendiendo preponderantemente en el desarrollo del concurso los principios de no discriminaci\u00f3n, inclusi\u00f3n y pro persona, as\u00ed como los derechos de la ni\u00f1ez. El Instituto Nacional de Transparencia, Acceso a la Informaci\u00f3n y Protecci\u00f3n de Datos Personales (INAI), el Sistema Nacional de Transparencia, Acceso a la Informaci\u00f3n P\u00fablica y Protecci\u00f3n de Datos Personales (SNT) y el Instituto de Transparencia, Acceso a la Informaci\u00f3n P\u00fablica Gubernamental y Protecci\u00f3n de Datos Personales del Estado de Hidalgo (ITAIH), invitan a ni\u00f1as y ni\u00f1os de 10 a 12 a\u00f1os cumplidos a participar en el Concurso para ser Comisionada y Comisionado Infantil y formar parte del Pleno Ni\u00f1as y Ni\u00f1os 2024.<\/p><p>La participaci\u00f3n en el concurso ser\u00e1 a trav\u00e9s de un video grabado en horizontal, formato electr\u00f3nico mp4, con una duraci\u00f3n de hasta 3 minutos, en el que la o el menor de edad exponga sus argumentos e ideas con relaci\u00f3n a alg\u00fan tema vinculado con la privacidad y la protecci\u00f3n de datos personales de las ni\u00f1as, ni\u00f1os y adolescentes, y en el que reflexione sobre los siguientes contenidos con relaci\u00f3n al tema elegido:<\/p><ol><li>a) \u00bfPor qu\u00e9 eleg\u00ed este tema?<\/li><li>b) Considero que este tema es importante porque\u2026<\/li><li>c) Como ni\u00f1a, ni\u00f1o o adolescente, lo que opino sobre el tema es\u2026<\/li><li>d) Lo que propongo y recomiendo para atender el tema es\u2026<\/li><li>e) El video deber\u00e1 identificarse a trav\u00e9s de un nombre o t\u00edtulo.<\/li><\/ol><p>\u00a0<\/p><p>Los temas a desarrollar pueden ser:<\/p><ul><li>Protecci\u00f3n de datos personales y privacidad en redes sociales.<\/li><li>El valor de tus datos personales.<\/li><li>Medidas de seguridad que utilizo para proteger mis datos personales en el entorno digital.<\/li><li>La importancia de la protecci\u00f3n de datos personales y privacidad.<\/li><li>Protecci\u00f3n de datos personales y privacidad en la escuela.<\/li><\/ul><p>La fecha l\u00edmite para subir el video al micrositio tinyurl.com\/5n9393ad en donde tambi\u00e9n se encuentra la convocatoria es el 28 de junio a las 23:59 horas para participar en la fase estatal, en la que se elegir\u00e1 el video que participar\u00e1 en la etapa regional en la que se determinar\u00e1n 3 videos ganadores.<\/p><p>Es importante mencionar que en todas las etapas del concurso se firman formatos de consentimiento, autorizaci\u00f3n y autenticidad por parte de la madre, padre, tutora o tutor.<\/p><p>Las ganadoras y ganadores de la Etapa Nacional recibir\u00e1n los siguientes premios:<\/p><ul><li>Participaci\u00f3n en la sesi\u00f3n del Pleno Ni\u00f1as y Ni\u00f1os;<\/li><li>Un reconocimiento;<\/li><li>Una medalla;<\/li><li>Una tableta electr\u00f3nica de \u00faltima generaci\u00f3n de acuerdo con el a\u00f1o del Concurso.<\/li><\/ul>\t\t\t\t\t\t<\/div>\n\t\t\t\t<\/div>\n\t\t\t\t\t<\/div>\n\t\t<\/div>\n\t\t\t\t\t\t\t<\/div>\n\t\t<\/section>\n\t\t\t\t\t\t\t<\/div>\n\t\t","protected":false},"excerpt":{"rendered":"<p>*Ni\u00f1as y Ni\u00f1os! Pueden Aprovechar Las Vacaciones de Primavera Participando\u00a0 Pachuca, Hgo., 2 de abril de 2024.-Con el objetivo de promover la importancia de la privacidad y protecci\u00f3n de los datos personales entre las y los menores de edad, como parte de la educaci\u00f3n c\u00edvica para el ejercicio del derecho a la protecci\u00f3n de datos [&hellip;]<\/p>\n","protected":false},"author":1,"featured_media":46465,"comment_status":"closed","ping_status":"closed","sticky":false,"template":"","format":"standard","meta":[],"categories":[9],"tags":[],"_links":{"self":[{"href":"https:\/\/www.septinoticias.com.mx\/index.php?rest_route=\/wp\/v2\/posts\/46463"}],"collection":[{"href":"https:\/\/www.septinoticias.com.mx\/index.php?rest_route=\/wp\/v2\/posts"}],"about":[{"href":"https:\/\/www.septinoticias.com.mx\/index.php?rest_route=\/wp\/v2\/types\/post"}],"author":[{"embeddable":true,"href":"https:\/\/www.septinoticias.com.mx\/index.php?rest_route=\/wp\/v2\/users\/1"}],"replies":[{"embeddable":true,"href":"https:\/\/www.septinoticias.com.mx\/index.php?rest_route=%2Fwp%2Fv2%2Fcomments&post=46463"}],"version-history":[{"count":4,"href":"https:\/\/www.septinoticias.com.mx\/index.php?rest_route=\/wp\/v2\/posts\/46463\/revisions"}],"predecessor-version":[{"id":46468,"href":"https:\/\/www.septinoticias.com.mx\/index.php?rest_route=\/wp\/v2\/posts\/46463\/revisions\/46468"}],"wp:featuredmedia":[{"embeddable":true,"href":"https:\/\/www.septinoticias.com.mx\/index.php?rest_route=\/wp\/v2\/media\/46465"}],"wp:attachment":[{"href":"https:\/\/www.septinoticias.com.mx\/index.php?rest_route=%2Fwp%2Fv2%2Fmedia&parent=46463"}],"wp:term":[{"taxonomy":"category","embeddable":true,"href":"https:\/\/www.septinoticias.com.mx\/index.php?rest_route=%2Fwp%2Fv2%2Fcategories&post=46463"},{"taxonomy":"post_tag","embeddable":true,"href":"https:\/\/www.septinoticias.com.mx\/index.php?rest_route=%2Fwp%2Fv2%2Ftags&post=46463"}],"curies":[{"name":"wp","href":"https:\/\/api.w.org\/{rel}","templated":true}]}}