{"id":46432,"date":"2024-04-03T13:53:51","date_gmt":"2024-04-03T13:53:51","guid":{"rendered":"https:\/\/www.septinoticias.com.mx\/?p=46432"},"modified":"2024-04-03T13:57:16","modified_gmt":"2024-04-03T13:57:16","slug":"diputado-enfrenta-proceso-penal-por-narcomenudeo-posesion-de-arma-de-fuego-jueza-federal-ordena-juicio-de-procedencia-o-desafuero-para-que-enfrente-proceso","status":"publish","type":"post","link":"https:\/\/www.septinoticias.com.mx\/?p=46432","title":{"rendered":"Diputado Enfrenta Proceso Penal por Narcomenudeo Posesi\u00f3n de Arma de Fuego, Jueza Federal Ordena Juicio de Procedencia o Desafuero Para que Enfrente Proceso"},"content":{"rendered":"\t\t<div data-elementor-type=\"wp-post\" data-elementor-id=\"46432\" class=\"elementor elementor-46432\">\n\t\t\t\t\t\t\t\t\t<section class=\"elementor-section elementor-top-section elementor-element elementor-element-20bbcd3b elementor-section-boxed elementor-section-height-default elementor-section-height-default\" data-id=\"20bbcd3b\" data-element_type=\"section\">\n\t\t\t\t\t\t<div class=\"elementor-container elementor-column-gap-default\">\n\t\t\t\t\t<div class=\"elementor-column elementor-col-100 elementor-top-column elementor-element elementor-element-33be02ef\" data-id=\"33be02ef\" data-element_type=\"column\">\n\t\t\t<div class=\"elementor-widget-wrap elementor-element-populated\">\n\t\t\t\t\t\t\t\t<div class=\"elementor-element elementor-element-6c4a91f9 elementor-widget elementor-widget-text-editor\" data-id=\"6c4a91f9\" data-element_type=\"widget\" data-widget_type=\"text-editor.default\">\n\t\t\t\t<div class=\"elementor-widget-container\">\n\t\t\t<style>\/*! elementor - v3.10.1 - 17-01-2023 *\/\n.elementor-widget-text-editor.elementor-drop-cap-view-stacked .elementor-drop-cap{background-color:#818a91;color:#fff}.elementor-widget-text-editor.elementor-drop-cap-view-framed .elementor-drop-cap{color:#818a91;border:3px solid;background-color:transparent}.elementor-widget-text-editor:not(.elementor-drop-cap-view-default) .elementor-drop-cap{margin-top:8px}.elementor-widget-text-editor:not(.elementor-drop-cap-view-default) .elementor-drop-cap-letter{width:1em;height:1em}.elementor-widget-text-editor .elementor-drop-cap{float:left;text-align:center;line-height:1;font-size:50px}.elementor-widget-text-editor .elementor-drop-cap-letter{display:inline-block}<\/style>\t\t\t\t<p><strong>Pachuca, Hgo., 2 de abril 2024.- <\/strong>El diputado local Edgar Hern\u00e1ndez Da\u00f1u que enfrenta proceso por presunta posesi\u00f3n de arma fuego y delitos contra la salud en su modalidad de narcomenudeo con fines de comercio, libr\u00f3 el primero, debido a que cuenta con fuero, porque el Ministerio P\u00fablico no solicit\u00f3 al Congreso local el juicio de procedencia o desafuero por tanto sigue siendo legislador, determin\u00f3 una jueza federal.<\/p><p>El todav\u00eda representante popular contin\u00faa recluido en el Centro de Reinserci\u00f3n Social (Cereso) de Pachuca en espera del proceso por posesi\u00f3n de drogas, que le fueron localizadas en su domicilio de la colonia San Nicol\u00e1s, Ixmiquilpan.<\/p><p>Tras la audiencia por la causa penal 369\/2023, en la sala 2 del Centro de Justicia Penal Federal de Hidalgo, la jueza dictamin\u00f3 que, como el Misterio P\u00fablico no realiz\u00f3 la petici\u00f3n al Congreso de desafuero, el ahora inculpado contin\u00faa siendo representante popular por el Partido del Trabajo (PT) y mantiene el fuero constitucional.<\/p><p>La 65 Legislatura no realiz\u00f3 esta declaratoria que debe aprobarse por mayor\u00eda calificada y quien ejerza causa penal estar\u00e1 cometiendo un delito, por lo cual no habr\u00e1 imputaci\u00f3n penal en estos t\u00e9rminos del delito federal.<\/p><p>El 19 de octubre del 2023, el Congreso local solo aprob\u00f3 el dictamen para llamar al suplente Aar\u00f3n Charrez Paloma, en tanto se resuelve la situaci\u00f3n legal de Hern\u00e1ndez Da\u00f1u, ahora se pondr\u00e1 a consideraci\u00f3n del pleno el escrito PGJH-01\/03303\/2023, girado por la Procuradur\u00eda General de Justicia del Estado (PGJEH), en el que se informa sobre la situaci\u00f3n jur\u00eddica del diputado Hern\u00e1ndez Da\u00f1u.<\/p><p>Quien el 21 de septiembre de 2023, fue detenido junto con su pareja Blanca Areli N en posesi\u00f3n de armas y drogas, en un domicilio de la colonia San Nicol\u00e1s, Ixmiquilpan, luego que la PGJEH llev\u00f3 a cabo un cateo.<\/p>\t\t\t\t\t\t<\/div>\n\t\t\t\t<\/div>\n\t\t\t\t\t<\/div>\n\t\t<\/div>\n\t\t\t\t\t\t\t<\/div>\n\t\t<\/section>\n\t\t\t\t\t\t\t<\/div>\n\t\t","protected":false},"excerpt":{"rendered":"<p>Pachuca, Hgo., 2 de abril 2024.- El diputado local Edgar Hern\u00e1ndez Da\u00f1u que enfrenta proceso por presunta posesi\u00f3n de arma fuego y delitos contra la salud en su modalidad de narcomenudeo con fines de comercio, libr\u00f3 el primero, debido a que cuenta con fuero, porque el Ministerio P\u00fablico no solicit\u00f3 al Congreso local el juicio [&hellip;]<\/p>\n","protected":false},"author":1,"featured_media":46434,"comment_status":"closed","ping_status":"closed","sticky":false,"template":"","format":"standard","meta":[],"categories":[29],"tags":[],"_links":{"self":[{"href":"https:\/\/www.septinoticias.com.mx\/index.php?rest_route=\/wp\/v2\/posts\/46432"}],"collection":[{"href":"https:\/\/www.septinoticias.com.mx\/index.php?rest_route=\/wp\/v2\/posts"}],"about":[{"href":"https:\/\/www.septinoticias.com.mx\/index.php?rest_route=\/wp\/v2\/types\/post"}],"author":[{"embeddable":true,"href":"https:\/\/www.septinoticias.com.mx\/index.php?rest_route=\/wp\/v2\/users\/1"}],"replies":[{"embeddable":true,"href":"https:\/\/www.septinoticias.com.mx\/index.php?rest_route=%2Fwp%2Fv2%2Fcomments&post=46432"}],"version-history":[{"count":4,"href":"https:\/\/www.septinoticias.com.mx\/index.php?rest_route=\/wp\/v2\/posts\/46432\/revisions"}],"predecessor-version":[{"id":46437,"href":"https:\/\/www.septinoticias.com.mx\/index.php?rest_route=\/wp\/v2\/posts\/46432\/revisions\/46437"}],"wp:featuredmedia":[{"embeddable":true,"href":"https:\/\/www.septinoticias.com.mx\/index.php?rest_route=\/wp\/v2\/media\/46434"}],"wp:attachment":[{"href":"https:\/\/www.septinoticias.com.mx\/index.php?rest_route=%2Fwp%2Fv2%2Fmedia&parent=46432"}],"wp:term":[{"taxonomy":"category","embeddable":true,"href":"https:\/\/www.septinoticias.com.mx\/index.php?rest_route=%2Fwp%2Fv2%2Fcategories&post=46432"},{"taxonomy":"post_tag","embeddable":true,"href":"https:\/\/www.septinoticias.com.mx\/index.php?rest_route=%2Fwp%2Fv2%2Ftags&post=46432"}],"curies":[{"name":"wp","href":"https:\/\/api.w.org\/{rel}","templated":true}]}}