{"id":44428,"date":"2024-03-08T17:49:15","date_gmt":"2024-03-08T17:49:15","guid":{"rendered":"https:\/\/www.septinoticias.com.mx\/?p=44428"},"modified":"2024-03-08T17:58:37","modified_gmt":"2024-03-08T17:58:37","slug":"el-recurso-publico-no-es-para-pagar-burocratas-es-para-regresarlo-al-pueblo-de-mexico-en-beneficios-claudia-sheinbaum","status":"publish","type":"post","link":"https:\/\/www.septinoticias.com.mx\/?p=44428","title":{"rendered":"El Recurso P\u00fablico no es para Pagar Bur\u00f3cratas, es para Regresarlo al Pueblo de M\u00e9xico en Beneficios: Claudia Sheinbaum"},"content":{"rendered":"\t\t<div data-elementor-type=\"wp-post\" data-elementor-id=\"44428\" class=\"elementor elementor-44428\">\n\t\t\t\t\t\t\t\t\t<section class=\"elementor-section elementor-top-section elementor-element elementor-element-20bbcd3b elementor-section-boxed elementor-section-height-default elementor-section-height-default\" data-id=\"20bbcd3b\" data-element_type=\"section\">\n\t\t\t\t\t\t<div class=\"elementor-container elementor-column-gap-default\">\n\t\t\t\t\t<div class=\"elementor-column elementor-col-100 elementor-top-column elementor-element elementor-element-33be02ef\" data-id=\"33be02ef\" data-element_type=\"column\">\n\t\t\t<div class=\"elementor-widget-wrap elementor-element-populated\">\n\t\t\t\t\t\t\t\t<div class=\"elementor-element elementor-element-6c4a91f9 elementor-widget elementor-widget-text-editor\" data-id=\"6c4a91f9\" data-element_type=\"widget\" data-widget_type=\"text-editor.default\">\n\t\t\t\t<div class=\"elementor-widget-container\">\n\t\t\t<style>\/*! elementor - v3.10.1 - 17-01-2023 *\/\n.elementor-widget-text-editor.elementor-drop-cap-view-stacked .elementor-drop-cap{background-color:#818a91;color:#fff}.elementor-widget-text-editor.elementor-drop-cap-view-framed .elementor-drop-cap{color:#818a91;border:3px solid;background-color:transparent}.elementor-widget-text-editor:not(.elementor-drop-cap-view-default) .elementor-drop-cap{margin-top:8px}.elementor-widget-text-editor:not(.elementor-drop-cap-view-default) .elementor-drop-cap-letter{width:1em;height:1em}.elementor-widget-text-editor .elementor-drop-cap{float:left;text-align:center;line-height:1;font-size:50px}.elementor-widget-text-editor .elementor-drop-cap-letter{display:inline-block}<\/style>\t\t\t\t<p><strong>-\u201cAqu\u00ed le decimos a la Corregidora que vamos a seguir sus pasos como una gran mujer que independiz\u00f3 nuestro pa\u00eds\u201d, expres\u00f3<\/strong><\/p><p><strong>San Juan del R\u00edo, Quer\u00e9taro, 7 de marzo de 2024.-<\/strong> La lucha por los derechos, la democracia y la justicia es lo que representa el segundo piso de la Cuarta Transformaci\u00f3n, afirm\u00f3 la candidata de la coalici\u00f3n \u201cSigamos Haciendo Historia\u201d (Morena, PT y PVEM) a la Presidencia de M\u00e9xico, Claudia Sheinbaum Pardo, durante su mitin de campa\u00f1a en San Juan del R\u00edo, Quer\u00e9taro, donde llam\u00f3 a llenar las urnas a favor de la 4T, el pr\u00f3ximo 2 de junio.<\/p><p>\u201cNo solo son los derechos del pueblo de M\u00e9xico, tambi\u00e9n es la democracia, queremos que haya m\u00e1s justicia en M\u00e9xico, ya inici\u00f3 el Presidente esta revoluci\u00f3n pac\u00edfica en nuestro pa\u00eds, por eso vamos a continuar con la transformaci\u00f3n, de mi parte tengan la certeza porque yo nac\u00ed en el movimiento, desde joven estuve participando en los movimientos sociales (&#8230;) Yo llevo en el coraz\u00f3n, en el pensamiento, en mi historia los principios de nuestro movimiento\u201d, afirm\u00f3<\/p><p>Record\u00f3 que Quer\u00e9taro es una entidad que ha estado presente en la historia de M\u00e9xico y sus luchas m\u00e1s representativas, ejemplo de ello es Josefa Ortiz de Dom\u00ednguez, una mujer transformadora que particip\u00f3 activamente en la Independencia, por lo que asever\u00f3 que es indispensable que en el 2024 las mujeres de la transformaci\u00f3n sigan haciendo historia.<\/p><p>\u201cAqu\u00ed le decimos a la Corregidora que vamos a seguir sus pasos como una gran mujer que independiz\u00f3 nuestro pa\u00eds\u201d, expres\u00f3.<\/p><p>Record\u00f3 que la Cuarta Transformaci\u00f3n act\u00faa bajo los principios del Humanismo Mexicano, los cuales seguir\u00e1n vigentes en la segunda etapa del proyecto de naci\u00f3n, con valores como la Austeridad republicana para que no exista, nunca m\u00e1s, un gobierno rico con pueblo pobre.<\/p><p>\u201cEl gobernante debe vivir en la justa median\u00eda, con salarios que no sean excesivos con un gobierno peque\u00f1o, porque el recurso p\u00fablico no es para pagar bur\u00f3cratas, es para regresarlo al pueblo de M\u00e9xico en beneficios, en obras p\u00fablicas, en todo lo necesario para el bienestar\u201d, se\u00f1al\u00f3.<\/p><p>Ante el pueblo de San Juan del R\u00edo, expuso parte de los 100 puntos de su Proyecto de Naci\u00f3n, entre los que destacan la continuidad y fortalecimiento de programas sociales, el impulso a los trenes de pasajeros, garantizar el acceso a la educaci\u00f3n gratuita, a la salud, a la vivienda y a la seguridad.<\/p><p>As\u00ed como la creaci\u00f3n de un apoyo econ\u00f3mico mensual para un mill\u00f3n de mujeres de 60 a 64 a\u00f1os, como parte de su Estrategia \u201cRep\u00fablica de y para las mujeres\u201d.<\/p><p>Por su parte, el candidato de la 4T al Senado de la Rep\u00fablica, Santiago Nieto, record\u00f3 que Quer\u00e9taro es tierra de mujeres transformadoras como Josefa Ortiz de Dom\u00ednguez y por ello llam\u00f3 a dar continuidad al proyecto de la transformaci\u00f3n con Claudia Sheinbaum.<\/p><p>\u201cVamos al segundo piso de la Cuarta Transformaci\u00f3n, vamos por los 100 pasos, por una mejor ecolog\u00eda y tambi\u00e9n por un mejor combate a la corrupci\u00f3n, vamos por los derechos de las ni\u00f1as, ni\u00f1os y adolescentes; vamos para erradicar la violencia de g\u00e9nero\u201d, expres\u00f3.<\/p><p>Finalmente, el candidato de Morena, PT y PVEM a diputado federal, Ricardo Astudillo, destac\u00f3 el perfil de la candidata morenista en materia ambiental, con resultados tangibles a su paso por la Jefatura de Gobierno de la Ciudad de M\u00e9xico y que ahora pueden llegar a todo el pa\u00eds.<\/p><p>\u201cNo hay una mujer en M\u00e9xico que tenga mayores conocimientos en acciones de materia ambiental, sin duda, la doctora Claudia Sheinbaum es la n\u00famero uno en este tema y en otros m\u00e1s, aqu\u00ed, de frente, en San Juan del R\u00edo, les puedo asegurar que Claudia Sheinbaum ser\u00e1 la pr\u00f3xima presidenta de M\u00e9xico\u201d, concluy\u00f3.<\/p><p>Al evento tambi\u00e9n asistieron Beatriz Robles, candidata al Senado de la Rep\u00fablica; Julio Le\u00f3n Trujillo, responsable de la Circunscripci\u00f3n 5; Arturo Piedragil Ortiz, delegado Pol\u00edtico de campa\u00f1a; Rufina Ben\u00edtez Estrada, presidenta de Morena en Quer\u00e9taro; y Valeria Flores, Delegada Comisionada Pol\u00edtica del Partido del Trabajo.<\/p>\t\t\t\t\t\t<\/div>\n\t\t\t\t<\/div>\n\t\t\t\t\t<\/div>\n\t\t<\/div>\n\t\t\t\t\t\t\t<\/div>\n\t\t<\/section>\n\t\t\t\t\t\t\t<\/div>\n\t\t","protected":false},"excerpt":{"rendered":"<p>-\u201cAqu\u00ed le decimos a la Corregidora que vamos a seguir sus pasos como una gran mujer que independiz\u00f3 nuestro pa\u00eds\u201d, expres\u00f3 San Juan del R\u00edo, Quer\u00e9taro, 7 de marzo de 2024.- La lucha por los derechos, la democracia y la justicia es lo que representa el segundo piso de la Cuarta Transformaci\u00f3n, afirm\u00f3 la candidata [&hellip;]<\/p>\n","protected":false},"author":1,"featured_media":44443,"comment_status":"closed","ping_status":"open","sticky":false,"template":"","format":"standard","meta":[],"categories":[9],"tags":[],"_links":{"self":[{"href":"https:\/\/www.septinoticias.com.mx\/index.php?rest_route=\/wp\/v2\/posts\/44428"}],"collection":[{"href":"https:\/\/www.septinoticias.com.mx\/index.php?rest_route=\/wp\/v2\/posts"}],"about":[{"href":"https:\/\/www.septinoticias.com.mx\/index.php?rest_route=\/wp\/v2\/types\/post"}],"author":[{"embeddable":true,"href":"https:\/\/www.septinoticias.com.mx\/index.php?rest_route=\/wp\/v2\/users\/1"}],"replies":[{"embeddable":true,"href":"https:\/\/www.septinoticias.com.mx\/index.php?rest_route=%2Fwp%2Fv2%2Fcomments&post=44428"}],"version-history":[{"count":8,"href":"https:\/\/www.septinoticias.com.mx\/index.php?rest_route=\/wp\/v2\/posts\/44428\/revisions"}],"predecessor-version":[{"id":44446,"href":"https:\/\/www.septinoticias.com.mx\/index.php?rest_route=\/wp\/v2\/posts\/44428\/revisions\/44446"}],"wp:featuredmedia":[{"embeddable":true,"href":"https:\/\/www.septinoticias.com.mx\/index.php?rest_route=\/wp\/v2\/media\/44443"}],"wp:attachment":[{"href":"https:\/\/www.septinoticias.com.mx\/index.php?rest_route=%2Fwp%2Fv2%2Fmedia&parent=44428"}],"wp:term":[{"taxonomy":"category","embeddable":true,"href":"https:\/\/www.septinoticias.com.mx\/index.php?rest_route=%2Fwp%2Fv2%2Fcategories&post=44428"},{"taxonomy":"post_tag","embeddable":true,"href":"https:\/\/www.septinoticias.com.mx\/index.php?rest_route=%2Fwp%2Fv2%2Ftags&post=44428"}],"curies":[{"name":"wp","href":"https:\/\/api.w.org\/{rel}","templated":true}]}}