{"id":44401,"date":"2024-03-08T17:35:41","date_gmt":"2024-03-08T17:35:41","guid":{"rendered":"https:\/\/www.septinoticias.com.mx\/?p=44401"},"modified":"2024-03-08T17:38:28","modified_gmt":"2024-03-08T17:38:28","slug":"me-siento-muy-orgullosa-de-mis-raices-adriana-flores","status":"publish","type":"post","link":"https:\/\/www.septinoticias.com.mx\/?p=44401","title":{"rendered":"Me Siento Muy Orgullosa de Mis Ra\u00edces: Adriana Flores"},"content":{"rendered":"\t\t<div data-elementor-type=\"wp-post\" data-elementor-id=\"44401\" class=\"elementor elementor-44401\">\n\t\t\t\t\t\t\t\t\t<section class=\"elementor-section elementor-top-section elementor-element elementor-element-20bbcd3b elementor-section-boxed elementor-section-height-default elementor-section-height-default\" data-id=\"20bbcd3b\" data-element_type=\"section\">\n\t\t\t\t\t\t<div class=\"elementor-container elementor-column-gap-default\">\n\t\t\t\t\t<div class=\"elementor-column elementor-col-100 elementor-top-column elementor-element elementor-element-33be02ef\" data-id=\"33be02ef\" data-element_type=\"column\">\n\t\t\t<div class=\"elementor-widget-wrap elementor-element-populated\">\n\t\t\t\t\t\t\t\t<div class=\"elementor-element elementor-element-6c4a91f9 elementor-widget elementor-widget-text-editor\" data-id=\"6c4a91f9\" data-element_type=\"widget\" data-widget_type=\"text-editor.default\">\n\t\t\t\t<div class=\"elementor-widget-container\">\n\t\t\t<style>\/*! elementor - v3.10.1 - 17-01-2023 *\/\n.elementor-widget-text-editor.elementor-drop-cap-view-stacked .elementor-drop-cap{background-color:#818a91;color:#fff}.elementor-widget-text-editor.elementor-drop-cap-view-framed .elementor-drop-cap{color:#818a91;border:3px solid;background-color:transparent}.elementor-widget-text-editor:not(.elementor-drop-cap-view-default) .elementor-drop-cap{margin-top:8px}.elementor-widget-text-editor:not(.elementor-drop-cap-view-default) .elementor-drop-cap-letter{width:1em;height:1em}.elementor-widget-text-editor .elementor-drop-cap{float:left;text-align:center;line-height:1;font-size:50px}.elementor-widget-text-editor .elementor-drop-cap-letter{display:inline-block}<\/style>\t\t\t\t<p><strong>Tulancingo Hgo; 7 de Marzo del 2024.-<\/strong>En su visita al municipio de Tulancingo, la candidata a senadora de la Rep\u00fablica del Partido Movimiento Ciudadano (MC), Adriana Flores, expres\u00f3 su alegr\u00eda por estar en la demarcaci\u00f3n de sus or\u00edgenes, donde transcurri\u00f3 su infancia y adolescencia y de donde, dijo, siente un profundo orgullo por ser este lugar el inicio de sus inquietudes pol\u00edticas que hoy la tienen ubicada en la candidatura al Senado.<\/p><p>\u201cLo que quiero comunicar a las y los hidalguenses, es que no me olvidar\u00e9 de mis or\u00edgenes y mis ra\u00edces en mi municipio, as\u00ed como de los 84 municipios que voy a representar en cuanto llegue a la C\u00e1mara de Senadores, porque mi inter\u00e9s es trabajar por Hidalgo y un mejor bienestar para todas y todos\u201d.<\/p><p>Adriana Flores refiri\u00f3 que en particular este d\u00eda tuvo especial inter\u00e9s en saludar a hombres, j\u00f3venes y ni\u00f1os, quienes todos los d\u00edas salen a trabajar para llevar el sustento de sus familias, toda vez que el Congreso de la Uni\u00f3n aprob\u00f3 una iniciativa de la bancada naranja, para darles 20 d\u00edas de licencia a los hombres que sean pap\u00e1s, con el prop\u00f3sito que los primeros d\u00edas puedan acompa\u00f1ar a la o el infante, y de esta manera promover la paternidad responsable.<\/p><p>\u201cNosotros lo que estamos buscando es que existan paternidades cercanas, que se hagan responsables junto con las mujeres de sus hijas e hijos, que esta responsabilidad no nada m\u00e1s recaiga en nosotras. Es importante que los padres tambi\u00e9n disfruten de esta responsabilidad com\u00fan, porque tambi\u00e9n tienen derecho a pasar los primeros d\u00edas con sus hijos, as\u00ed como cuando exista una complicaci\u00f3n de salud\u201d.<\/p><p>De visita por la colonia Lomas del Para\u00edso, la candidata naranja puntualiz\u00f3 que en este lugar existen muchas necesidades, pero fundamentalmente los vecinos del lugar le han manifestado el hartazgo de la vieja pol\u00edtica, de la falta de respuesta y del cumplimiento de los compromisos.<\/p><p>\u201cYo lo que compromet\u00ed con ellos, es esta cercan\u00eda en la que vamos a sembrar flores en todos lados, porque Flores para Hidalgo significa traer la esperanza para nuestro estado. Estar\u00e9 atenta a las necesidades de la gente, porque quiero construir con las familias un mejor porvenir para todas y todos\u201d<\/p><p>Destac\u00f3 que, como gestora legislativa, ser\u00e1 vigilante de que los municipios y el estado cumplan con las responsabilidades adquiridas con la gente, y conformar una agenda conjunta para priorizar lo que necesitan para ir dando cause a sus peticiones, por ello, dijo, es importante caminar las calles, los municipios, las colonias, para tener un diagn\u00f3stico claro que coadyuve a la construcci\u00f3n de una agenda legislativa hecha a la medida.<\/p><p>\u201cMi compa\u00f1era de f\u00f3rmula Esther Salas y yo, hemos demostrado con hechos que somos mujeres de causas y nuestra campa\u00f1a no es la excepci\u00f3n. Hoy, particularmente me siento profundamente conmovida por venir aqu\u00ed, donde empez\u00f3 mi vida y mi historia, donde crec\u00ed y visualic\u00e9 un mejor futuro. Por ello con Tulancingo siempre tendr\u00e9 un gran compromiso por el orgullo que representan mis or\u00edgenes. Y sabr\u00e9 representar con integridad la confianza que me brinde Tulancingo y todo Hidalgo\u201d.<\/p>\t\t\t\t\t\t<\/div>\n\t\t\t\t<\/div>\n\t\t\t\t\t<\/div>\n\t\t<\/div>\n\t\t\t\t\t\t\t<\/div>\n\t\t<\/section>\n\t\t\t\t\t\t\t<\/div>\n\t\t","protected":false},"excerpt":{"rendered":"<p>Tulancingo Hgo; 7 de Marzo del 2024.-En su visita al municipio de Tulancingo, la candidata a senadora de la Rep\u00fablica del Partido Movimiento Ciudadano (MC), Adriana Flores, expres\u00f3 su alegr\u00eda por estar en la demarcaci\u00f3n de sus or\u00edgenes, donde transcurri\u00f3 su infancia y adolescencia y de donde, dijo, siente un profundo orgullo por ser este [&hellip;]<\/p>\n","protected":false},"author":1,"featured_media":44408,"comment_status":"closed","ping_status":"open","sticky":false,"template":"","format":"standard","meta":[],"categories":[8],"tags":[],"_links":{"self":[{"href":"https:\/\/www.septinoticias.com.mx\/index.php?rest_route=\/wp\/v2\/posts\/44401"}],"collection":[{"href":"https:\/\/www.septinoticias.com.mx\/index.php?rest_route=\/wp\/v2\/posts"}],"about":[{"href":"https:\/\/www.septinoticias.com.mx\/index.php?rest_route=\/wp\/v2\/types\/post"}],"author":[{"embeddable":true,"href":"https:\/\/www.septinoticias.com.mx\/index.php?rest_route=\/wp\/v2\/users\/1"}],"replies":[{"embeddable":true,"href":"https:\/\/www.septinoticias.com.mx\/index.php?rest_route=%2Fwp%2Fv2%2Fcomments&post=44401"}],"version-history":[{"count":4,"href":"https:\/\/www.septinoticias.com.mx\/index.php?rest_route=\/wp\/v2\/posts\/44401\/revisions"}],"predecessor-version":[{"id":44411,"href":"https:\/\/www.septinoticias.com.mx\/index.php?rest_route=\/wp\/v2\/posts\/44401\/revisions\/44411"}],"wp:featuredmedia":[{"embeddable":true,"href":"https:\/\/www.septinoticias.com.mx\/index.php?rest_route=\/wp\/v2\/media\/44408"}],"wp:attachment":[{"href":"https:\/\/www.septinoticias.com.mx\/index.php?rest_route=%2Fwp%2Fv2%2Fmedia&parent=44401"}],"wp:term":[{"taxonomy":"category","embeddable":true,"href":"https:\/\/www.septinoticias.com.mx\/index.php?rest_route=%2Fwp%2Fv2%2Fcategories&post=44401"},{"taxonomy":"post_tag","embeddable":true,"href":"https:\/\/www.septinoticias.com.mx\/index.php?rest_route=%2Fwp%2Fv2%2Ftags&post=44401"}],"curies":[{"name":"wp","href":"https:\/\/api.w.org\/{rel}","templated":true}]}}