{"id":44392,"date":"2024-03-08T17:18:10","date_gmt":"2024-03-08T17:18:10","guid":{"rendered":"https:\/\/www.septinoticias.com.mx\/?p=44392"},"modified":"2024-03-08T17:37:22","modified_gmt":"2024-03-08T17:37:22","slug":"alianza-patriotica-nacional-hidalgo-es-la-primera-en-lograr-asociacion-con-morena","status":"publish","type":"post","link":"https:\/\/www.septinoticias.com.mx\/?p=44392","title":{"rendered":"Alianza Patri\u00f3tica Nacional Hidalgo, es la Primera en Lograr Asociaci\u00f3n Con Morena"},"content":{"rendered":"\t\t<div data-elementor-type=\"wp-post\" data-elementor-id=\"44392\" class=\"elementor elementor-44392\">\n\t\t\t\t\t\t\t\t\t<section class=\"elementor-section elementor-top-section elementor-element elementor-element-20bbcd3b elementor-section-boxed elementor-section-height-default elementor-section-height-default\" data-id=\"20bbcd3b\" data-element_type=\"section\">\n\t\t\t\t\t\t<div class=\"elementor-container elementor-column-gap-default\">\n\t\t\t\t\t<div class=\"elementor-column elementor-col-100 elementor-top-column elementor-element elementor-element-33be02ef\" data-id=\"33be02ef\" data-element_type=\"column\">\n\t\t\t<div class=\"elementor-widget-wrap elementor-element-populated\">\n\t\t\t\t\t\t\t\t<div class=\"elementor-element elementor-element-6c4a91f9 elementor-widget elementor-widget-text-editor\" data-id=\"6c4a91f9\" data-element_type=\"widget\" data-widget_type=\"text-editor.default\">\n\t\t\t\t<div class=\"elementor-widget-container\">\n\t\t\t<style>\/*! elementor - v3.10.1 - 17-01-2023 *\/\n.elementor-widget-text-editor.elementor-drop-cap-view-stacked .elementor-drop-cap{background-color:#818a91;color:#fff}.elementor-widget-text-editor.elementor-drop-cap-view-framed .elementor-drop-cap{color:#818a91;border:3px solid;background-color:transparent}.elementor-widget-text-editor:not(.elementor-drop-cap-view-default) .elementor-drop-cap{margin-top:8px}.elementor-widget-text-editor:not(.elementor-drop-cap-view-default) .elementor-drop-cap-letter{width:1em;height:1em}.elementor-widget-text-editor .elementor-drop-cap{float:left;text-align:center;line-height:1;font-size:50px}.elementor-widget-text-editor .elementor-drop-cap-letter{display:inline-block}<\/style>\t\t\t\t<p><strong>Pachuca, Hgo., 7 de marzo de 2024.-<\/strong>Con el fin de impulsar a la Cuarta Transformaci\u00f3n y lograr el Plan C planteado desde Palacio Nacional por el Presidente de M\u00e9xico Andr\u00e9s Manuel L\u00f3pez Obrador, la agrupaci\u00f3n pol\u00edtica Alianza Patri\u00f3tica Nacional en Hidalgo (APN) y el partido pol\u00edtico de morena firmaron un acuerdo entre sus dirigentes V\u00edctor Osmind Guerrero Trejo y Marco Antonio Rico Mercado, coordinador de APN y Presidente de morena en Hidalgo respectivamente.<\/p><p>El coordinador nacional de la Alianza, Ricardo Peralta Saucedo, mediante un enlace de zoom, dio a conocer que la coordinaci\u00f3n en Hidalgo de esta agrupaci\u00f3n pol\u00edtica es la primera en lograr un acuerdo de alianza con el partido pol\u00edtico de morena, lo cual es un gran resultado para dicha agrupaci\u00f3n a fin de continuar con los planteamientos para defender e impulsar a\u00fan m\u00e1s a la Cuarta Transformaci\u00f3n y las candidaturas para el Congreso de la Uni\u00f3n que habr\u00e1n de consolidarla, as\u00ed como la candidatura de Claudia Shembaum Pardo a la Presidencia de la Rep\u00fablica, siendo la primera mujer en M\u00e9xico en lograr esta postulaci\u00f3n.<\/p><p>Asimismo, reconoci\u00f3 el compromiso del coordinador estatal de la APN V\u00edctor Osmind Guerrero Trejo con la Cuarta Transformaci\u00f3n, \u201cyo lo conoc\u00ed desde la subsecretar\u00eda de gobernaci\u00f3n, en donde mostr\u00f3 acciones a favor de los derechos de la poblaci\u00f3n y s\u00e9 de su trabajo, me consta su dedicaci\u00f3n y compromiso\u201d.<\/p><p>Tambi\u00e9n destac\u00f3 el crecimiento que ha tenido la agrupaci\u00f3n pol\u00edtica de la Alianza Patri\u00f3tica Nacional, pues actualmente tiene presencia en 25 estados de la Rep\u00fablica, incluido Hidalgo, siendo este estado el primero en lograr una alianza con el partido de morena.<\/p><p>En tanto, V\u00edctor Guerrero destac\u00f3 que desde 2006, Hidalgo, le ha sido leal con su voto a Andr\u00e9s Manuel L\u00f3pez Obrador, \u201celecci\u00f3n tras elecci\u00f3n ha ganado aqu\u00ed, as\u00ed hasta obtener la Presidencia de la Rep\u00fablica en 2018 y en ese mismo a\u00f1o, la primera Legislatura de oposici\u00f3n en Hidalgo, de la cual fui parte y ahora con el primer gobierno de la alternancia en Hidalgo, luego de que durante varias d\u00e9cadas fuimos gobernados por el PRI\u201d.<\/p><p>Recalc\u00f3, que Hidalgo seguir\u00e1 si\u00e9ndole leal al actual Presidente de la Rep\u00fablica, que mediante esta alianza, bajo la convicci\u00f3n de que s\u00f3lo el pueblo puede salvar al pueblo y que s\u00f3lo el pueblo organizado puede salvar a la naci\u00f3n, Alianza Patri\u00f3tica Nacional participar\u00e1 activamente en la pol\u00edtica dom\u00e9stica, todos los d\u00edas del a\u00f1o, sean elecciones o no.<\/p><p>Entre las actividades a desarrollar de Alianza Patri\u00f3tica Nacional, ser\u00e1 el promover una aut\u00e9ntica democracia participativa con figuras como la consulta ciudadana, la iniciativa popular, el refer\u00e9ndum, el plebiscito y la revocaci\u00f3n de mandato, as\u00ed como parlamentos abiertos en los congresos nacional y estatales y las audiencias p\u00fablicas que deben existir en cada municipio.<\/p><p>\u00a0Dar la pelea contra la infodemia y las pr\u00e1cticas dolosas de algunos medios de comunicaci\u00f3n y de varios grupos conservadores que se han dedicado a difundir noticias falsas sobre el movimiento y en torno al Presidente Andr\u00e9s Manuel L\u00f3pez Obrador; que sin reparar en nada, estas personas y medios, han difundido evidentes mentiras con claros fines pol\u00edticos, ser\u00e1 otra de sus principales tareas.<\/p><p>Marco Rico, dirigente de morena Hidalgo, dijo que con esta alianza entre un partido y agrupaci\u00f3n pol\u00edtica se unir\u00e1n fuerzas para lograr la tan ansiada unidad que requiere el partido en estos momentos para consolidar el \u201cPlan C\u201d, consistente en diversas reformas al sistema judicial mexicano.<\/p>\t\t\t\t\t\t<\/div>\n\t\t\t\t<\/div>\n\t\t\t\t\t<\/div>\n\t\t<\/div>\n\t\t\t\t\t\t\t<\/div>\n\t\t<\/section>\n\t\t\t\t\t\t\t<\/div>\n\t\t","protected":false},"excerpt":{"rendered":"<p>Pachuca, Hgo., 7 de marzo de 2024.-Con el fin de impulsar a la Cuarta Transformaci\u00f3n y lograr el Plan C planteado desde Palacio Nacional por el Presidente de M\u00e9xico Andr\u00e9s Manuel L\u00f3pez Obrador, la agrupaci\u00f3n pol\u00edtica Alianza Patri\u00f3tica Nacional en Hidalgo (APN) y el partido pol\u00edtico de morena firmaron un acuerdo entre sus dirigentes V\u00edctor [&hellip;]<\/p>\n","protected":false},"author":1,"featured_media":44403,"comment_status":"closed","ping_status":"open","sticky":false,"template":"","format":"standard","meta":[],"categories":[8],"tags":[],"_links":{"self":[{"href":"https:\/\/www.septinoticias.com.mx\/index.php?rest_route=\/wp\/v2\/posts\/44392"}],"collection":[{"href":"https:\/\/www.septinoticias.com.mx\/index.php?rest_route=\/wp\/v2\/posts"}],"about":[{"href":"https:\/\/www.septinoticias.com.mx\/index.php?rest_route=\/wp\/v2\/types\/post"}],"author":[{"embeddable":true,"href":"https:\/\/www.septinoticias.com.mx\/index.php?rest_route=\/wp\/v2\/users\/1"}],"replies":[{"embeddable":true,"href":"https:\/\/www.septinoticias.com.mx\/index.php?rest_route=%2Fwp%2Fv2%2Fcomments&post=44392"}],"version-history":[{"count":12,"href":"https:\/\/www.septinoticias.com.mx\/index.php?rest_route=\/wp\/v2\/posts\/44392\/revisions"}],"predecessor-version":[{"id":44406,"href":"https:\/\/www.septinoticias.com.mx\/index.php?rest_route=\/wp\/v2\/posts\/44392\/revisions\/44406"}],"wp:featuredmedia":[{"embeddable":true,"href":"https:\/\/www.septinoticias.com.mx\/index.php?rest_route=\/wp\/v2\/media\/44403"}],"wp:attachment":[{"href":"https:\/\/www.septinoticias.com.mx\/index.php?rest_route=%2Fwp%2Fv2%2Fmedia&parent=44392"}],"wp:term":[{"taxonomy":"category","embeddable":true,"href":"https:\/\/www.septinoticias.com.mx\/index.php?rest_route=%2Fwp%2Fv2%2Fcategories&post=44392"},{"taxonomy":"post_tag","embeddable":true,"href":"https:\/\/www.septinoticias.com.mx\/index.php?rest_route=%2Fwp%2Fv2%2Ftags&post=44392"}],"curies":[{"name":"wp","href":"https:\/\/api.w.org\/{rel}","templated":true}]}}