{"id":44386,"date":"2024-03-08T17:17:01","date_gmt":"2024-03-08T17:17:01","guid":{"rendered":"https:\/\/www.septinoticias.com.mx\/?p=44386"},"modified":"2024-03-08T17:18:07","modified_gmt":"2024-03-08T17:18:07","slug":"iniciativa-con-proyecto-de-decreto-por-el-que-se-crea-la-ley-de-educacion-inicial-del-estado-de-hidalgo","status":"publish","type":"post","link":"https:\/\/www.septinoticias.com.mx\/?p=44386","title":{"rendered":"Iniciativa con Proyecto de Decreto Por El Que Se Crea la Ley de Educaci\u00f3n Inicial del Estado de Hidalgo"},"content":{"rendered":"\t\t<div data-elementor-type=\"wp-post\" data-elementor-id=\"44386\" class=\"elementor elementor-44386\">\n\t\t\t\t\t\t\t\t\t<section class=\"elementor-section elementor-top-section elementor-element elementor-element-20bbcd3b elementor-section-boxed elementor-section-height-default elementor-section-height-default\" data-id=\"20bbcd3b\" data-element_type=\"section\">\n\t\t\t\t\t\t<div class=\"elementor-container elementor-column-gap-default\">\n\t\t\t\t\t<div class=\"elementor-column elementor-col-100 elementor-top-column elementor-element elementor-element-33be02ef\" data-id=\"33be02ef\" data-element_type=\"column\">\n\t\t\t<div class=\"elementor-widget-wrap elementor-element-populated\">\n\t\t\t\t\t\t\t\t<div class=\"elementor-element elementor-element-6c4a91f9 elementor-widget elementor-widget-text-editor\" data-id=\"6c4a91f9\" data-element_type=\"widget\" data-widget_type=\"text-editor.default\">\n\t\t\t\t<div class=\"elementor-widget-container\">\n\t\t\t<style>\/*! elementor - v3.10.1 - 17-01-2023 *\/\n.elementor-widget-text-editor.elementor-drop-cap-view-stacked .elementor-drop-cap{background-color:#818a91;color:#fff}.elementor-widget-text-editor.elementor-drop-cap-view-framed .elementor-drop-cap{color:#818a91;border:3px solid;background-color:transparent}.elementor-widget-text-editor:not(.elementor-drop-cap-view-default) .elementor-drop-cap{margin-top:8px}.elementor-widget-text-editor:not(.elementor-drop-cap-view-default) .elementor-drop-cap-letter{width:1em;height:1em}.elementor-widget-text-editor .elementor-drop-cap{float:left;text-align:center;line-height:1;font-size:50px}.elementor-widget-text-editor .elementor-drop-cap-letter{display:inline-block}<\/style>\t\t\t\t<p><strong>Pachuca, Hgo., 7 de marzo de 2024.-<\/strong>La legisladora Adelaida Mu\u00f1oz Jumilla la iniciativa con proyecto de decreto por el que se crea la Ley de Educaci\u00f3n Inicial del Estado de Hidalgo, que propone instrumentar las estrategias federales, para la atenci\u00f3n de la primera infancia, as\u00ed como establecer los mecanismos del estado para coadyuvar a la universalidad y la obligatoriedad del servicio educativo para las y los ni\u00f1os.<\/p><p>\u00a0La legisladora destac\u00f3 que la ley propuesta, est\u00e1 integrada por 34 art\u00edculos dividido en seis cap\u00edtulos que reflejan las disposiciones generales, los fines y principios de la educaci\u00f3n inicial, la importancia de la participaci\u00f3n de la familia, las modalidades que se imparten en la la contribuci\u00f3n y competencias de la autoridad educativa, as\u00ed como el financiamiento para los servicios educativos de la primera infancia.<\/p><p>Se\u00f1al\u00f3 la diputada Adelaida Mu\u00f1oz; \u201cCon esta propuesta se institucionaliza en la entidad la responsabilidad para concurrir con la obligatoriedad y ampliaci\u00f3n gradual de los servicios que brinda la educaci\u00f3n inicial, no se pretende establecer una carga presupuestal desmedida para el estado, al contrario, se busca genera las condiciones normativas para que se pueda implementar alternativas de financiamiento en favor de los servicios que se prestan a la primera infancia\u201d.<\/p><p>La diputada Elvia Sierra Vite dio lectura a la iniciativa que reforma la Ley de Victimas para el Estado de Hidalgo, que tiene como objeto garantizar que las personas v\u00edctimas de desaparici\u00f3n o alguna violaci\u00f3n a sus derechos humano, cuenten con el derecho a la memoria, a fin de mantener una secuencia de los acontecimientos y no volver a efectuar los hechos ocurridos.<\/p><p>Asimismo, el diputado Juan de Dios Pontigo Loyola, present\u00f3 la iniciativa que reforma la Ley de Prevenci\u00f3n del Delito para el Estado de Hidalgo, que busca incorporar en las estrategias de prevenci\u00f3n psicosocial como un componente integral, as\u00ed como el fortalecimiento de la prevenci\u00f3n situacional, social y comunitaria, armonizadas.<\/p><p>El diputado Rodrigo Castillo Mart\u00ednez dio lectura a la iniciativa que reforma la Ley Federal de Revocaci\u00f3n de Mandato que tienen como objetivo ajustar y clarificar el proceso de revocaci\u00f3n del mandato del presidente constitucional de los Estados Unidos Mexicanos.<\/p><p>Tambi\u00e9n dijo el representante popular que la reforma buscan establecer claramente los requisitos y procedimientos necesarios para que los ciudadanos puedan solicitar la revocaci\u00f3n del mandato, garantizando as\u00ed la transparencia y la participaci\u00f3n ciudadana en este proceso democr\u00e1tico.<\/p>\t\t\t\t\t\t<\/div>\n\t\t\t\t<\/div>\n\t\t\t\t\t<\/div>\n\t\t<\/div>\n\t\t\t\t\t\t\t<\/div>\n\t\t<\/section>\n\t\t\t\t\t\t\t<\/div>\n\t\t","protected":false},"excerpt":{"rendered":"<p>Pachuca, Hgo., 7 de marzo de 2024.-La legisladora Adelaida Mu\u00f1oz Jumilla la iniciativa con proyecto de decreto por el que se crea la Ley de Educaci\u00f3n Inicial del Estado de Hidalgo, que propone instrumentar las estrategias federales, para la atenci\u00f3n de la primera infancia, as\u00ed como establecer los mecanismos del estado para coadyuvar a la [&hellip;]<\/p>\n","protected":false},"author":1,"featured_media":44388,"comment_status":"closed","ping_status":"open","sticky":false,"template":"","format":"standard","meta":[],"categories":[9],"tags":[],"_links":{"self":[{"href":"https:\/\/www.septinoticias.com.mx\/index.php?rest_route=\/wp\/v2\/posts\/44386"}],"collection":[{"href":"https:\/\/www.septinoticias.com.mx\/index.php?rest_route=\/wp\/v2\/posts"}],"about":[{"href":"https:\/\/www.septinoticias.com.mx\/index.php?rest_route=\/wp\/v2\/types\/post"}],"author":[{"embeddable":true,"href":"https:\/\/www.septinoticias.com.mx\/index.php?rest_route=\/wp\/v2\/users\/1"}],"replies":[{"embeddable":true,"href":"https:\/\/www.septinoticias.com.mx\/index.php?rest_route=%2Fwp%2Fv2%2Fcomments&post=44386"}],"version-history":[{"count":4,"href":"https:\/\/www.septinoticias.com.mx\/index.php?rest_route=\/wp\/v2\/posts\/44386\/revisions"}],"predecessor-version":[{"id":44391,"href":"https:\/\/www.septinoticias.com.mx\/index.php?rest_route=\/wp\/v2\/posts\/44386\/revisions\/44391"}],"wp:featuredmedia":[{"embeddable":true,"href":"https:\/\/www.septinoticias.com.mx\/index.php?rest_route=\/wp\/v2\/media\/44388"}],"wp:attachment":[{"href":"https:\/\/www.septinoticias.com.mx\/index.php?rest_route=%2Fwp%2Fv2%2Fmedia&parent=44386"}],"wp:term":[{"taxonomy":"category","embeddable":true,"href":"https:\/\/www.septinoticias.com.mx\/index.php?rest_route=%2Fwp%2Fv2%2Fcategories&post=44386"},{"taxonomy":"post_tag","embeddable":true,"href":"https:\/\/www.septinoticias.com.mx\/index.php?rest_route=%2Fwp%2Fv2%2Ftags&post=44386"}],"curies":[{"name":"wp","href":"https:\/\/api.w.org\/{rel}","templated":true}]}}