{"id":44341,"date":"2024-03-08T17:01:01","date_gmt":"2024-03-08T17:01:01","guid":{"rendered":"https:\/\/www.septinoticias.com.mx\/?p=44341"},"modified":"2024-03-08T17:02:29","modified_gmt":"2024-03-08T17:02:29","slug":"mujeres-en-la-lucha-por-el-acceso-a-un-aborto-seguro-y-legal","status":"publish","type":"post","link":"https:\/\/www.septinoticias.com.mx\/?p=44341","title":{"rendered":"Mujeres en La Lucha Por El Acceso a Un Aborto Seguro y Legal"},"content":{"rendered":"\t\t<div data-elementor-type=\"wp-post\" data-elementor-id=\"44341\" class=\"elementor elementor-44341\">\n\t\t\t\t\t\t\t\t\t<section class=\"elementor-section elementor-top-section elementor-element elementor-element-20bbcd3b elementor-section-boxed elementor-section-height-default elementor-section-height-default\" data-id=\"20bbcd3b\" data-element_type=\"section\">\n\t\t\t\t\t\t<div class=\"elementor-container elementor-column-gap-default\">\n\t\t\t\t\t<div class=\"elementor-column elementor-col-100 elementor-top-column elementor-element elementor-element-33be02ef\" data-id=\"33be02ef\" data-element_type=\"column\">\n\t\t\t<div class=\"elementor-widget-wrap elementor-element-populated\">\n\t\t\t\t\t\t\t\t<div class=\"elementor-element elementor-element-6c4a91f9 elementor-widget elementor-widget-text-editor\" data-id=\"6c4a91f9\" data-element_type=\"widget\" data-widget_type=\"text-editor.default\">\n\t\t\t\t<div class=\"elementor-widget-container\">\n\t\t\t<style>\/*! elementor - v3.10.1 - 17-01-2023 *\/\n.elementor-widget-text-editor.elementor-drop-cap-view-stacked .elementor-drop-cap{background-color:#818a91;color:#fff}.elementor-widget-text-editor.elementor-drop-cap-view-framed .elementor-drop-cap{color:#818a91;border:3px solid;background-color:transparent}.elementor-widget-text-editor:not(.elementor-drop-cap-view-default) .elementor-drop-cap{margin-top:8px}.elementor-widget-text-editor:not(.elementor-drop-cap-view-default) .elementor-drop-cap-letter{width:1em;height:1em}.elementor-widget-text-editor .elementor-drop-cap{float:left;text-align:center;line-height:1;font-size:50px}.elementor-widget-text-editor .elementor-drop-cap-letter{display:inline-block}<\/style>\t\t\t\t<p><strong>-En el marco del D\u00eda Internacional de la Mujer que se conmemora el 8 de marzo el acceso al aborto seguro y legal debe ser accesible para todas las personas y reconocido como un derecho humano.<\/strong><\/p><p><strong>Ciudad de M\u00e9xico, 8 de marzo 2024.-<\/strong> En el marco del D\u00eda Internacional de la Mujer que se conmemora el 8 de marzo el acceso al aborto seguro y legal debe ser accesible para todas las personas y reconocido como un derecho humano, la falta de acceso al aborto seguro afecta mayormente a las mujeres j\u00f3venes, grupos marginados, personas en situaci\u00f3n de pobreza econ\u00f3mica y minor\u00edas sexuales y de g\u00e9nero, dijo el doctor Eduardo L\u00f3pez Ceh, integrante del cuerpo m\u00e9dico de Telefem.<\/p><p>En el marco del D\u00eda Internacional de la Mujer, que se conmemora el 8 de marzo, se\u00f1al\u00f3 que el acceso al aborto seguro y legal debe ser accesible para todas las personas y reconocido como un derecho humano, como se\u00f1ala la Organizaci\u00f3n Mundial de la Salud (OMS) y el Comit\u00e9 de Derechos Humanos de las Naciones Unidas.<\/p><p>\u201cLos grupos marginados, como personas de bajos ingresos, minor\u00edas \u00e9tnicas y migrantes, pueden tener dificultades para acceder a servicios de aborto seguro debido a barreras econ\u00f3micas y sociales; adem\u00e1s, las personas j\u00f3venes pueden enfrentar barreras adicionales para acceder a servicios de aborto debido a restricciones legales, falta de informaci\u00f3n y estigma social\u201d, advirti\u00f3.<\/p><p>Las personas en situaci\u00f3n de pobreza econ\u00f3mica son las m\u00e1s vulnerables por recurrir a abortos inseguros, mientras que las minor\u00edas sexuales y de g\u00e9nero pueden enfrentar discriminaci\u00f3n adicional al buscar servicios de aborto, lo que dificulta a\u00fan m\u00e1s su acceso a la atenci\u00f3n adecuada.<\/p><p>Decidir permite autonom\u00eda<\/p><p>Paula Rita Rivera N\u00fa\u00f1ez, gerente de operaciones de Telefem, dijo que la conmemoraci\u00f3n del D\u00eda Internacional de la Mujer es una oportunidad para abogar por estos derechos y luchar contra la discriminaci\u00f3n y los estigmas relacionados con el aborto.<\/p><p>\u201cLa importancia est\u00e1 en poder ejercer un derecho tan importante como los derechos sexuales y reproductivos, decidir permite autonom\u00eda, cumplir metas en la vida de la persona, respetar su derecho a no ser juzgado por las decisiones que tome\u201d, advirti\u00f3.<\/p><p>\u00a0El derecho a la salud, la autonom\u00eda reproductiva y la igualdad de g\u00e9nero se presenta como una oportunidad para destacar la importancia del acceso al aborto seguro y legal como un componente crucial de los derechos reproductivos y de g\u00e9nero.<\/p><p>Rivera N\u00fa\u00f1ez destac\u00f3 la importancia de las organizaciones civiles, como Telefem, que ofrecen consejer\u00eda y conectan con especialistas para dar orientaci\u00f3n m\u00e9dica a las mujeres y personas gestantes en los procesos de aborto.<\/p><p>En Telefem se ofrece una orientaci\u00f3n m\u00e9dica con personal capacitado e informaci\u00f3n fidedigna y confiable que permite a la persona realizar el proceso de interrupci\u00f3n del embarazo de forma an\u00f3nima, segura y eficaz, lo que permite que sea muy f\u00e1cil y econ\u00f3micamente accesible.<\/p><p>\u201cCuando se brinda el servicio de interrupci\u00f3n del embarazo con medicamentos acompa\u00f1ados y no se juzga ni se cuestiona a la mujer, se impide la revictimizaci\u00f3n de la usuaria y esto es muy importante, en el marco del respeto de los derechos humanos\u201d, dijo Rivera N\u00fa\u00f1ez.<\/p><p>Finalmente, los especialistas en materia de salud sexual se\u00f1alaron que las personas pueden contactar a Telefem para recibir orientaci\u00f3n m\u00e9dica a trav\u00e9s de la p\u00e1gina telefem.org o en su WhatsApp el cual se encuentra en la misma p\u00e1gina, para dar seguimiento a sus dudas y recibir informaci\u00f3n precisa y cient\u00edfica, de forma an\u00f3nima y confidencial.<\/p>\t\t\t\t\t\t<\/div>\n\t\t\t\t<\/div>\n\t\t\t\t\t<\/div>\n\t\t<\/div>\n\t\t\t\t\t\t\t<\/div>\n\t\t<\/section>\n\t\t\t\t\t\t\t<\/div>\n\t\t","protected":false},"excerpt":{"rendered":"<p>-En el marco del D\u00eda Internacional de la Mujer que se conmemora el 8 de marzo el acceso al aborto seguro y legal debe ser accesible para todas las personas y reconocido como un derecho humano. Ciudad de M\u00e9xico, 8 de marzo 2024.- En el marco del D\u00eda Internacional de la Mujer que se conmemora [&hellip;]<\/p>\n","protected":false},"author":1,"featured_media":44343,"comment_status":"closed","ping_status":"open","sticky":false,"template":"","format":"standard","meta":[],"categories":[4],"tags":[],"_links":{"self":[{"href":"https:\/\/www.septinoticias.com.mx\/index.php?rest_route=\/wp\/v2\/posts\/44341"}],"collection":[{"href":"https:\/\/www.septinoticias.com.mx\/index.php?rest_route=\/wp\/v2\/posts"}],"about":[{"href":"https:\/\/www.septinoticias.com.mx\/index.php?rest_route=\/wp\/v2\/types\/post"}],"author":[{"embeddable":true,"href":"https:\/\/www.septinoticias.com.mx\/index.php?rest_route=\/wp\/v2\/users\/1"}],"replies":[{"embeddable":true,"href":"https:\/\/www.septinoticias.com.mx\/index.php?rest_route=%2Fwp%2Fv2%2Fcomments&post=44341"}],"version-history":[{"count":4,"href":"https:\/\/www.septinoticias.com.mx\/index.php?rest_route=\/wp\/v2\/posts\/44341\/revisions"}],"predecessor-version":[{"id":44346,"href":"https:\/\/www.septinoticias.com.mx\/index.php?rest_route=\/wp\/v2\/posts\/44341\/revisions\/44346"}],"wp:featuredmedia":[{"embeddable":true,"href":"https:\/\/www.septinoticias.com.mx\/index.php?rest_route=\/wp\/v2\/media\/44343"}],"wp:attachment":[{"href":"https:\/\/www.septinoticias.com.mx\/index.php?rest_route=%2Fwp%2Fv2%2Fmedia&parent=44341"}],"wp:term":[{"taxonomy":"category","embeddable":true,"href":"https:\/\/www.septinoticias.com.mx\/index.php?rest_route=%2Fwp%2Fv2%2Fcategories&post=44341"},{"taxonomy":"post_tag","embeddable":true,"href":"https:\/\/www.septinoticias.com.mx\/index.php?rest_route=%2Fwp%2Fv2%2Ftags&post=44341"}],"curies":[{"name":"wp","href":"https:\/\/api.w.org\/{rel}","templated":true}]}}