{"id":44317,"date":"2024-03-08T16:50:49","date_gmt":"2024-03-08T16:50:49","guid":{"rendered":"https:\/\/www.septinoticias.com.mx\/?p=44317"},"modified":"2024-03-08T16:51:34","modified_gmt":"2024-03-08T16:51:34","slug":"instancia-municipal-de-las-mujeres-tendra-varias-actividades-durante-marzo","status":"publish","type":"post","link":"https:\/\/www.septinoticias.com.mx\/?p=44317","title":{"rendered":"Instancia Municipal de las Mujeres tendr\u00e1 varias actividades durante marzo"},"content":{"rendered":"\t\t<div data-elementor-type=\"wp-post\" data-elementor-id=\"44317\" class=\"elementor elementor-44317\">\n\t\t\t\t\t\t\t\t\t<section class=\"elementor-section elementor-top-section elementor-element elementor-element-20bbcd3b elementor-section-boxed elementor-section-height-default elementor-section-height-default\" data-id=\"20bbcd3b\" data-element_type=\"section\">\n\t\t\t\t\t\t<div class=\"elementor-container elementor-column-gap-default\">\n\t\t\t\t\t<div class=\"elementor-column elementor-col-100 elementor-top-column elementor-element elementor-element-33be02ef\" data-id=\"33be02ef\" data-element_type=\"column\">\n\t\t\t<div class=\"elementor-widget-wrap elementor-element-populated\">\n\t\t\t\t\t\t\t\t<div class=\"elementor-element elementor-element-6c4a91f9 elementor-widget elementor-widget-text-editor\" data-id=\"6c4a91f9\" data-element_type=\"widget\" data-widget_type=\"text-editor.default\">\n\t\t\t\t<div class=\"elementor-widget-container\">\n\t\t\t<style>\/*! elementor - v3.10.1 - 17-01-2023 *\/\n.elementor-widget-text-editor.elementor-drop-cap-view-stacked .elementor-drop-cap{background-color:#818a91;color:#fff}.elementor-widget-text-editor.elementor-drop-cap-view-framed .elementor-drop-cap{color:#818a91;border:3px solid;background-color:transparent}.elementor-widget-text-editor:not(.elementor-drop-cap-view-default) .elementor-drop-cap{margin-top:8px}.elementor-widget-text-editor:not(.elementor-drop-cap-view-default) .elementor-drop-cap-letter{width:1em;height:1em}.elementor-widget-text-editor .elementor-drop-cap{float:left;text-align:center;line-height:1;font-size:50px}.elementor-widget-text-editor .elementor-drop-cap-letter{display:inline-block}<\/style>\t\t\t\t<p><strong>-Conmemoran el D\u00eda Internacional de la Mujer con una serie de actividades<\/strong><\/p><p><strong>Tulancingo, Hgo.4 de marzo de 2024.-<\/strong> Con la intenci\u00f3n de conmemorar el D\u00eda Internacional de las Mujeres, la administraci\u00f3n municipal, tienen prevista una serie de actividades para que, a trav\u00e9s de la Instancia Municipal de las Mujeres se lleven a cabo en la sede de dicha dependencia y otros espacios.<\/p><p>Por ello, desde el comienzo del mes de marzo, han iniciado una serie de actividades, las cuales est\u00e1n encaminadas a reconocer la importancia de las f\u00e9minas en nuestra sociedad y el empoderamiento que han alcanzado<\/p><p>Las actividades han dado comienzo con una serie de conferencias y pl\u00e1ticas en diferentes puntos y el evento recreativo se realiz\u00f3 el pasado domingo con una carrera de 5 kil\u00f3metros, teniendo como meta y salida las instalaciones de la antigua estaci\u00f3n del ferrocarril.<\/p><p>El d\u00eda 8 de marzo, fecha de la conmemoraci\u00f3n del D\u00eda Internacional de la Mujer, se tiene prevista una pl\u00e1tica en el Centro de Reinserci\u00f3n Social de Tulancingo (CERESO); y en la Telesecundaria, n\u00famero 29, ubicada en la colonia Jardines del Sur, con la ponencia denominada: \u201cEmpoderamiento femenino desde la autoestima\u201d<\/p><p>Las acciones de reconocimiento a las mujeres continuar\u00e1n durante todo el mes de marzo, en diversos puntos, como a la instancia Municipal de las Mujeres y escuelas que se han sumado a estas acciones, as\u00ed como corporaciones, como es la Cruz Roja, donde en fecha pr\u00f3xima se tendr\u00e1 otro curso de primeros auxilios.<\/p><p>Sin duda, el mes de marzo tendr\u00e1 una serie de actividades en favor del reconocimiento a las mujeres, en donde se llevar\u00e1n a cabo diversas actividades para reconocer la importancia de la mujer en la sociedad mexicana y a nivel mundial, se\u00f1al\u00f3 la directora de la instancia.<\/p>\t\t\t\t\t\t<\/div>\n\t\t\t\t<\/div>\n\t\t\t\t\t<\/div>\n\t\t<\/div>\n\t\t\t\t\t\t\t<\/div>\n\t\t<\/section>\n\t\t\t\t\t\t\t<\/div>\n\t\t","protected":false},"excerpt":{"rendered":"<p>-Conmemoran el D\u00eda Internacional de la Mujer con una serie de actividades Tulancingo, Hgo.4 de marzo de 2024.- Con la intenci\u00f3n de conmemorar el D\u00eda Internacional de las Mujeres, la administraci\u00f3n municipal, tienen prevista una serie de actividades para que, a trav\u00e9s de la Instancia Municipal de las Mujeres se lleven a cabo en la [&hellip;]<\/p>\n","protected":false},"author":1,"featured_media":44319,"comment_status":"closed","ping_status":"open","sticky":false,"template":"","format":"standard","meta":[],"categories":[7],"tags":[],"_links":{"self":[{"href":"https:\/\/www.septinoticias.com.mx\/index.php?rest_route=\/wp\/v2\/posts\/44317"}],"collection":[{"href":"https:\/\/www.septinoticias.com.mx\/index.php?rest_route=\/wp\/v2\/posts"}],"about":[{"href":"https:\/\/www.septinoticias.com.mx\/index.php?rest_route=\/wp\/v2\/types\/post"}],"author":[{"embeddable":true,"href":"https:\/\/www.septinoticias.com.mx\/index.php?rest_route=\/wp\/v2\/users\/1"}],"replies":[{"embeddable":true,"href":"https:\/\/www.septinoticias.com.mx\/index.php?rest_route=%2Fwp%2Fv2%2Fcomments&post=44317"}],"version-history":[{"count":4,"href":"https:\/\/www.septinoticias.com.mx\/index.php?rest_route=\/wp\/v2\/posts\/44317\/revisions"}],"predecessor-version":[{"id":44322,"href":"https:\/\/www.septinoticias.com.mx\/index.php?rest_route=\/wp\/v2\/posts\/44317\/revisions\/44322"}],"wp:featuredmedia":[{"embeddable":true,"href":"https:\/\/www.septinoticias.com.mx\/index.php?rest_route=\/wp\/v2\/media\/44319"}],"wp:attachment":[{"href":"https:\/\/www.septinoticias.com.mx\/index.php?rest_route=%2Fwp%2Fv2%2Fmedia&parent=44317"}],"wp:term":[{"taxonomy":"category","embeddable":true,"href":"https:\/\/www.septinoticias.com.mx\/index.php?rest_route=%2Fwp%2Fv2%2Fcategories&post=44317"},{"taxonomy":"post_tag","embeddable":true,"href":"https:\/\/www.septinoticias.com.mx\/index.php?rest_route=%2Fwp%2Fv2%2Ftags&post=44317"}],"curies":[{"name":"wp","href":"https:\/\/api.w.org\/{rel}","templated":true}]}}