{"id":44305,"date":"2024-03-08T16:47:34","date_gmt":"2024-03-08T16:47:34","guid":{"rendered":"https:\/\/www.septinoticias.com.mx\/?p=44305"},"modified":"2024-03-08T16:49:20","modified_gmt":"2024-03-08T16:49:20","slug":"la-uecs-aseguro-a-dos-personas-por-secuestro-agravado-en-progreso-de-obregon","status":"publish","type":"post","link":"https:\/\/www.septinoticias.com.mx\/?p=44305","title":{"rendered":"La UECS Asegur\u00f3 a dos personas por Secuestro Agravado en Progreso de Obreg\u00f3n"},"content":{"rendered":"\t\t<div data-elementor-type=\"wp-post\" data-elementor-id=\"44305\" class=\"elementor elementor-44305\">\n\t\t\t\t\t\t\t\t\t<section class=\"elementor-section elementor-top-section elementor-element elementor-element-20bbcd3b elementor-section-boxed elementor-section-height-default elementor-section-height-default\" data-id=\"20bbcd3b\" data-element_type=\"section\">\n\t\t\t\t\t\t<div class=\"elementor-container elementor-column-gap-default\">\n\t\t\t\t\t<div class=\"elementor-column elementor-col-100 elementor-top-column elementor-element elementor-element-33be02ef\" data-id=\"33be02ef\" data-element_type=\"column\">\n\t\t\t<div class=\"elementor-widget-wrap elementor-element-populated\">\n\t\t\t\t\t\t\t\t<div class=\"elementor-element elementor-element-6c4a91f9 elementor-widget elementor-widget-text-editor\" data-id=\"6c4a91f9\" data-element_type=\"widget\" data-widget_type=\"text-editor.default\">\n\t\t\t\t<div class=\"elementor-widget-container\">\n\t\t\t<style>\/*! elementor - v3.10.1 - 17-01-2023 *\/\n.elementor-widget-text-editor.elementor-drop-cap-view-stacked .elementor-drop-cap{background-color:#818a91;color:#fff}.elementor-widget-text-editor.elementor-drop-cap-view-framed .elementor-drop-cap{color:#818a91;border:3px solid;background-color:transparent}.elementor-widget-text-editor:not(.elementor-drop-cap-view-default) .elementor-drop-cap{margin-top:8px}.elementor-widget-text-editor:not(.elementor-drop-cap-view-default) .elementor-drop-cap-letter{width:1em;height:1em}.elementor-widget-text-editor .elementor-drop-cap{float:left;text-align:center;line-height:1;font-size:50px}.elementor-widget-text-editor .elementor-drop-cap-letter{display:inline-block}<\/style>\t\t\t\t<p><strong>Pachuca, Hgo., 7 de marzo de 2024.-<\/strong>Elementos de investigaci\u00f3n de la Unidad Especializada en el Combate al Secuestro (UECS) de la Procuradur\u00eda General de Justicia del Estado de Hidalgo (PGJEH) detuvieron mediante orden de aprehensi\u00f3n a dos personas identificadas con iniciales M. G. D., y A. S. Z., investigadas por secuestro agravado, ocurrido el pasado 27 de febrero en Progreso de Obreg\u00f3n.<\/p><p>Derivado de los actos de investigaci\u00f3n coordinados por agentes del Ministerio P\u00fablico adscritos a la UECS y de datos de prueba de los que se alleg\u00f3 esta representaci\u00f3n social, se determin\u00f3 la identidad de las personas antes referidas, por quienes se solicitaron las \u00f3rdenes de aprehensi\u00f3n, mismas que fueron otorgadas por un juez de control y posteriormente ejecutadas por personal ministerial.<\/p><p>Se investiga a M. G. D., y A. S. Z., por su participaci\u00f3n en el secuestro de una persona que a trav\u00e9s de un operativo t\u00e1ctico y de inteligencia, fue rescatada con vida en una casa de seguridad en la localidad de Xochitl\u00e1n, municipio de Progreso de Obreg\u00f3n y donde fueron detenidas en flagrancia tres personas de iniciales J. P. S. M., J. C. M. F. y L. F. U. P.; hasta el momento suman cinco presuntos implicados que est\u00e1n sujetos a investigaci\u00f3n.<\/p>\t\t\t\t\t\t<\/div>\n\t\t\t\t<\/div>\n\t\t\t\t\t<\/div>\n\t\t<\/div>\n\t\t\t\t\t\t\t<\/div>\n\t\t<\/section>\n\t\t\t\t\t\t\t<\/div>\n\t\t","protected":false},"excerpt":{"rendered":"<p>Pachuca, Hgo., 7 de marzo de 2024.-Elementos de investigaci\u00f3n de la Unidad Especializada en el Combate al Secuestro (UECS) de la Procuradur\u00eda General de Justicia del Estado de Hidalgo (PGJEH) detuvieron mediante orden de aprehensi\u00f3n a dos personas identificadas con iniciales M. G. D., y A. S. Z., investigadas por secuestro agravado, ocurrido el pasado [&hellip;]<\/p>\n","protected":false},"author":1,"featured_media":44307,"comment_status":"closed","ping_status":"open","sticky":false,"template":"","format":"standard","meta":[],"categories":[29],"tags":[],"_links":{"self":[{"href":"https:\/\/www.septinoticias.com.mx\/index.php?rest_route=\/wp\/v2\/posts\/44305"}],"collection":[{"href":"https:\/\/www.septinoticias.com.mx\/index.php?rest_route=\/wp\/v2\/posts"}],"about":[{"href":"https:\/\/www.septinoticias.com.mx\/index.php?rest_route=\/wp\/v2\/types\/post"}],"author":[{"embeddable":true,"href":"https:\/\/www.septinoticias.com.mx\/index.php?rest_route=\/wp\/v2\/users\/1"}],"replies":[{"embeddable":true,"href":"https:\/\/www.septinoticias.com.mx\/index.php?rest_route=%2Fwp%2Fv2%2Fcomments&post=44305"}],"version-history":[{"count":4,"href":"https:\/\/www.septinoticias.com.mx\/index.php?rest_route=\/wp\/v2\/posts\/44305\/revisions"}],"predecessor-version":[{"id":44310,"href":"https:\/\/www.septinoticias.com.mx\/index.php?rest_route=\/wp\/v2\/posts\/44305\/revisions\/44310"}],"wp:featuredmedia":[{"embeddable":true,"href":"https:\/\/www.septinoticias.com.mx\/index.php?rest_route=\/wp\/v2\/media\/44307"}],"wp:attachment":[{"href":"https:\/\/www.septinoticias.com.mx\/index.php?rest_route=%2Fwp%2Fv2%2Fmedia&parent=44305"}],"wp:term":[{"taxonomy":"category","embeddable":true,"href":"https:\/\/www.septinoticias.com.mx\/index.php?rest_route=%2Fwp%2Fv2%2Fcategories&post=44305"},{"taxonomy":"post_tag","embeddable":true,"href":"https:\/\/www.septinoticias.com.mx\/index.php?rest_route=%2Fwp%2Fv2%2Ftags&post=44305"}],"curies":[{"name":"wp","href":"https:\/\/api.w.org\/{rel}","templated":true}]}}