{"id":44287,"date":"2024-03-07T16:45:32","date_gmt":"2024-03-07T16:45:32","guid":{"rendered":"https:\/\/www.septinoticias.com.mx\/?p=44287"},"modified":"2024-03-07T16:46:34","modified_gmt":"2024-03-07T16:46:34","slug":"solucion-al-anejo-problema-de-tierras-en-capula-se-alcanzo-un-acuerdo-y-ya-se-gestionan-escrituras-para-los-poseedores","status":"publish","type":"post","link":"https:\/\/www.septinoticias.com.mx\/?p=44287","title":{"rendered":"Soluci\u00f3n al A\u00f1ejo Problema de Tierras en Capula, se Alcanz\u00f3 un Acuerdo y ya se Gestionan Escrituras para los Poseedores"},"content":{"rendered":"\t\t<div data-elementor-type=\"wp-post\" data-elementor-id=\"44287\" class=\"elementor elementor-44287\">\n\t\t\t\t\t\t\t\t\t<section class=\"elementor-section elementor-top-section elementor-element elementor-element-20bbcd3b elementor-section-boxed elementor-section-height-default elementor-section-height-default\" data-id=\"20bbcd3b\" data-element_type=\"section\">\n\t\t\t\t\t\t<div class=\"elementor-container elementor-column-gap-default\">\n\t\t\t\t\t<div class=\"elementor-column elementor-col-100 elementor-top-column elementor-element elementor-element-33be02ef\" data-id=\"33be02ef\" data-element_type=\"column\">\n\t\t\t<div class=\"elementor-widget-wrap elementor-element-populated\">\n\t\t\t\t\t\t\t\t<div class=\"elementor-element elementor-element-6c4a91f9 elementor-widget elementor-widget-text-editor\" data-id=\"6c4a91f9\" data-element_type=\"widget\" data-widget_type=\"text-editor.default\">\n\t\t\t\t<div class=\"elementor-widget-container\">\n\t\t\t<style>\/*! elementor - v3.10.1 - 17-01-2023 *\/\n.elementor-widget-text-editor.elementor-drop-cap-view-stacked .elementor-drop-cap{background-color:#818a91;color:#fff}.elementor-widget-text-editor.elementor-drop-cap-view-framed .elementor-drop-cap{color:#818a91;border:3px solid;background-color:transparent}.elementor-widget-text-editor:not(.elementor-drop-cap-view-default) .elementor-drop-cap{margin-top:8px}.elementor-widget-text-editor:not(.elementor-drop-cap-view-default) .elementor-drop-cap-letter{width:1em;height:1em}.elementor-widget-text-editor .elementor-drop-cap{float:left;text-align:center;line-height:1;font-size:50px}.elementor-widget-text-editor .elementor-drop-cap-letter{display:inline-block}<\/style>\t\t\t\t<p><strong>Capula, Hgo., 6 de marzo 2023.-<\/strong> Guillermo Olivares Reyna aseguro respecto al problema de tierras en Capula asegur\u00f3 al final del dialogo que se\u00a0 \u00a0redactara una minuta de los acuerdos tomados, que ya se estableci\u00f3 el acuerdo vamos a proceder de inmediato se impulsara a autoridades federales vamos a apoyar a esta gente para que cuente con escritura en corto tiempo<\/p><p>Luego explico Entendemos que el problema data de muchos a\u00f1os\u00a0\u00a0 se vinieron arrastrando y de pronto hace crisis este documento se remitir\u00e1 al gobierno federal Este gobierno se ha distinguido por resolver problemas del pasado y seguramente que pronto tendr\u00e1n una<\/p><p>Previo al arribo del secretario de Gobierno, Miguel \u00c1ngel Tello y Francisco Fern\u00e1ndez Hasbun buscaron la mediaci\u00f3n del conflicto en medio de la manifestaci\u00f3n.<\/p><p>Primero fue el titular de la Unidad de Planeaci\u00f3n y Prospectiva quien refiri\u00f3 que el caso era de \u00edndole federal, con la Conagua; despu\u00e9s fue el procurador quien propuso dialogar con una comitiva en las oficinas de la PGJEH.<\/p><p>\u201cLa Conagua adjudica que ellos son due\u00f1os, pero nunca han sido due\u00f1os, nosotros siempre hemos tenido esas tierras\u201d, acus\u00f3 Pablo Ajero, l\u00edder de los manifestantes, en respuesta a los funcionarios.<\/p><p>Tras la no soluci\u00f3n inmediata, requirieron la presencia de funcionarios de la Conagua y del Indabi.<\/p><p>Al final fue Guillermo Olivares, acompa\u00f1ado de otros subsecretarios, quien acord\u00f3 la soluci\u00f3n de escrituraci\u00f3n en un periodo de seis meses.<\/p>\t\t\t\t\t\t<\/div>\n\t\t\t\t<\/div>\n\t\t\t\t\t<\/div>\n\t\t<\/div>\n\t\t\t\t\t\t\t<\/div>\n\t\t<\/section>\n\t\t\t\t\t\t\t<\/div>\n\t\t","protected":false},"excerpt":{"rendered":"<p>Capula, Hgo., 6 de marzo 2023.- Guillermo Olivares Reyna aseguro respecto al problema de tierras en Capula asegur\u00f3 al final del dialogo que se\u00a0 \u00a0redactara una minuta de los acuerdos tomados, que ya se estableci\u00f3 el acuerdo vamos a proceder de inmediato se impulsara a autoridades federales vamos a apoyar a esta gente para que [&hellip;]<\/p>\n","protected":false},"author":1,"featured_media":44289,"comment_status":"closed","ping_status":"open","sticky":false,"template":"","format":"standard","meta":[],"categories":[9],"tags":[],"_links":{"self":[{"href":"https:\/\/www.septinoticias.com.mx\/index.php?rest_route=\/wp\/v2\/posts\/44287"}],"collection":[{"href":"https:\/\/www.septinoticias.com.mx\/index.php?rest_route=\/wp\/v2\/posts"}],"about":[{"href":"https:\/\/www.septinoticias.com.mx\/index.php?rest_route=\/wp\/v2\/types\/post"}],"author":[{"embeddable":true,"href":"https:\/\/www.septinoticias.com.mx\/index.php?rest_route=\/wp\/v2\/users\/1"}],"replies":[{"embeddable":true,"href":"https:\/\/www.septinoticias.com.mx\/index.php?rest_route=%2Fwp%2Fv2%2Fcomments&post=44287"}],"version-history":[{"count":4,"href":"https:\/\/www.septinoticias.com.mx\/index.php?rest_route=\/wp\/v2\/posts\/44287\/revisions"}],"predecessor-version":[{"id":44292,"href":"https:\/\/www.septinoticias.com.mx\/index.php?rest_route=\/wp\/v2\/posts\/44287\/revisions\/44292"}],"wp:featuredmedia":[{"embeddable":true,"href":"https:\/\/www.septinoticias.com.mx\/index.php?rest_route=\/wp\/v2\/media\/44289"}],"wp:attachment":[{"href":"https:\/\/www.septinoticias.com.mx\/index.php?rest_route=%2Fwp%2Fv2%2Fmedia&parent=44287"}],"wp:term":[{"taxonomy":"category","embeddable":true,"href":"https:\/\/www.septinoticias.com.mx\/index.php?rest_route=%2Fwp%2Fv2%2Fcategories&post=44287"},{"taxonomy":"post_tag","embeddable":true,"href":"https:\/\/www.septinoticias.com.mx\/index.php?rest_route=%2Fwp%2Fv2%2Ftags&post=44287"}],"curies":[{"name":"wp","href":"https:\/\/api.w.org\/{rel}","templated":true}]}}