{"id":44150,"date":"2024-03-06T15:34:11","date_gmt":"2024-03-06T15:34:11","guid":{"rendered":"https:\/\/www.septinoticias.com.mx\/?p=44150"},"modified":"2024-03-06T15:37:56","modified_gmt":"2024-03-06T15:37:56","slug":"centro-de-desarrollo-comunitario-poligonos-presenta-no-soy-la-mujer-de-tu-vida-soy-la-mujer-de-la-mia","status":"publish","type":"post","link":"https:\/\/www.septinoticias.com.mx\/?p=44150","title":{"rendered":"Centro de Desarrollo Comunitario Pol\u00edgonos Presenta  \u201cNo soy la mujer de tu vida, soy la mujer de la m\u00eda\u201d"},"content":{"rendered":"\t\t<div data-elementor-type=\"wp-post\" data-elementor-id=\"44150\" class=\"elementor elementor-44150\">\n\t\t\t\t\t\t\t\t\t<section class=\"elementor-section elementor-top-section elementor-element elementor-element-20bbcd3b elementor-section-boxed elementor-section-height-default elementor-section-height-default\" data-id=\"20bbcd3b\" data-element_type=\"section\">\n\t\t\t\t\t\t<div class=\"elementor-container elementor-column-gap-default\">\n\t\t\t\t\t<div class=\"elementor-column elementor-col-100 elementor-top-column elementor-element elementor-element-33be02ef\" data-id=\"33be02ef\" data-element_type=\"column\">\n\t\t\t<div class=\"elementor-widget-wrap elementor-element-populated\">\n\t\t\t\t\t\t\t\t<div class=\"elementor-element elementor-element-6c4a91f9 elementor-widget elementor-widget-text-editor\" data-id=\"6c4a91f9\" data-element_type=\"widget\" data-widget_type=\"text-editor.default\">\n\t\t\t\t<div class=\"elementor-widget-container\">\n\t\t\t<style>\/*! elementor - v3.10.1 - 17-01-2023 *\/\n.elementor-widget-text-editor.elementor-drop-cap-view-stacked .elementor-drop-cap{background-color:#818a91;color:#fff}.elementor-widget-text-editor.elementor-drop-cap-view-framed .elementor-drop-cap{color:#818a91;border:3px solid;background-color:transparent}.elementor-widget-text-editor:not(.elementor-drop-cap-view-default) .elementor-drop-cap{margin-top:8px}.elementor-widget-text-editor:not(.elementor-drop-cap-view-default) .elementor-drop-cap-letter{width:1em;height:1em}.elementor-widget-text-editor .elementor-drop-cap{float:left;text-align:center;line-height:1;font-size:50px}.elementor-widget-text-editor .elementor-drop-cap-letter{display:inline-block}<\/style>\t\t\t\t<p><strong>Tulancingo, Hgo. 4 de marzo de 2024.-<\/strong>Este ocho de marzo, con motivo del D\u00eda Internacional de la Mujer, el Centro de Desarrollo Comunitario Pol\u00edgonos, efectuar\u00e1 la actividad denominada: \u201cNo soy la mujer de tu vida, soy la mujer de la m\u00eda\u201d, consistente en una ceremonia de emociones libres y meditaci\u00f3n.<\/p><p>De esta manera, bajo la frase: \u201cA ti que sue\u00f1as, luchas y trabajas d\u00eda a d\u00eda, \u00e1mate siempre\u201d, se invita a las mujeres a que acudan al pol\u00edgono de Jaltepec.<\/p><p>El \u00fanico requisito es que vayan vestidas totalmente con ropa blanca, donde adem\u00e1s se les consentir\u00e1 por esta importante fecha.<\/p><p>Cabe citar que, esta actividad ser\u00e1 realizada por una terapeuta, y el objetivo es que las asistentes expresen su sentir ante otras mujeres en un C\u00edrculo de Emociones.<\/p><p>Al t\u00e9rmino de la ceremonia meditar\u00e1n por un tiempo, para reflexionar y sentirse mejor, record\u00e1ndose que lo m\u00e1s relevante para ser una mejor persona es quererse a s\u00ed mismas.<\/p><p>Por otra parte, en el pol\u00edgono de la Guadalupe, el pasado lunes comenz\u00f3 el curso de barber\u00eda con certificaci\u00f3n, el cual se lleva a cabo con el apoyo del Instituto de Capacitaci\u00f3n para el Trabajo del Estado de Hidalgo, (ICATHI).<\/p>\t\t\t\t\t\t<\/div>\n\t\t\t\t<\/div>\n\t\t\t\t\t<\/div>\n\t\t<\/div>\n\t\t\t\t\t\t\t<\/div>\n\t\t<\/section>\n\t\t\t\t\t\t\t<\/div>\n\t\t","protected":false},"excerpt":{"rendered":"<p>Tulancingo, Hgo. 4 de marzo de 2024.-Este ocho de marzo, con motivo del D\u00eda Internacional de la Mujer, el Centro de Desarrollo Comunitario Pol\u00edgonos, efectuar\u00e1 la actividad denominada: \u201cNo soy la mujer de tu vida, soy la mujer de la m\u00eda\u201d, consistente en una ceremonia de emociones libres y meditaci\u00f3n. De esta manera, bajo la [&hellip;]<\/p>\n","protected":false},"author":1,"featured_media":44152,"comment_status":"closed","ping_status":"open","sticky":false,"template":"","format":"standard","meta":[],"categories":[7],"tags":[],"_links":{"self":[{"href":"https:\/\/www.septinoticias.com.mx\/index.php?rest_route=\/wp\/v2\/posts\/44150"}],"collection":[{"href":"https:\/\/www.septinoticias.com.mx\/index.php?rest_route=\/wp\/v2\/posts"}],"about":[{"href":"https:\/\/www.septinoticias.com.mx\/index.php?rest_route=\/wp\/v2\/types\/post"}],"author":[{"embeddable":true,"href":"https:\/\/www.septinoticias.com.mx\/index.php?rest_route=\/wp\/v2\/users\/1"}],"replies":[{"embeddable":true,"href":"https:\/\/www.septinoticias.com.mx\/index.php?rest_route=%2Fwp%2Fv2%2Fcomments&post=44150"}],"version-history":[{"count":4,"href":"https:\/\/www.septinoticias.com.mx\/index.php?rest_route=\/wp\/v2\/posts\/44150\/revisions"}],"predecessor-version":[{"id":44155,"href":"https:\/\/www.septinoticias.com.mx\/index.php?rest_route=\/wp\/v2\/posts\/44150\/revisions\/44155"}],"wp:featuredmedia":[{"embeddable":true,"href":"https:\/\/www.septinoticias.com.mx\/index.php?rest_route=\/wp\/v2\/media\/44152"}],"wp:attachment":[{"href":"https:\/\/www.septinoticias.com.mx\/index.php?rest_route=%2Fwp%2Fv2%2Fmedia&parent=44150"}],"wp:term":[{"taxonomy":"category","embeddable":true,"href":"https:\/\/www.septinoticias.com.mx\/index.php?rest_route=%2Fwp%2Fv2%2Fcategories&post=44150"},{"taxonomy":"post_tag","embeddable":true,"href":"https:\/\/www.septinoticias.com.mx\/index.php?rest_route=%2Fwp%2Fv2%2Ftags&post=44150"}],"curies":[{"name":"wp","href":"https:\/\/api.w.org\/{rel}","templated":true}]}}