{"id":44125,"date":"2024-03-05T17:38:23","date_gmt":"2024-03-05T17:38:23","guid":{"rendered":"https:\/\/www.septinoticias.com.mx\/?p=44125"},"modified":"2024-03-05T17:42:35","modified_gmt":"2024-03-05T17:42:35","slug":"claudia-sheinbaum-pardo-prometio-descontaminar-al-rio-tula-en-caso-de-ganar-los-comicios-del-proximo-2-de-junio","status":"publish","type":"post","link":"https:\/\/www.septinoticias.com.mx\/?p=44125","title":{"rendered":"Claudia Sheinbaum Pardo, Prometi\u00f3 Descontaminar al R\u00edo Tula, en Caso de Ganar Los Comicios del Pr\u00f3ximo 2 de Junio"},"content":{"rendered":"\t\t<div data-elementor-type=\"wp-post\" data-elementor-id=\"44125\" class=\"elementor elementor-44125\">\n\t\t\t\t\t\t\t\t\t<section class=\"elementor-section elementor-top-section elementor-element elementor-element-20bbcd3b elementor-section-boxed elementor-section-height-default elementor-section-height-default\" data-id=\"20bbcd3b\" data-element_type=\"section\">\n\t\t\t\t\t\t<div class=\"elementor-container elementor-column-gap-default\">\n\t\t\t\t\t<div class=\"elementor-column elementor-col-100 elementor-top-column elementor-element elementor-element-33be02ef\" data-id=\"33be02ef\" data-element_type=\"column\">\n\t\t\t<div class=\"elementor-widget-wrap elementor-element-populated\">\n\t\t\t\t\t\t\t\t<div class=\"elementor-element elementor-element-6c4a91f9 elementor-widget elementor-widget-text-editor\" data-id=\"6c4a91f9\" data-element_type=\"widget\" data-widget_type=\"text-editor.default\">\n\t\t\t\t<div class=\"elementor-widget-container\">\n\t\t\t<style>\/*! elementor - v3.10.1 - 17-01-2023 *\/\n.elementor-widget-text-editor.elementor-drop-cap-view-stacked .elementor-drop-cap{background-color:#818a91;color:#fff}.elementor-widget-text-editor.elementor-drop-cap-view-framed .elementor-drop-cap{color:#818a91;border:3px solid;background-color:transparent}.elementor-widget-text-editor:not(.elementor-drop-cap-view-default) .elementor-drop-cap{margin-top:8px}.elementor-widget-text-editor:not(.elementor-drop-cap-view-default) .elementor-drop-cap-letter{width:1em;height:1em}.elementor-widget-text-editor .elementor-drop-cap{float:left;text-align:center;line-height:1;font-size:50px}.elementor-widget-text-editor .elementor-drop-cap-letter{display:inline-block}<\/style>\t\t\t\t<p><strong>*Adem\u00e1s proyectar plantas tratadoras de aguas residuales y acciones contra la contaminaci\u00f3n en la regi\u00f3n.<\/strong><\/p><p><strong>Tula de Allende, Hgo., 4 de marzo 2023.- <\/strong>La candidata presidencial del Movimiento Regeneraci\u00f3n Nacional (Morena), Claudia Sheinbaum Pardo, prometi\u00f3 que en caso de ganar los comicios del pr\u00f3ximo 2 de junio descontaminar\u00e1 al r\u00edo Tula, adem\u00e1s de desarrollar un proyecto de plantas tratadoras de aguas residuales y establecer acciones para atender el problema de la contaminaci\u00f3n en la regi\u00f3n.<\/p><p>Durante su visita por el municipio de Tula, la ex jefa de Gobierno de la Ciudad de M\u00e9xico sostuvo que el tema ambiental ser\u00e1 una de sus prioridades en su gesti\u00f3n, aunque no detall\u00f3 la forma en la que solucionar\u00e1 la problem\u00e1tica que ha padecido la entidad desde hace a\u00f1os.<\/p><p>La abanderada de Morena refiri\u00f3 que una vez que gane la contienda retornar\u00e1 a Tula como presidenta electa para dar a conocer un plan para atender la situaci\u00f3n ambiental del municipio, aunado a que construir\u00e1 un plantel de la Universidad Rosario Castellanos en el municipio, el mismo modelo que implement\u00f3 cuando fue jefa de Gobierno de la capital del pa\u00eds.<\/p><p>De acuerdo con Sheinbaum Pardo, ampliar\u00e1 la red de universidades p\u00fablicas y preparatorias en el pa\u00eds de forma gratuita, ya que record\u00f3 que cuando fue dirigente estudiantil estuvo en contra de las cuotas en la Universidad Nacional Aut\u00f3noma de M\u00e9xico (UNAM).<\/p><p>De la misma manera, aumentar\u00e1n los apoyos econ\u00f3micos para que los j\u00f3venes universitarios puedan continuar con sus estudios y para ello asever\u00f3 que no se cobrar\u00e1n cuotas en ninguna universidad p\u00fablica del pa\u00eds, aunado a que tambi\u00e9n otorgar\u00e1n becas para todos los estudiantes desde el preescolar hasta el bachillerato de forma universal cada mes.<\/p><p>Asimismo, se comprometi\u00f3 a consolidar el sistema de salud que inici\u00f3 el presidente de M\u00e9xico, Andr\u00e9s Manuel L\u00f3pez Obrador, con el llamado IMSS-Bienestar en el que se garantice el acceso a medicamentos gratuitos a todas las personas en el pa\u00eds, aunque ante las peticiones de construir un nuevo hospital en Tula, coment\u00f3 que analizar\u00e1n la posibilidad del mismo.<\/p><p>Afirm\u00f3 que a partir del pr\u00f3ximo a\u00f1o destinar\u00e1n pensiones para m\u00e1s de un mill\u00f3n de mujeres de entre 60 y 64 a\u00f1os de edad en el pa\u00eds, aunado a que consolidar\u00e1 y ampliar\u00e1 los actuales programas del Bienestar como \u201cSembrando Vida\u201d, \u201cJ\u00f3venes Construyendo el Futuro\u201d, entre otros.<\/p><p>Tambi\u00e9n afirm\u00f3 que desarrollar\u00e1 siete proyectos de trenes de pasajeros en el siguiente sexenio, entre los que destaca la construcci\u00f3n del tren AIFA-Ciudad de M\u00e9xico-Pachuca, con lo cual conectar\u00e1 al nuevo puerto a\u00e9reo que se construy\u00f3 en el actual sexenio, adem\u00e1s del desarrollo del Tren Maya y el Puerto Interoce\u00e1nico.<\/p><p>En el evento acudieron los aspirantes al Senado por Morena, Simey Olvera Bautista y Cuauht\u00e9moc Ochoa, as\u00ed como las candidatas a diputaciones federales como fueron Araceli Beltr\u00e1n por Ixmiquilpan; Tatiana \u00c1ngeles por Actopan, Alma Lidia de la Vega por Tulancingo, Viridiana Cornejo por Tula, as\u00ed como Mirna Mar\u00eda de la Luz Rubio por Tepeapulco y Ricarco Crespo de Pachuca, sin embargo, el \u00fanico ausente fue Daniel Andrade por Huejutla, quien ha sido acusado de la violaci\u00f3n de una mujer.<\/p><p>Adem\u00e1s, estuvieron presentes el dirigente estatal de Morena, Marco Antonio Rico Mercado; as\u00ed como los coordinadores de campa\u00f1a de Claudia Sheinbaum, Ricardo Monreal y Manuel Velasco.<\/p>\t\t\t\t\t\t<\/div>\n\t\t\t\t<\/div>\n\t\t\t\t\t<\/div>\n\t\t<\/div>\n\t\t\t\t\t\t\t<\/div>\n\t\t<\/section>\n\t\t\t\t\t\t\t<\/div>\n\t\t","protected":false},"excerpt":{"rendered":"<p>*Adem\u00e1s proyectar plantas tratadoras de aguas residuales y acciones contra la contaminaci\u00f3n en la regi\u00f3n. Tula de Allende, Hgo., 4 de marzo 2023.- La candidata presidencial del Movimiento Regeneraci\u00f3n Nacional (Morena), Claudia Sheinbaum Pardo, prometi\u00f3 que en caso de ganar los comicios del pr\u00f3ximo 2 de junio descontaminar\u00e1 al r\u00edo Tula, adem\u00e1s de desarrollar un [&hellip;]<\/p>\n","protected":false},"author":1,"featured_media":44127,"comment_status":"closed","ping_status":"open","sticky":false,"template":"","format":"standard","meta":[],"categories":[9],"tags":[],"_links":{"self":[{"href":"https:\/\/www.septinoticias.com.mx\/index.php?rest_route=\/wp\/v2\/posts\/44125"}],"collection":[{"href":"https:\/\/www.septinoticias.com.mx\/index.php?rest_route=\/wp\/v2\/posts"}],"about":[{"href":"https:\/\/www.septinoticias.com.mx\/index.php?rest_route=\/wp\/v2\/types\/post"}],"author":[{"embeddable":true,"href":"https:\/\/www.septinoticias.com.mx\/index.php?rest_route=\/wp\/v2\/users\/1"}],"replies":[{"embeddable":true,"href":"https:\/\/www.septinoticias.com.mx\/index.php?rest_route=%2Fwp%2Fv2%2Fcomments&post=44125"}],"version-history":[{"count":4,"href":"https:\/\/www.septinoticias.com.mx\/index.php?rest_route=\/wp\/v2\/posts\/44125\/revisions"}],"predecessor-version":[{"id":44130,"href":"https:\/\/www.septinoticias.com.mx\/index.php?rest_route=\/wp\/v2\/posts\/44125\/revisions\/44130"}],"wp:featuredmedia":[{"embeddable":true,"href":"https:\/\/www.septinoticias.com.mx\/index.php?rest_route=\/wp\/v2\/media\/44127"}],"wp:attachment":[{"href":"https:\/\/www.septinoticias.com.mx\/index.php?rest_route=%2Fwp%2Fv2%2Fmedia&parent=44125"}],"wp:term":[{"taxonomy":"category","embeddable":true,"href":"https:\/\/www.septinoticias.com.mx\/index.php?rest_route=%2Fwp%2Fv2%2Fcategories&post=44125"},{"taxonomy":"post_tag","embeddable":true,"href":"https:\/\/www.septinoticias.com.mx\/index.php?rest_route=%2Fwp%2Fv2%2Ftags&post=44125"}],"curies":[{"name":"wp","href":"https:\/\/api.w.org\/{rel}","templated":true}]}}