{"id":44100,"date":"2024-03-05T17:26:10","date_gmt":"2024-03-05T17:26:10","guid":{"rendered":"https:\/\/www.septinoticias.com.mx\/?p=44100"},"modified":"2024-03-05T17:30:55","modified_gmt":"2024-03-05T17:30:55","slug":"los-derechos-humanos-una-prioridad-desde-el-senado-adriana-flores","status":"publish","type":"post","link":"https:\/\/www.septinoticias.com.mx\/?p=44100","title":{"rendered":"Los Derechos Humanos, Una Prioridad Desde el Senado: Adriana Flores"},"content":{"rendered":"\t\t<div data-elementor-type=\"wp-post\" data-elementor-id=\"44100\" class=\"elementor elementor-44100\">\n\t\t\t\t\t\t\t\t\t<section class=\"elementor-section elementor-top-section elementor-element elementor-element-20bbcd3b elementor-section-boxed elementor-section-height-default elementor-section-height-default\" data-id=\"20bbcd3b\" data-element_type=\"section\">\n\t\t\t\t\t\t<div class=\"elementor-container elementor-column-gap-default\">\n\t\t\t\t\t<div class=\"elementor-column elementor-col-100 elementor-top-column elementor-element elementor-element-33be02ef\" data-id=\"33be02ef\" data-element_type=\"column\">\n\t\t\t<div class=\"elementor-widget-wrap elementor-element-populated\">\n\t\t\t\t\t\t\t\t<div class=\"elementor-element elementor-element-6c4a91f9 elementor-widget elementor-widget-text-editor\" data-id=\"6c4a91f9\" data-element_type=\"widget\" data-widget_type=\"text-editor.default\">\n\t\t\t\t<div class=\"elementor-widget-container\">\n\t\t\t<style>\/*! elementor - v3.10.1 - 17-01-2023 *\/\n.elementor-widget-text-editor.elementor-drop-cap-view-stacked .elementor-drop-cap{background-color:#818a91;color:#fff}.elementor-widget-text-editor.elementor-drop-cap-view-framed .elementor-drop-cap{color:#818a91;border:3px solid;background-color:transparent}.elementor-widget-text-editor:not(.elementor-drop-cap-view-default) .elementor-drop-cap{margin-top:8px}.elementor-widget-text-editor:not(.elementor-drop-cap-view-default) .elementor-drop-cap-letter{width:1em;height:1em}.elementor-widget-text-editor .elementor-drop-cap{float:left;text-align:center;line-height:1;font-size:50px}.elementor-widget-text-editor .elementor-drop-cap-letter{display:inline-block}<\/style>\t\t\t\t<p><strong>&#8211;\u00a0 Busca candidata naranja promover el cumplimento irrestricto de los derechos de las personas.<\/strong><\/p><p><strong>&#8211;\u00a0 Como Senadora, tendr\u00e1 voluntad social para promover los derechos de todas y todos.<\/strong><\/p><p><strong>Pachuca Hgo; 4 de Marzo del 2024.-<\/strong>Consciente de las brechas sociales, donde la desigualdad y las asimetr\u00edas, son producto de la corrupci\u00f3n y opacidad pol\u00edtica que creo el antiguo r\u00e9gimen, vulnerando los derechos humanos y la dignidad de pueblo, la candidata al Senado de la Rep\u00fablica por el partido Movimiento Ciudadano Adriana Flores, promover\u00e1 desde la C\u00e1mara Alta, el respeto irrestricto de los derechos de las personas.<\/p><p>Esta flagrante violaci\u00f3n a los derechos humanos en Hidalgo se presenta en la segmentaci\u00f3n econ\u00f3mica, donde la pobreza y la miseria son el reflejo de una pol\u00edtica que crea desigualdad social; donde en cada comunidad y regi\u00f3n mujeres y hombres han sido marginados del progreso social. Por ello, Adriana Flores, considera indispensable la representatividad desde el Senado de la Rep\u00fablica para promover el cumplimiento de este derecho inalienable.<\/p><p>\u201cMi lucha por los derechos humanos inici\u00f3 en b\u00fasqueda de la igualdad social entre mujeres y hombres desde la reivindicaci\u00f3n de los pueblos originarios, a igualdad de g\u00e9nero, el valor de los adultos mayores, la protecci\u00f3n del Estado para personas que presentan alguna discapacidad, la generaci\u00f3n de oportunidades para las y los j\u00f3venes y, la felicidad de nuestras ni\u00f1as y ni\u00f1os y por supuesto en defensa de las mujeres\u201d.<\/p><p>Adriana Flores, puntualiz\u00f3 que como Senadora tendr\u00e1 rostro y voluntad social para proteger los derechos humanos de las y los hidalguenses; donde no existan ciudadanas y ciudadanos de segunda, con derechos parciales o desiguales; donde los votantes se empoderen en una gesti\u00f3n con rostro humano y valor social.<\/p><p>\u201cMi prioridad en materia de derechos humanos es garantizar la libertad, la justicia y la paz de mujeres y hombres en Hidalgo, como valores inherentes donde la dignidad e igualdad sean concebidos como valores inherentes e inalienables de todo ser humano\u201d.<\/p><p>La candidata de Movimiento Ciudadano, sigue su gira en el estado de Hidalgo, para llevar sus propuestas de campa\u00f1a y recoger las inquietudes ciudadanas para poder construir una agenda legislativa congruente, hecha a la medida de las y los hidalguenses, quienes en estos primeros d\u00edas de campa\u00f1a le han expresado apoyo a su proyecto Flores para Hidalgo.<\/p>\t\t\t\t\t\t<\/div>\n\t\t\t\t<\/div>\n\t\t\t\t\t<\/div>\n\t\t<\/div>\n\t\t\t\t\t\t\t<\/div>\n\t\t<\/section>\n\t\t\t\t<section class=\"elementor-section elementor-top-section elementor-element elementor-element-7f94000 elementor-section-boxed elementor-section-height-default elementor-section-height-default\" data-id=\"7f94000\" data-element_type=\"section\">\n\t\t\t\t\t\t<div class=\"elementor-container elementor-column-gap-default\">\n\t\t\t\t\t<div class=\"elementor-column elementor-col-100 elementor-top-column elementor-element elementor-element-a42e622\" data-id=\"a42e622\" data-element_type=\"column\">\n\t\t\t<div class=\"elementor-widget-wrap elementor-element-populated\">\n\t\t\t\t\t\t\t\t<div class=\"elementor-element elementor-element-e7d63ae elementor-aspect-ratio-169 elementor-widget elementor-widget-video\" data-id=\"e7d63ae\" data-element_type=\"widget\" data-settings=\"{&quot;youtube_url&quot;:&quot;https:\\\/\\\/youtu.be\\\/CRax_M0WOEQ&quot;,&quot;video_type&quot;:&quot;youtube&quot;,&quot;controls&quot;:&quot;yes&quot;,&quot;aspect_ratio&quot;:&quot;169&quot;}\" data-widget_type=\"video.default\">\n\t\t\t\t<div class=\"elementor-widget-container\">\n\t\t\t<style>\/*! elementor - v3.10.1 - 17-01-2023 *\/\n.elementor-widget-video .elementor-widget-container{overflow:hidden;transform:translateZ(0)}.elementor-widget-video .elementor-open-inline .elementor-custom-embed-image-overlay{position:absolute;top:0;left:0;width:100%;height:100%;background-size:cover;background-position:50%}.elementor-widget-video .elementor-custom-embed-image-overlay{cursor:pointer;text-align:center}.elementor-widget-video .elementor-custom-embed-image-overlay:hover .elementor-custom-embed-play i{opacity:1}.elementor-widget-video .elementor-custom-embed-image-overlay img{display:block;width:100%}.elementor-widget-video .e-hosted-video .elementor-video{-o-object-fit:cover;object-fit:cover}.e-con-inner>.elementor-widget-video,.e-con>.elementor-widget-video{width:var(--container-widget-width);--flex-grow:var(--container-widget-flex-grow)}<\/style>\t\t<div class=\"elementor-wrapper elementor-fit-aspect-ratio elementor-open-inline\">\n\t\t\t<div class=\"elementor-video\"><\/div>\t\t<\/div>\n\t\t\t\t<\/div>\n\t\t\t\t<\/div>\n\t\t\t\t\t<\/div>\n\t\t<\/div>\n\t\t\t\t\t\t\t<\/div>\n\t\t<\/section>\n\t\t\t\t\t\t\t<\/div>\n\t\t","protected":false},"excerpt":{"rendered":"<p>&#8211;\u00a0 Busca candidata naranja promover el cumplimento irrestricto de los derechos de las personas. &#8211;\u00a0 Como Senadora, tendr\u00e1 voluntad social para promover los derechos de todas y todos. Pachuca Hgo; 4 de Marzo del 2024.-Consciente de las brechas sociales, donde la desigualdad y las asimetr\u00edas, son producto de la corrupci\u00f3n y opacidad pol\u00edtica que creo [&hellip;]<\/p>\n","protected":false},"author":1,"featured_media":44102,"comment_status":"closed","ping_status":"open","sticky":false,"template":"","format":"standard","meta":[],"categories":[8],"tags":[],"_links":{"self":[{"href":"https:\/\/www.septinoticias.com.mx\/index.php?rest_route=\/wp\/v2\/posts\/44100"}],"collection":[{"href":"https:\/\/www.septinoticias.com.mx\/index.php?rest_route=\/wp\/v2\/posts"}],"about":[{"href":"https:\/\/www.septinoticias.com.mx\/index.php?rest_route=\/wp\/v2\/types\/post"}],"author":[{"embeddable":true,"href":"https:\/\/www.septinoticias.com.mx\/index.php?rest_route=\/wp\/v2\/users\/1"}],"replies":[{"embeddable":true,"href":"https:\/\/www.septinoticias.com.mx\/index.php?rest_route=%2Fwp%2Fv2%2Fcomments&post=44100"}],"version-history":[{"count":4,"href":"https:\/\/www.septinoticias.com.mx\/index.php?rest_route=\/wp\/v2\/posts\/44100\/revisions"}],"predecessor-version":[{"id":44105,"href":"https:\/\/www.septinoticias.com.mx\/index.php?rest_route=\/wp\/v2\/posts\/44100\/revisions\/44105"}],"wp:featuredmedia":[{"embeddable":true,"href":"https:\/\/www.septinoticias.com.mx\/index.php?rest_route=\/wp\/v2\/media\/44102"}],"wp:attachment":[{"href":"https:\/\/www.septinoticias.com.mx\/index.php?rest_route=%2Fwp%2Fv2%2Fmedia&parent=44100"}],"wp:term":[{"taxonomy":"category","embeddable":true,"href":"https:\/\/www.septinoticias.com.mx\/index.php?rest_route=%2Fwp%2Fv2%2Fcategories&post=44100"},{"taxonomy":"post_tag","embeddable":true,"href":"https:\/\/www.septinoticias.com.mx\/index.php?rest_route=%2Fwp%2Fv2%2Ftags&post=44100"}],"curies":[{"name":"wp","href":"https:\/\/api.w.org\/{rel}","templated":true}]}}