{"id":44094,"date":"2024-03-05T17:25:22","date_gmt":"2024-03-05T17:25:22","guid":{"rendered":"https:\/\/www.septinoticias.com.mx\/?p=44094"},"modified":"2024-03-05T17:26:07","modified_gmt":"2024-03-05T17:26:07","slug":"propone-diputada-establecer-el-dia-del-maguey","status":"publish","type":"post","link":"https:\/\/www.septinoticias.com.mx\/?p=44094","title":{"rendered":"Propone Diputada Establecer el \u201cDia del Maguey\u201d"},"content":{"rendered":"\t\t<div data-elementor-type=\"wp-post\" data-elementor-id=\"44094\" class=\"elementor elementor-44094\">\n\t\t\t\t\t\t\t\t\t<section class=\"elementor-section elementor-top-section elementor-element elementor-element-20bbcd3b elementor-section-boxed elementor-section-height-default elementor-section-height-default\" data-id=\"20bbcd3b\" data-element_type=\"section\">\n\t\t\t\t\t\t<div class=\"elementor-container elementor-column-gap-default\">\n\t\t\t\t\t<div class=\"elementor-column elementor-col-100 elementor-top-column elementor-element elementor-element-33be02ef\" data-id=\"33be02ef\" data-element_type=\"column\">\n\t\t\t<div class=\"elementor-widget-wrap elementor-element-populated\">\n\t\t\t\t\t\t\t\t<div class=\"elementor-element elementor-element-6c4a91f9 elementor-widget elementor-widget-text-editor\" data-id=\"6c4a91f9\" data-element_type=\"widget\" data-widget_type=\"text-editor.default\">\n\t\t\t\t<div class=\"elementor-widget-container\">\n\t\t\t<style>\/*! elementor - v3.10.1 - 17-01-2023 *\/\n.elementor-widget-text-editor.elementor-drop-cap-view-stacked .elementor-drop-cap{background-color:#818a91;color:#fff}.elementor-widget-text-editor.elementor-drop-cap-view-framed .elementor-drop-cap{color:#818a91;border:3px solid;background-color:transparent}.elementor-widget-text-editor:not(.elementor-drop-cap-view-default) .elementor-drop-cap{margin-top:8px}.elementor-widget-text-editor:not(.elementor-drop-cap-view-default) .elementor-drop-cap-letter{width:1em;height:1em}.elementor-widget-text-editor .elementor-drop-cap{float:left;text-align:center;line-height:1;font-size:50px}.elementor-widget-text-editor .elementor-drop-cap-letter{display:inline-block}<\/style>\t\t\t\t<p><strong>Pachuca, Hgo., 4 de marzo del 2024<\/strong>.- En sesi\u00f3n legislativa, despu\u00e9s de aprobar la orden del d\u00eda, la diputada plurinominal Roc\u00edo Jaqueline Sosa Jim\u00e9nez dio lectura a la iniciativa con proyecto de decreto para establecer el D\u00eda del Maguey en el Estado de Hidalgo, que tiene como objetivo reconocer la importancia hist\u00f3rica, ecol\u00f3gica, econ\u00f3mica, social y cultural del maguey en la regi\u00f3n.<\/p><p>Durante la exposici\u00f3n de motivos, Sosa Jim\u00e9nez se\u00f1al\u00f3 que esta propuesta se fundamenta en la amplia tradici\u00f3n del maguey en la regi\u00f3n y busca honrar este elemento central en la identidad y econom\u00eda hidalguense, adem\u00e1s de que es una planta fundamental en la historia y la vida cotidiana del estado de Hidalgo. &#8220;Podr\u00eda contar con un d\u00eda especial de conmemoraci\u00f3n gracias a una iniciativa presentada por destacados legisladores estatales&#8221;. Se\u00f1al\u00f3 que la propuesta busca no solo reconocer la labor de los productores y la relevancia econ\u00f3mica del maguey, sino tambi\u00e9n resaltar su papel en la conservaci\u00f3n ambiental y el desarrollo sostenible. Con este paso, Hidalgo se encamina hacia el reconocimiento formal de una tradici\u00f3n arraigada en la identidad estatal y en la historia de M\u00e9xico.<\/p>\t\t\t\t\t\t<\/div>\n\t\t\t\t<\/div>\n\t\t\t\t\t<\/div>\n\t\t<\/div>\n\t\t\t\t\t\t\t<\/div>\n\t\t<\/section>\n\t\t\t\t\t\t\t<\/div>\n\t\t","protected":false},"excerpt":{"rendered":"<p>Pachuca, Hgo., 4 de marzo del 2024.- En sesi\u00f3n legislativa, despu\u00e9s de aprobar la orden del d\u00eda, la diputada plurinominal Roc\u00edo Jaqueline Sosa Jim\u00e9nez dio lectura a la iniciativa con proyecto de decreto para establecer el D\u00eda del Maguey en el Estado de Hidalgo, que tiene como objetivo reconocer la importancia hist\u00f3rica, ecol\u00f3gica, econ\u00f3mica, social [&hellip;]<\/p>\n","protected":false},"author":1,"featured_media":44096,"comment_status":"closed","ping_status":"open","sticky":false,"template":"","format":"standard","meta":[],"categories":[9],"tags":[],"_links":{"self":[{"href":"https:\/\/www.septinoticias.com.mx\/index.php?rest_route=\/wp\/v2\/posts\/44094"}],"collection":[{"href":"https:\/\/www.septinoticias.com.mx\/index.php?rest_route=\/wp\/v2\/posts"}],"about":[{"href":"https:\/\/www.septinoticias.com.mx\/index.php?rest_route=\/wp\/v2\/types\/post"}],"author":[{"embeddable":true,"href":"https:\/\/www.septinoticias.com.mx\/index.php?rest_route=\/wp\/v2\/users\/1"}],"replies":[{"embeddable":true,"href":"https:\/\/www.septinoticias.com.mx\/index.php?rest_route=%2Fwp%2Fv2%2Fcomments&post=44094"}],"version-history":[{"count":4,"href":"https:\/\/www.septinoticias.com.mx\/index.php?rest_route=\/wp\/v2\/posts\/44094\/revisions"}],"predecessor-version":[{"id":44099,"href":"https:\/\/www.septinoticias.com.mx\/index.php?rest_route=\/wp\/v2\/posts\/44094\/revisions\/44099"}],"wp:featuredmedia":[{"embeddable":true,"href":"https:\/\/www.septinoticias.com.mx\/index.php?rest_route=\/wp\/v2\/media\/44096"}],"wp:attachment":[{"href":"https:\/\/www.septinoticias.com.mx\/index.php?rest_route=%2Fwp%2Fv2%2Fmedia&parent=44094"}],"wp:term":[{"taxonomy":"category","embeddable":true,"href":"https:\/\/www.septinoticias.com.mx\/index.php?rest_route=%2Fwp%2Fv2%2Fcategories&post=44094"},{"taxonomy":"post_tag","embeddable":true,"href":"https:\/\/www.septinoticias.com.mx\/index.php?rest_route=%2Fwp%2Fv2%2Ftags&post=44094"}],"curies":[{"name":"wp","href":"https:\/\/api.w.org\/{rel}","templated":true}]}}