{"id":44076,"date":"2024-03-05T17:18:44","date_gmt":"2024-03-05T17:18:44","guid":{"rendered":"https:\/\/www.septinoticias.com.mx\/?p=44076"},"modified":"2024-03-05T17:20:00","modified_gmt":"2024-03-05T17:20:00","slug":"propuestas-serias-contra-la-crisis-del-campo-exigen-productores-a-candidatos-presidenciales","status":"publish","type":"post","link":"https:\/\/www.septinoticias.com.mx\/?p=44076","title":{"rendered":"\u201cPropuestas Serias Contra la Crisis del Campo, Exigen Productores a Candidatos Presidenciales\u201d."},"content":{"rendered":"\t\t<div data-elementor-type=\"wp-post\" data-elementor-id=\"44076\" class=\"elementor elementor-44076\">\n\t\t\t\t\t\t\t\t\t<section class=\"elementor-section elementor-top-section elementor-element elementor-element-20bbcd3b elementor-section-boxed elementor-section-height-default elementor-section-height-default\" data-id=\"20bbcd3b\" data-element_type=\"section\">\n\t\t\t\t\t\t<div class=\"elementor-container elementor-column-gap-default\">\n\t\t\t\t\t<div class=\"elementor-column elementor-col-100 elementor-top-column elementor-element elementor-element-33be02ef\" data-id=\"33be02ef\" data-element_type=\"column\">\n\t\t\t<div class=\"elementor-widget-wrap elementor-element-populated\">\n\t\t\t\t\t\t\t\t<div class=\"elementor-element elementor-element-6c4a91f9 elementor-widget elementor-widget-text-editor\" data-id=\"6c4a91f9\" data-element_type=\"widget\" data-widget_type=\"text-editor.default\">\n\t\t\t\t<div class=\"elementor-widget-container\">\n\t\t\t<style>\/*! elementor - v3.10.1 - 17-01-2023 *\/\n.elementor-widget-text-editor.elementor-drop-cap-view-stacked .elementor-drop-cap{background-color:#818a91;color:#fff}.elementor-widget-text-editor.elementor-drop-cap-view-framed .elementor-drop-cap{color:#818a91;border:3px solid;background-color:transparent}.elementor-widget-text-editor:not(.elementor-drop-cap-view-default) .elementor-drop-cap{margin-top:8px}.elementor-widget-text-editor:not(.elementor-drop-cap-view-default) .elementor-drop-cap-letter{width:1em;height:1em}.elementor-widget-text-editor .elementor-drop-cap{float:left;text-align:center;line-height:1;font-size:50px}.elementor-widget-text-editor .elementor-drop-cap-letter{display:inline-block}<\/style>\t\t\t\t<p><strong>Pachuca, Hgo., 4 de marzo de 2024.-<\/strong>En el arranque de las campa\u00f1as rumbo a los comicios del 2 de junio, productores del agro nacional urgieron a los tres aspirantes a la Presidencia de la Rep\u00fablica a presentar propuestas de gobierno serias y solidarias para sacar al campo de la crisis en que est\u00e1 inmerso por la falta de agua, la inseguridad e insuficientes apoyos, y ofrecieron trabajar de la mano con quien a partir del 1 de octubre asuma las riendas del pa\u00eds.<\/p><p>\u201cNadie puede ocultar la cruda situaci\u00f3n en el campo. Los efectos del cambio clim\u00e1tico est\u00e1n haciendo estragos en nuestras tierras y ganado; en algunas regiones la delincuencia tiene contra la pared a los productores, y los apoyos que se reciben para la producci\u00f3n y comercializaci\u00f3n siguen siendo insuficientes. Sin campo, no hay futuro\u201d, establecieron.<\/p><p>Por ello, para trabajar con los tres aspirantes presidenciales, el Movimiento Nacional #PorNuestroCampo instal\u00f3 su Consejo Consultivo integrado por expertos en disciplinas como la ciencia y tecnolog\u00eda, la hidrolog\u00eda, la seguridad y los mercados agr\u00edcolas, entre otras, quienes aportar\u00e1n ideas y experiencias para devolverle al campo su sitio como motor de la econom\u00eda nacional, y garantizar alimentos para las presentes y futuras generaciones.<\/p><p>En espera de que el material le resulte interesante para su difusi\u00f3n, me reitero a la orden.<\/p>\t\t\t\t\t\t<\/div>\n\t\t\t\t<\/div>\n\t\t\t\t\t<\/div>\n\t\t<\/div>\n\t\t\t\t\t\t\t<\/div>\n\t\t<\/section>\n\t\t\t\t\t\t\t<\/div>\n\t\t","protected":false},"excerpt":{"rendered":"<p>Pachuca, Hgo., 4 de marzo de 2024.-En el arranque de las campa\u00f1as rumbo a los comicios del 2 de junio, productores del agro nacional urgieron a los tres aspirantes a la Presidencia de la Rep\u00fablica a presentar propuestas de gobierno serias y solidarias para sacar al campo de la crisis en que est\u00e1 inmerso por [&hellip;]<\/p>\n","protected":false},"author":1,"featured_media":44078,"comment_status":"closed","ping_status":"open","sticky":false,"template":"","format":"standard","meta":[],"categories":[9],"tags":[],"_links":{"self":[{"href":"https:\/\/www.septinoticias.com.mx\/index.php?rest_route=\/wp\/v2\/posts\/44076"}],"collection":[{"href":"https:\/\/www.septinoticias.com.mx\/index.php?rest_route=\/wp\/v2\/posts"}],"about":[{"href":"https:\/\/www.septinoticias.com.mx\/index.php?rest_route=\/wp\/v2\/types\/post"}],"author":[{"embeddable":true,"href":"https:\/\/www.septinoticias.com.mx\/index.php?rest_route=\/wp\/v2\/users\/1"}],"replies":[{"embeddable":true,"href":"https:\/\/www.septinoticias.com.mx\/index.php?rest_route=%2Fwp%2Fv2%2Fcomments&post=44076"}],"version-history":[{"count":4,"href":"https:\/\/www.septinoticias.com.mx\/index.php?rest_route=\/wp\/v2\/posts\/44076\/revisions"}],"predecessor-version":[{"id":44081,"href":"https:\/\/www.septinoticias.com.mx\/index.php?rest_route=\/wp\/v2\/posts\/44076\/revisions\/44081"}],"wp:featuredmedia":[{"embeddable":true,"href":"https:\/\/www.septinoticias.com.mx\/index.php?rest_route=\/wp\/v2\/media\/44078"}],"wp:attachment":[{"href":"https:\/\/www.septinoticias.com.mx\/index.php?rest_route=%2Fwp%2Fv2%2Fmedia&parent=44076"}],"wp:term":[{"taxonomy":"category","embeddable":true,"href":"https:\/\/www.septinoticias.com.mx\/index.php?rest_route=%2Fwp%2Fv2%2Fcategories&post=44076"},{"taxonomy":"post_tag","embeddable":true,"href":"https:\/\/www.septinoticias.com.mx\/index.php?rest_route=%2Fwp%2Fv2%2Ftags&post=44076"}],"curies":[{"name":"wp","href":"https:\/\/api.w.org\/{rel}","templated":true}]}}