{"id":44070,"date":"2024-03-05T17:17:33","date_gmt":"2024-03-05T17:17:33","guid":{"rendered":"https:\/\/www.septinoticias.com.mx\/?p=44070"},"modified":"2024-03-05T17:18:24","modified_gmt":"2024-03-05T17:18:24","slug":"advierten-sobre-riesgo-por-exposicion-a-radiacion-solar","status":"publish","type":"post","link":"https:\/\/www.septinoticias.com.mx\/?p=44070","title":{"rendered":"Advierten Sobre Riesgo Por Exposici\u00f3n a Radiaci\u00f3n Solar"},"content":{"rendered":"\t\t<div data-elementor-type=\"wp-post\" data-elementor-id=\"44070\" class=\"elementor elementor-44070\">\n\t\t\t\t\t\t\t\t\t<section class=\"elementor-section elementor-top-section elementor-element elementor-element-20bbcd3b elementor-section-boxed elementor-section-height-default elementor-section-height-default\" data-id=\"20bbcd3b\" data-element_type=\"section\">\n\t\t\t\t\t\t<div class=\"elementor-container elementor-column-gap-default\">\n\t\t\t\t\t<div class=\"elementor-column elementor-col-100 elementor-top-column elementor-element elementor-element-33be02ef\" data-id=\"33be02ef\" data-element_type=\"column\">\n\t\t\t<div class=\"elementor-widget-wrap elementor-element-populated\">\n\t\t\t\t\t\t\t\t<div class=\"elementor-element elementor-element-6c4a91f9 elementor-widget elementor-widget-text-editor\" data-id=\"6c4a91f9\" data-element_type=\"widget\" data-widget_type=\"text-editor.default\">\n\t\t\t\t<div class=\"elementor-widget-container\">\n\t\t\t<style>\/*! elementor - v3.10.1 - 17-01-2023 *\/\n.elementor-widget-text-editor.elementor-drop-cap-view-stacked .elementor-drop-cap{background-color:#818a91;color:#fff}.elementor-widget-text-editor.elementor-drop-cap-view-framed .elementor-drop-cap{color:#818a91;border:3px solid;background-color:transparent}.elementor-widget-text-editor:not(.elementor-drop-cap-view-default) .elementor-drop-cap{margin-top:8px}.elementor-widget-text-editor:not(.elementor-drop-cap-view-default) .elementor-drop-cap-letter{width:1em;height:1em}.elementor-widget-text-editor .elementor-drop-cap{float:left;text-align:center;line-height:1;font-size:50px}.elementor-widget-text-editor .elementor-drop-cap-letter{display:inline-block}<\/style>\t\t\t\t<p><strong>*Piden a poblaci\u00f3n atenderse en caso de presentar cambios repentinos en la piel <\/strong><\/p><p><strong>Pachuca, Hgo., 4 de marzo de 2024.-<\/strong>Quedar expuesto a la inclemencia de los rayos ultravioleta (UV) podr\u00eda originar problemas dermatol\u00f3gicos, as\u00ed como la formaci\u00f3n de c\u00e9lulas malignas (cancerosas) en los tejidos de la piel. Ante estas condiciones los servicios de Salud en Hidalgo (SSH) recomiendan a la poblaci\u00f3n evitar los rayos solares por largos periodos, al igual que fuentes artificiales, como camas bronceadoras, entre otras.<\/p><p>Velia Islas Castelazo, coordinadora estatal de Mortalidad en la SSH, alert\u00f3 que cualquier persona puede desarrollar c\u00e1ncer de piel, pero hay individuos con ciertas caracter\u00edsticas que est\u00e1n en mayor riesgo, como la poblaci\u00f3n que tiene piel clara, pues la dermis es m\u00e1s f\u00e1cilmente que se queme, enrojezca o le salgan pecas, o que bajo el sol se siente adolorida.<\/p><p>\u201cLa piel es el \u00f3rgano m\u00e1s grande del cuerpo y 70 por ciento est\u00e1 compuesto por agua, adem\u00e1s, act\u00faa como una barrera de protecci\u00f3n ante cualquier cambio exterior y su funci\u00f3n, entre otras, es proteger al resto del organismo de las inclemencias meteorol\u00f3gicas\u201d, expuso.<\/p><p>La especialista indic\u00f3 que la exposici\u00f3n excesiva al sol, en ni\u00f1os y adolescentes, puede contribuir a que sufran c\u00e1ncer de piel en la edad adulta.<\/p><p>Como antecedente, en M\u00e9xico, se registran m\u00e1s de 11 mil casos de c\u00e1ncer en la piel al a\u00f1o. En tanto, en 2023, Hidalgo present\u00f3 30 defunciones por este padecimiento.<\/p><p>Islas Castelazo record\u00f3 que un cambio en la piel es el signo m\u00e1s com\u00fan de c\u00e1ncer. Estos cambios pueden ser una lesi\u00f3n nueva, una llaga que no cicatriza o un cambio en un lunar.<\/p><p>Ante las contrariedades que pudieran desprenderse de esta situaci\u00f3n, la SSH recomienda usar un sombrero de ala ancha para protegerse los ojos, la cara, las orejas y el cuello, utilizar gafas de sol envolventes que garanticen una protecci\u00f3n de 99 por ciento a 100 por ciento contra los rayos ultravioleta A y B, aplicarse protector solar de amplio espectro en las zonas de la piel que no se puedan cubrir con la ropa.<\/p><p>De igual forma, las personas deben limitar el tiempo de exposici\u00f3n al sol del mediod\u00eda, buscar la sombra, ponerse ropa protectora, beber ocho vasos de agua al d\u00eda para mantenerse correctamente hidratados y consumir alimentos que contengan vitamina A, C y antioxidantes.<\/p><p>Velia Islas recomend\u00f3 que, en caso de identificar enrojecimiento, oscurecimiento o entumecimiento de la piel, las personas deben acudir a la unidad de salud m\u00e1s cercana para ser valorado y recibir el tratamiento oportuno.<\/p>\t\t\t\t\t\t<\/div>\n\t\t\t\t<\/div>\n\t\t\t\t\t<\/div>\n\t\t<\/div>\n\t\t\t\t\t\t\t<\/div>\n\t\t<\/section>\n\t\t\t\t\t\t\t<\/div>\n\t\t","protected":false},"excerpt":{"rendered":"<p>*Piden a poblaci\u00f3n atenderse en caso de presentar cambios repentinos en la piel Pachuca, Hgo., 4 de marzo de 2024.-Quedar expuesto a la inclemencia de los rayos ultravioleta (UV) podr\u00eda originar problemas dermatol\u00f3gicos, as\u00ed como la formaci\u00f3n de c\u00e9lulas malignas (cancerosas) en los tejidos de la piel. Ante estas condiciones los servicios de Salud en [&hellip;]<\/p>\n","protected":false},"author":1,"featured_media":44072,"comment_status":"closed","ping_status":"open","sticky":false,"template":"","format":"standard","meta":[],"categories":[3],"tags":[],"_links":{"self":[{"href":"https:\/\/www.septinoticias.com.mx\/index.php?rest_route=\/wp\/v2\/posts\/44070"}],"collection":[{"href":"https:\/\/www.septinoticias.com.mx\/index.php?rest_route=\/wp\/v2\/posts"}],"about":[{"href":"https:\/\/www.septinoticias.com.mx\/index.php?rest_route=\/wp\/v2\/types\/post"}],"author":[{"embeddable":true,"href":"https:\/\/www.septinoticias.com.mx\/index.php?rest_route=\/wp\/v2\/users\/1"}],"replies":[{"embeddable":true,"href":"https:\/\/www.septinoticias.com.mx\/index.php?rest_route=%2Fwp%2Fv2%2Fcomments&post=44070"}],"version-history":[{"count":4,"href":"https:\/\/www.septinoticias.com.mx\/index.php?rest_route=\/wp\/v2\/posts\/44070\/revisions"}],"predecessor-version":[{"id":44075,"href":"https:\/\/www.septinoticias.com.mx\/index.php?rest_route=\/wp\/v2\/posts\/44070\/revisions\/44075"}],"wp:featuredmedia":[{"embeddable":true,"href":"https:\/\/www.septinoticias.com.mx\/index.php?rest_route=\/wp\/v2\/media\/44072"}],"wp:attachment":[{"href":"https:\/\/www.septinoticias.com.mx\/index.php?rest_route=%2Fwp%2Fv2%2Fmedia&parent=44070"}],"wp:term":[{"taxonomy":"category","embeddable":true,"href":"https:\/\/www.septinoticias.com.mx\/index.php?rest_route=%2Fwp%2Fv2%2Fcategories&post=44070"},{"taxonomy":"post_tag","embeddable":true,"href":"https:\/\/www.septinoticias.com.mx\/index.php?rest_route=%2Fwp%2Fv2%2Ftags&post=44070"}],"curies":[{"name":"wp","href":"https:\/\/api.w.org\/{rel}","templated":true}]}}